{"id":103674,"date":"2020-11-04T10:30:00","date_gmt":"2020-11-04T15:30:00","guid":{"rendered":"https:\/\/linitiative.ca\/International\/les-rajaouis-nont-pas-encore-dit-leur-dernier-mot\/"},"modified":"2020-11-04T10:30:00","modified_gmt":"2020-11-04T15:30:00","slug":"les-rajaouis-nont-pas-encore-dit-leur-dernier-mot","status":"publish","type":"post","link":"https:\/\/linitiative.ca\/International\/les-rajaouis-nont-pas-encore-dit-leur-dernier-mot\/","title":{"rendered":"Les Rajaouis n\u2019ont pas encore dit leur dernier mot"},"content":{"rendered":"<p class=\"p1 c3\"><span class=\"c2\">Pr\u00e9vue dans un premier temps le 23 octobre dernier, la demi-finale retour de la Ligue des Champions Africaine a \u00e9t\u00e9 report\u00e9e une premi\u00e8re fois au 1er de ce mois puis une seconde fois \u00e0 aujourd\u2019hui, 4 novembre et ce \u00e0 cause de la propagation de la pand\u00e9mie du sars covid 2 dans les rangs rajaouis. Le coup d\u2019envoi de cette seconde manche devant d\u00e9signer\u00a0lequel du Zamalek et du Raja qui aura \u00e0 affronter, le 27 novembre prochain en finale Al Ahly du Caire,\u00a0 tombeur du WAC dans l\u2019autre demi-finale, sera donn\u00e9 ce soir \u00e0 partir de 20h (heure tunisienne) au stade international du Caire.<\/span><\/p>\n<p class=\"p1 c3\"><span class=\"c2\">Vainqueur, \u00e0 l\u203aaller sur la pelouse du stade Mohamed V de Casablanca, sur le score de (1-0), but inscrit de la t\u00eate \u00e0 la 18 minute par Achraf Ben Charki, l\u2019ex soci\u00e9taire du WAC, le Zamalek a pris une s\u00e9rieuse option pour la finale. Mais le Raja et malgr\u00e9\u00a0les vicissitudes dues au coronavirus n\u2019a pas encore dit son dernier mot. Son entra\u00eeneur, Jamel Sellami, n\u2019est pas all\u00e9 de main morte en d\u00e9clarant \u00e0 la presse \u00e9gyptienne \u2018qu\u2019il est pratiquement confiant que son \u00e9quipe va rentrer d\u2019Egypte avec le billet de la finale. Pour esp\u00e9rer atteindre cet objectif, l\u2019entra\u00eeneur des \u2018Vert et Blanc\u2019 pourrait, \u00e0 l\u2019occasion, compter sur presque la totalit\u00e9 de son effectif apr\u00e8s le r\u00e9tablissement de tous les joueurs qui ont \u00e9t\u00e9 contamin\u00e9s au covid 19. A l\u2019exception cependant du gardien Anas Zniti, toujours positif au coronavirus. Aussi, c\u2019est son co\u00e9quipier et second, Mohamed Bouamira, qui aura la charge de le\u00a0suppl\u00e9er\u00a0dans la cage.<span class=\"Apple-converted-space\">\u00a0<\/span><\/span><\/p>\n<p class=\"p1 c3\"><span class=\"c2\">Tous les autres habituels titulaires de l\u2019\u00e9quipe tels que Badr Banoun qui portera \u00e0 partir de la saison prochaine la casque d\u2019Al Ahly du Caire, Mohsen Moutaoulli, Ben Melongo, Abdallah Hafidi, Soufiane Rahimi, Mohamed Zrida, Fabrice Ngouma, Anas Jabroun, Abdallah Madkour, Ayoub Nanah, Sana Ouarfelli, Soufiane Rahimi Zakaria Al Wardi et autre Hamid Ahaddad seront tous de la partie..<\/span><\/p>\n<p class=\"p2 c4\"><span class=\"c2\"><strong>Retour\u00a0de Sassi<span class=\"Apple-converted-space\">\u00a0<\/span><\/strong><\/span><\/p>\n<p class=\"p2 c4\"><span class=\"c2\"><strong>dans les rangs zamalkaouis<\/strong><\/span><\/p>\n<p class=\"p1 c3\"><span class=\"c2\">Le report \u00e0 deux reprises de la demi-finale retour a fait aussi l\u2019affaire du Zamalek qui a pu, entretemps, r\u00e9cup\u00e9rer certains de ses joueurs qui \u00e9taient confront\u00e9s \u00e0 des bobos de sant\u00e9, parmi lesquels on citera notamment l\u2019international tunisien Ferjani Sassi qui a \u00e9t\u00e9 contraint \u00e0 d\u00e9clarer forfait lors de la demi-finale aller \u00e0 cause d\u2019une contamination au covid 19.<span class=\"Apple-converted-space\">\u00a0<\/span><\/span><\/p>\n<p class=\"p1 c3\"><span class=\"c2\">Le nouvel entra\u00eeneur de la \u2018Citadelle Blanche\u2019, le Portugais Jaime Pacheca qui a remplac\u00e9 le Fran\u00e7ais Patrice Cart\u00e9ron\u00a0pass\u00e9 au club saoudien Attaawoune pourra compter aussi sur les services de son lat\u00e9ral gauche Hazem Imam, de son milieu de terrain Mahmoud Alaa et l\u2019attaquant Chikabala, tous les trois r\u00e9tablis d\u2019une blessure. SeulAhmed Esaayed Zizo, victime d\u2019une rupture des ligaments crois\u00e9s du genou et Mahmoud Al Winch qui souffre d\u2019une d\u00e9chirure du tendon du talon\u00a0seront absents.<\/span><\/p>\n<p class=\"p2 c4\"><span class=\"c2\"><strong>Patcheca\u00a0:\u00a0\u2039Nous ne jouerons<span class=\"Apple-converted-space\">\u00a0<\/span> que pour la victoire\u203a<\/strong><\/span><\/p>\n<p class=\"p1 c3\"><span class=\"c2\">\u00a0Par cons\u00e9quent, avec le retour de la plupart des joueurs qui \u00e9taient soit bless\u00e9s soit malades, le Portugais aura l\u203aembarras du choix pour la composition de son \u00e9quipe. Celle-ci pourrait toujours\u00a0 se contenter gr\u00e2ce \u00e0 sa victoire de l\u203aaller d\u203aun\u00a0match nul sur n\u203aimporte score pour assurer sa qualification. Mais Pacheca, en entra\u00eeneur averti a fermement attir\u00e9 l\u2019attention de ses joueurs sur le pi\u00e8ge de la facilit\u00e9 \u2018vous aurez\u00a0affaire\u00a0\u00e0 un adversaire diff\u00e9rent de celui que vous avez battu \u00e0 l\u2019aller\u2019 leur a-t-il\u00a0dit notamment. \u2018Il serait suicidaire de jouer pour le match nul. Nous jouons uniquement pour la victoire et nous avons les moyens pour atteindre cet objectif\u2019 a -t- il\u00a0not\u00e9 en substance \u00e0 cet \u00e9gard.<\/span><\/p>\n<p class=\"p3 c5\"><span class=\"c2\"><strong>Ameur KERKENNI<\/strong><\/span><\/p>\n<p>Auteur: letemps1<br \/>\n<a href=\"http:\/\/www.letemps.com.tn\/article\/117920\/les-rajaouis-n%E2%80%99ont-pas-encore-dit-leur-dernier-mot\">Cliquez ici pour lire l&rsquo;article depuis sa source.<\/a><\/p>\n","protected":false},"excerpt":{"rendered":"<p>Pr\u00e9vue dans un premier temps le 23 octobre dernier, la demi-finale retour de la Ligue des Champions Africaine a \u00e9t\u00e9 report\u00e9e une premi\u00e8re fois au 1er de ce mois puis une seconde fois \u00e0 aujourd\u2019hui, 4 novembre et ce \u00e0 cause de la propagation de la pand\u00e9mie du sars covid 2 dans les rangs rajaouis. [&hellip;]<\/p>\n","protected":false},"author":1773,"featured_media":0,"comment_status":"closed","ping_status":"closed","sticky":false,"template":"","format":"standard","meta":{"fifu_image_url":"","fifu_image_alt":"","footnotes":""},"categories":[73,55],"tags":[],"class_list":["post-103674","post","type-post","status-publish","format-standard","hentry","category-actualite","category-tunisie"],"_links":{"self":[{"href":"https:\/\/linitiative.ca\/International\/wp-json\/wp\/v2\/posts\/103674","targetHints":{"allow":["GET"]}}],"collection":[{"href":"https:\/\/linitiative.ca\/International\/wp-json\/wp\/v2\/posts"}],"about":[{"href":"https:\/\/linitiative.ca\/International\/wp-json\/wp\/v2\/types\/post"}],"author":[{"embeddable":true,"href":"https:\/\/linitiative.ca\/International\/wp-json\/wp\/v2\/users\/1773"}],"replies":[{"embeddable":true,"href":"https:\/\/linitiative.ca\/International\/wp-json\/wp\/v2\/comments?post=103674"}],"version-history":[{"count":0,"href":"https:\/\/linitiative.ca\/International\/wp-json\/wp\/v2\/posts\/103674\/revisions"}],"wp:attachment":[{"href":"https:\/\/linitiative.ca\/International\/wp-json\/wp\/v2\/media?parent=103674"}],"wp:term":[{"taxonomy":"category","embeddable":true,"href":"https:\/\/linitiative.ca\/International\/wp-json\/wp\/v2\/categories?post=103674"},{"taxonomy":"post_tag","embeddable":true,"href":"https:\/\/linitiative.ca\/International\/wp-json\/wp\/v2\/tags?post=103674"}],"curies":[{"name":"wp","href":"https:\/\/api.w.org\/{rel}","templated":true}]}}