{"id":103675,"date":"2020-11-04T10:30:00","date_gmt":"2020-11-04T15:30:00","guid":{"rendered":"https:\/\/linitiative.ca\/International\/pochettino-evoque-son-avenir\/"},"modified":"2020-11-04T10:30:00","modified_gmt":"2020-11-04T15:30:00","slug":"pochettino-evoque-son-avenir","status":"publish","type":"post","link":"https:\/\/linitiative.ca\/International\/pochettino-evoque-son-avenir\/","title":{"rendered":"Pochettino \u00e9voque son avenir"},"content":{"rendered":"<p class=\"p1 c3\"><span class=\"c2\">Certains peuvent consid\u00e9rer cette situation comme une h\u00e9r\u00e9sie : Mauricio Pochettino n\u2019a actuellement pas de club pr\u00eat \u00e0 lui offrir le poste d\u2019entra\u00eeneur. Apr\u00e8s avoir men\u00e9 Tottenham en finale de la Ligue des Champions, l\u2019entra\u00eeneur argentin a \u00e9t\u00e9 remplac\u00e9 par Jose Mourinho. Son nom a \u00e9t\u00e9 \u00e9voqu\u00e9 sur de nombreux bancs cet \u00e9t\u00e9 mais il n\u2019a sign\u00e9 nulle part.<\/span><\/p>\n<p class=\"p1 c3\"><span class=\"c2\">Il a donc le temps pour donner des interviews, comme sur\u00a0Sky Sports. Et il n\u2019h\u00e9site pas \u00e0 \u00e9voquer son avenir, et son envie de retrouver un banc :\u00a0<\/span><\/p>\n<p class=\"p1 c3\"><span class=\"c2\">\u00abje ne vais fermer aucune porte. J\u2019ai appris quand j\u2019\u00e9tais vraiment tr\u00e8s jeune, [l\u2019ancien entra\u00eeneur de Pochettino] Jorge Griffa disait: \u00abMauricio, le football va dicter ton chemin\u00bb. Et j\u2019attends de sentir quel est le bon projet pour moi, quelle est la bonne voie \u00e0 suivre. Mon \u00e9nergie est pleine, j\u2019adorerais \u00eatre impliqu\u00e9 dans le jeu mais en m\u00eame temps j\u2019ai besoin de comprendre que pour le moment, c\u2019est un bon moment pour prendre du recul \u00bb. Une pause pour revenir plus fort ? Encore faut-il revenir.<\/span><\/p>\n<p>Auteur: letemps1<br \/>\n<a href=\"http:\/\/www.letemps.com.tn\/article\/117921\/pochettino-%C3%A9voque-son-avenir\">Cliquez ici pour lire l&rsquo;article depuis sa source.<\/a><\/p>\n","protected":false},"excerpt":{"rendered":"<p>Certains peuvent consid\u00e9rer cette situation comme une h\u00e9r\u00e9sie : Mauricio Pochettino n\u2019a actuellement pas de club pr\u00eat \u00e0 lui offrir le poste d\u2019entra\u00eeneur. Apr\u00e8s avoir men\u00e9 Tottenham en finale de la Ligue des Champions, l\u2019entra\u00eeneur argentin a \u00e9t\u00e9 remplac\u00e9 par Jose Mourinho. Son nom a \u00e9t\u00e9 \u00e9voqu\u00e9 sur de nombreux bancs cet \u00e9t\u00e9 mais il [&hellip;]<\/p>\n","protected":false},"author":1773,"featured_media":0,"comment_status":"closed","ping_status":"closed","sticky":false,"template":"","format":"standard","meta":{"fifu_image_url":"","fifu_image_alt":"","footnotes":""},"categories":[73,55],"tags":[],"class_list":["post-103675","post","type-post","status-publish","format-standard","hentry","category-actualite","category-tunisie"],"_links":{"self":[{"href":"https:\/\/linitiative.ca\/International\/wp-json\/wp\/v2\/posts\/103675","targetHints":{"allow":["GET"]}}],"collection":[{"href":"https:\/\/linitiative.ca\/International\/wp-json\/wp\/v2\/posts"}],"about":[{"href":"https:\/\/linitiative.ca\/International\/wp-json\/wp\/v2\/types\/post"}],"author":[{"embeddable":true,"href":"https:\/\/linitiative.ca\/International\/wp-json\/wp\/v2\/users\/1773"}],"replies":[{"embeddable":true,"href":"https:\/\/linitiative.ca\/International\/wp-json\/wp\/v2\/comments?post=103675"}],"version-history":[{"count":0,"href":"https:\/\/linitiative.ca\/International\/wp-json\/wp\/v2\/posts\/103675\/revisions"}],"wp:attachment":[{"href":"https:\/\/linitiative.ca\/International\/wp-json\/wp\/v2\/media?parent=103675"}],"wp:term":[{"taxonomy":"category","embeddable":true,"href":"https:\/\/linitiative.ca\/International\/wp-json\/wp\/v2\/categories?post=103675"},{"taxonomy":"post_tag","embeddable":true,"href":"https:\/\/linitiative.ca\/International\/wp-json\/wp\/v2\/tags?post=103675"}],"curies":[{"name":"wp","href":"https:\/\/api.w.org\/{rel}","templated":true}]}}