{"id":103678,"date":"2020-11-04T10:30:00","date_gmt":"2020-11-04T15:30:00","guid":{"rendered":"https:\/\/linitiative.ca\/International\/le-president-de-la-fifa-infantino-denonce-aupres-du-cio-par-une-societe-suisse\/"},"modified":"2020-11-04T10:30:00","modified_gmt":"2020-11-04T15:30:00","slug":"le-president-de-la-fifa-infantino-denonce-aupres-du-cio-par-une-societe-suisse","status":"publish","type":"post","link":"https:\/\/linitiative.ca\/International\/le-president-de-la-fifa-infantino-denonce-aupres-du-cio-par-une-societe-suisse\/","title":{"rendered":"Le pr\u00e9sident de la FIFA, Infantino, \u00abd\u00e9nonc\u00e9\u00bb aupr\u00e8s du CIO, par une soci\u00e9t\u00e9 suisse\u00a0!"},"content":{"rendered":"<p class=\"p1 c3\"><span class=\"c2\">Elu le 10\u00a0janvier au Comit\u00e9 international olympique (CIO), Gianni Infantino a fait l\u2019objet, le 26\u00a0octobre, d\u2019une \u00ab\u00a0d\u00e9nonciation\u00a0\u00bb d\u00e9pos\u00e9e aupr\u00e8s de l\u2019institution sportive de Lausanne par la soci\u00e9t\u00e9 de management\u00a0Sport 7, repr\u00e9sent\u00e9e par l\u2019avocat Philippe Renz, confirmant les\u00a0informations du\u00a0Monde.<\/span><\/p>\n<p class=\"p1 c3\"><span class=\"c2\">Dans cette d\u00e9nonciation de huit pages transmise au CIO et \u00e0 sa commission ex\u00e9cutive, Sport 7\u00ab\u00a0requiert\u00a0\u00bbnotamment son\u00a0\u00ab\u00a0intervention\u00a0\u00bb\u00a0\u00e0 l\u203aencontre du patron de la FIFA et lui demande \u00ab\u00a0d\u203aouvrir imm\u00e9diatement une enqu\u00eate [&#8230;] en vue de son exclusion du CIO, et qu\u203aelle le suspende provisoirement dans l\u203aintervalle, comme les articles\u00a03.8 et 59 de la charte olympique en pr\u00e9voient la possibilit\u00e9\u00a0\u00bb.<\/span><\/p>\n<p class=\"p1 c3\"><span class=\"c2\">Sollicit\u00e9, Me Renz qualifie Infantino de\u00ab\u00a0cerveau d\u2019une direction de la FIFA qui corrompt la gouvernance de l\u2019organisation\u00a0\u00bb.\u00a0<\/span><\/p>\n<p class=\"p1 c3\"><span class=\"c2\">\u00abCe dossier est un v\u00e9ritable crash-test pour le CIO, poursuit-il.\u00a0Soit il prend ses responsabilit\u00e9s pour faire respecter aussi \u00e0 la FIFA les principes de gouvernance qu\u203ail impose aux autres f\u00e9d\u00e9rations sportives internationales, soit il \u00e9choue, et alors, c\u203aest le droit suisse de l\u203aassociation, bien trop lacunaire, qui devra \u00eatre r\u00e9vis\u00e9 en profondeur\u00a0\u00bb.<span class=\"Apple-converted-space\">\u00a0<\/span><\/span><\/p>\n<p class=\"p1 c3\"><span class=\"c2\">Le TAS \u00e9galement dans le viseur La d\u00e9nonciation deSport 7, qui s\u2019appuie sur un dossier global de plusieurs centaines de pages, vise \u00e9galement l\u2019entit\u00e9 FIFA,\u00a0\u00ab\u00a0reconnue par le CIO\u00a0\u00bb, et\u00a0\u00ab\u00a0qui n\u2019est pas en mesure de s\u2019opposer aux agissements de ses dirigeants ind\u00e9licats\u00a0\u00bb,\u00a0ainsi que le Tribunal arbitral du sport (TAS), que Me Renz accuse de\u00a0\u00ab\u00a0cautionner le syst\u00e8me FIFA\u00a0\u00bb, qui\u00a0\u00ab\u00a0\u2018\u2019blanchit\u2019\u2019 sa justice qui n\u2019en est pas une, ainsi qu\u2019une partie de la zone de non-droit du milieu des transferts\u00a0\u00bb.<span class=\"Apple-converted-space\">\u00a0<\/span><\/span><\/p>\n<p class=\"p1 c3\"><span class=\"c2\">Le CIO a assur\u00e9 au\u00a0Monde\u00a0que sa responsable \u00e9thique et conformit\u00e9\u00a0\u00ab\u00a0est au courant des all\u00e9gations, mais ne peut pas faire d\u2019autres commentaires \u00e0 ce stade\u00a0\u00bb. De son c\u00f4t\u00e9, Matthieu Reeb, secr\u00e9taire g\u00e9n\u00e9ral du TAS,\u00a0\u00ab\u00a0n\u2019entend pas s\u2019attarder sur les th\u00e8ses complotistes de particuliers mais restera toutefois attentif aux \u00e9ventuels propos tenus publiquement par M. Renz et\/ou par la soci\u00e9t\u00e9 Sport 7.\u00a0\u00bb\u00a0<\/span><\/p>\n<p class=\"p1 c3\"><span class=\"c2\">Bas\u00e9e \u00e0 Fribourg, la soci\u00e9t\u00e9\u00a0Sport 7\u00a0s\u2019est engag\u00e9e, avec Me Renz, dans une lutte contre les d\u00e9rives du monde sulfureux des interm\u00e9diaires et des transferts. Elle propose elle-m\u00eame des activit\u00e9s\u00a0li\u00e9es \u00e0 celles des agents\u00a0de joueurs et d\u203ainterm\u00e9diaires, comme l\u203aorientation et la gestion de carri\u00e8re, la promotion d\u203aimage ou le suivi extra-sportif. Dans sa d\u00e9nonciation, Me Renz avance \u00e9galement qu\u2019en\u00a0\u00ab\u00a0soutenant le crime organis\u00e9 qui s\u00e9vit dans le milieu des transferts de joueurs et en muselant \u00e0 ces fins certains organes de la FIFA [&#8230;], M.\u00a0Infantino se rend coupable de multiples violations de la charte olympique, des principes universels de base de bonne gouvernance du mouvement olympique et sportif, ainsi que du code d\u2019\u00e9thique du CIO\u00a0\u00bb.<span class=\"Apple-converted-space\">\u00a0<\/span><\/span><\/p>\n<p class=\"p1 c3\"><span class=\"c2\">Infantino blanchi en ao\u00fbt par la commission d\u2019\u00e9thique Contact\u00e9e au sujet de cette d\u00e9nonciation et de son contenu, la FIFA n\u2019a pas souhait\u00e9 r\u00e9agir dans l\u2019imm\u00e9diat. Au-del\u00e0, le pr\u00e9sident de la F\u00e9d\u00e9ration internationale est d\u00e9j\u00e0 vis\u00e9 par plusieurs plaintes et une enqu\u00eate p\u00e9nale en Suisse, tout comme\u00a0l\u2019ex-procureur g\u00e9n\u00e9ral\u00a0de la Conf\u00e9d\u00e9ration helv\u00e9tique, Michael Lauber, au sujet des rencontres informelles entre les deux hommes, en\u00a02016 et\u00a02017, sur fond de soup\u00e7ons de collusion entre le parquet f\u00e9d\u00e9ral et l\u2019instance mondiale. En ao\u00fbt,<span class=\"Apple-converted-space\">\u00a0<\/span><\/span><\/p>\n<p class=\"p1 c3\"><span class=\"c2\">Infantino avait \u00e9t\u00e9\u00a0blanchi par la commission d\u2019\u00e9thique\u00a0de la F\u00e9d\u00e9ration internationale, notamment concernant ces r\u00e9unions secr\u00e8tes avec Lauber, trois semaines apr\u00e8s l\u2019ouverture d\u2019une proc\u00e9dure p\u00e9nale\u00a0\u00e0 son encontre. D<\/span><\/p>\n<p class=\"p1 c3\"><span class=\"c2\">ans cette affaire, Sport 7 et Me Renz ont \u00e9galement d\u00e9pos\u00e9 une \u00ab\u00a0d\u00e9nonciation\u00a0\u00bb, le 13\u00a0mai, aupr\u00e8s des autorit\u00e9s judiciaires locales. Elle vise\u00a0\u00ab\u00a0Michael Lauber [&#8230;] et, potentiellement, d\u2019autres membres \u00e0 d\u00e9terminer de la direction du MPC\u00a0(le parquet suisse)\u00a0pour abus d\u2019autorit\u00e9 [&#8230;] et pour entrave \u00e0 l\u2019action p\u00e9nale\u00a0\u00bb\u00a0ainsi que\u00a0\u00ab\u00a0des membres \u00e0 d\u00e9terminer de la direction de la FIFA\u00a0\u00bb,\u00a0\u00e9galement au sujet du milieu controvers\u00e9 des transferts. Sur ce point, la F\u00e9d\u00e9ration internationale a propos\u00e9 l\u2019an dernier une s\u00e9rie de r\u00e9formes dont le but est de\u00a0\u00ab\u00a0prot\u00e9ger l\u2019int\u00e9grit\u00e9 du football et de pr\u00e9venir les abus\u00a0\u00bb.<\/span><\/p>\n<p>Auteur: letemps1<br \/>\n<a href=\"http:\/\/www.letemps.com.tn\/article\/117924\/le-pr%C3%A9sident-de-la-fifa-infantino-%C2%ABd%C3%A9nonc%C3%A9%C2%BB-aupr%C3%A8s-du-cio-par-une-soci%C3%A9t%C3%A9-suisse%C2%A0\">Cliquez ici pour lire l&rsquo;article depuis sa source.<\/a><\/p>\n","protected":false},"excerpt":{"rendered":"<p>Elu le 10\u00a0janvier au Comit\u00e9 international olympique (CIO), Gianni Infantino a fait l\u2019objet, le 26\u00a0octobre, d\u2019une \u00ab\u00a0d\u00e9nonciation\u00a0\u00bb d\u00e9pos\u00e9e aupr\u00e8s de l\u2019institution sportive de Lausanne par la soci\u00e9t\u00e9 de management\u00a0Sport 7, repr\u00e9sent\u00e9e par l\u2019avocat Philippe Renz, confirmant les\u00a0informations du\u00a0Monde. Dans cette d\u00e9nonciation de huit pages transmise au CIO et \u00e0 sa commission ex\u00e9cutive, Sport 7\u00ab\u00a0requiert\u00a0\u00bbnotamment son\u00a0\u00ab\u00a0intervention\u00a0\u00bb\u00a0\u00e0 [&hellip;]<\/p>\n","protected":false},"author":1773,"featured_media":0,"comment_status":"closed","ping_status":"closed","sticky":false,"template":"","format":"standard","meta":{"fifu_image_url":"","fifu_image_alt":"","footnotes":""},"categories":[73,55],"tags":[],"class_list":["post-103678","post","type-post","status-publish","format-standard","hentry","category-actualite","category-tunisie"],"_links":{"self":[{"href":"https:\/\/linitiative.ca\/International\/wp-json\/wp\/v2\/posts\/103678","targetHints":{"allow":["GET"]}}],"collection":[{"href":"https:\/\/linitiative.ca\/International\/wp-json\/wp\/v2\/posts"}],"about":[{"href":"https:\/\/linitiative.ca\/International\/wp-json\/wp\/v2\/types\/post"}],"author":[{"embeddable":true,"href":"https:\/\/linitiative.ca\/International\/wp-json\/wp\/v2\/users\/1773"}],"replies":[{"embeddable":true,"href":"https:\/\/linitiative.ca\/International\/wp-json\/wp\/v2\/comments?post=103678"}],"version-history":[{"count":0,"href":"https:\/\/linitiative.ca\/International\/wp-json\/wp\/v2\/posts\/103678\/revisions"}],"wp:attachment":[{"href":"https:\/\/linitiative.ca\/International\/wp-json\/wp\/v2\/media?parent=103678"}],"wp:term":[{"taxonomy":"category","embeddable":true,"href":"https:\/\/linitiative.ca\/International\/wp-json\/wp\/v2\/categories?post=103678"},{"taxonomy":"post_tag","embeddable":true,"href":"https:\/\/linitiative.ca\/International\/wp-json\/wp\/v2\/tags?post=103678"}],"curies":[{"name":"wp","href":"https:\/\/api.w.org\/{rel}","templated":true}]}}