{"id":103681,"date":"2020-11-04T15:13:33","date_gmt":"2020-11-04T20:13:33","guid":{"rendered":"https:\/\/linitiative.ca\/International\/pros-serie-a-une-serieuse-menace-plane-sur-fares-et-la-lazio\/"},"modified":"2020-11-04T15:13:33","modified_gmt":"2020-11-04T20:13:33","slug":"pros-serie-a-une-serieuse-menace-plane-sur-fares-et-la-lazio","status":"publish","type":"post","link":"https:\/\/linitiative.ca\/International\/pros-serie-a-une-serieuse-menace-plane-sur-fares-et-la-lazio\/","title":{"rendered":"Pros : Serie A : Une s\u00e9rieuse menace plane sur Fares et la Lazio"},"content":{"rendered":"<div readability=\"32\">\n<p>Auteur : <span class=\"time\">mercredi 04 novembre 2020 12:36<\/span><\/p>\n<\/div>\n<div id=\"post_core\" readability=\"62\">\n<p>Apr\u00e8s six journ\u00e9es, la Lazio se d\u00e9m\u00e8ne dans le ventre mou de la Serie A, avec seulement 10 points et une anonyme 10e place. La faute notamment aux deux claques re\u00e7ues face \u00e0 l\u2019Atalanta (1-4) et contre la Sampdoria (3-0).<\/p>\n<p>Mais les probl\u00e8mes de la Lazio Rome ne s\u2019arr\u00eatent pas au terrain comme l&rsquo;indique Footmercato. La faute aux tests positifs de Ciro Immobile, Lucas Leiva et Thomas Strakosha. Les trois joueurs ne seront pas du match face au Z\u00e9nith Saint-P\u00e9tersbourg ce mercredi pour le compte de la 3e journ\u00e9e de la phase de poules de la Ligue des champions. Et ce apr\u00e8s avoir d\u00e9j\u00e0 d\u00fb faire l\u2019impasse sur le d\u00e9placement \u00e0 Bruges la semaine derni\u00e8re.<\/p>\n<p>Mais si les trois hommes n\u2019ont pas jou\u00e9 sur la sc\u00e8ne europ\u00e9enne, ils ont fait leur apparition ce week-end \u00e0 Turin lors de la victoire de la Lazio sur la pelouse du Torino. Si Thomas Strakosha, le portier albanais, est rest\u00e9 sur le banc, Ciro Immobile et Lucas Leiva sont, eux, entr\u00e9s en seconde p\u00e9riode. De quoi forc\u00e9ment interpeller compte-tenu de leurs r\u00e9cents tests positifs.<\/p>\n<p>La Lazio est donc suspect\u00e9e d\u2019avoir enfreint le protocole sanitaire et risque tr\u00e8s gros selon la presse italienne. A en croire la Gazzetta dello Sport, si les trois hommes ont effectivement particip\u00e9 \u00e0 la rencontre face au Torino malgr\u00e9 leur positivit\u00e9, la Lazio Rome risque en effet, conform\u00e9ment \u00e0 l\u2019article 8 du r\u00e8glement de la F\u00e9d\u00e9ration italienne, une possible rel\u00e9gation administrative voire une exclusion du championnat. Le feuilleton ne fait sans doute que commencer.<\/p>\n<p><strong>Publi\u00e9 dans :<\/strong> <span>Lazio<\/span><\/p>\n<\/div>\n<p>Auteur:<br \/>\n<a href=\"http:\/\/www.lebuteur.com\/article\/detail?titre=serie-a-une-serieuse-menace-plane-sur-fares-et-la-lazio&#038;id=97842&#038;utm_source=feedburner&#038;utm_medium=feed&#038;utm_campaign=Feed%3A+GalerieFArtciles+%28Les+derniers+articles++-+lebuteur.com%29\">Cliquez ici pour lire l&rsquo;article depuis sa source.<\/a><\/p>\n","protected":false},"excerpt":{"rendered":"<p>Auteur : mercredi 04 novembre 2020 12:36 Apr\u00e8s six journ\u00e9es, la Lazio se d\u00e9m\u00e8ne dans le ventre mou de la Serie A, avec seulement 10 points et une anonyme 10e place. La faute notamment aux deux claques re\u00e7ues face \u00e0 l\u2019Atalanta (1-4) et contre la Sampdoria (3-0). Mais les probl\u00e8mes de la Lazio Rome ne [&hellip;]<\/p>\n","protected":false},"author":1738,"featured_media":103682,"comment_status":"closed","ping_status":"closed","sticky":false,"template":"","format":"standard","meta":{"fifu_image_url":"","fifu_image_alt":"","footnotes":""},"categories":[53,75],"tags":[],"class_list":["post-103681","post","type-post","status-publish","format-standard","has-post-thumbnail","hentry","category-algerie","category-sport"],"_links":{"self":[{"href":"https:\/\/linitiative.ca\/International\/wp-json\/wp\/v2\/posts\/103681","targetHints":{"allow":["GET"]}}],"collection":[{"href":"https:\/\/linitiative.ca\/International\/wp-json\/wp\/v2\/posts"}],"about":[{"href":"https:\/\/linitiative.ca\/International\/wp-json\/wp\/v2\/types\/post"}],"author":[{"embeddable":true,"href":"https:\/\/linitiative.ca\/International\/wp-json\/wp\/v2\/users\/1738"}],"replies":[{"embeddable":true,"href":"https:\/\/linitiative.ca\/International\/wp-json\/wp\/v2\/comments?post=103681"}],"version-history":[{"count":0,"href":"https:\/\/linitiative.ca\/International\/wp-json\/wp\/v2\/posts\/103681\/revisions"}],"wp:featuredmedia":[{"embeddable":true,"href":"https:\/\/linitiative.ca\/International\/wp-json\/"}],"wp:attachment":[{"href":"https:\/\/linitiative.ca\/International\/wp-json\/wp\/v2\/media?parent=103681"}],"wp:term":[{"taxonomy":"category","embeddable":true,"href":"https:\/\/linitiative.ca\/International\/wp-json\/wp\/v2\/categories?post=103681"},{"taxonomy":"post_tag","embeddable":true,"href":"https:\/\/linitiative.ca\/International\/wp-json\/wp\/v2\/tags?post=103681"}],"curies":[{"name":"wp","href":"https:\/\/api.w.org\/{rel}","templated":true}]}}