{"id":103683,"date":"2020-11-04T15:13:36","date_gmt":"2020-11-04T20:13:36","guid":{"rendered":"https:\/\/linitiative.ca\/International\/ligue-des-champions-ldc-le-bayern-munich-soffre-un-nouveau-record\/"},"modified":"2020-11-04T15:13:36","modified_gmt":"2020-11-04T20:13:36","slug":"ligue-des-champions-ldc-le-bayern-munich-soffre-un-nouveau-record","status":"publish","type":"post","link":"https:\/\/linitiative.ca\/International\/ligue-des-champions-ldc-le-bayern-munich-soffre-un-nouveau-record\/","title":{"rendered":"Ligue des Champions : LdC : Le Bayern Munich s&rsquo;offre un nouveau record !"},"content":{"rendered":"<div readability=\"32\">\n<p>Auteur : <span class=\"time\">mercredi 04 novembre 2020 13:25<\/span><\/p>\n<\/div>\n<div id=\"post_core\" readability=\"48\">\n<p>Si l\u2019Olympique de Marseille a essuy\u00e9 une 12e d\u00e9faite cons\u00e9cutive en Ligue des Champions, rejoignant au palmar\u00e8s des perdants le club belge d\u2019Anderlecht et ses 12 d\u00e9faites cons\u00e9cutives, un autre club a fait l\u2019objet d\u2019un record, positif cette fois-ci. En effet, en l\u2019emportant nettement 2-6 sur la pelouse du Red Bull Salzbourg mardi soir, le Bayern Munich a encha\u00een\u00e9 une 14e victoire cons\u00e9cutive dans la comp\u00e9tition.<\/p>\n<p>Une performance de haute vol\u00e9e, \u00e0 l\u2019image d\u2019un club en pleine r\u00e9ussite depuis plus de deux ans sur la sc\u00e8ne europ\u00e9enne. Une s\u00e9rie de victoires qui ne devrait pas s\u2019arr\u00eater aussi t\u00f4t. Le club bavarois aura la possibilit\u00e9 d\u2019\u00e9toffer cette derni\u00e8re en s\u2019imposant le 25 novembre prochain sur sa pelouse contre cette m\u00eame \u00e9quipe autrichienne. Source : Footmercato.<\/p>\n<p><strong>Publi\u00e9 dans :<\/strong> <span>Ligue des Champions : Bayern Munich<\/span><\/p>\n<\/div>\n<p>Auteur:<br \/>\n<a href=\"http:\/\/www.lebuteur.com\/article\/detail?titre=ldc-le-bayern-munich-soffre-un-nouveau-record&#038;id=97843&#038;utm_source=feedburner&#038;utm_medium=feed&#038;utm_campaign=Feed%3A+GalerieFArtciles+%28Les+derniers+articles++-+lebuteur.com%29\">Cliquez ici pour lire l&rsquo;article depuis sa source.<\/a><\/p>\n","protected":false},"excerpt":{"rendered":"<p>Auteur : mercredi 04 novembre 2020 13:25 Si l\u2019Olympique de Marseille a essuy\u00e9 une 12e d\u00e9faite cons\u00e9cutive en Ligue des Champions, rejoignant au palmar\u00e8s des perdants le club belge d\u2019Anderlecht et ses 12 d\u00e9faites cons\u00e9cutives, un autre club a fait l\u2019objet d\u2019un record, positif cette fois-ci. En effet, en l\u2019emportant nettement 2-6 sur la pelouse [&hellip;]<\/p>\n","protected":false},"author":1738,"featured_media":103684,"comment_status":"closed","ping_status":"closed","sticky":false,"template":"","format":"standard","meta":{"fifu_image_url":"","fifu_image_alt":"","footnotes":""},"categories":[53,75],"tags":[],"class_list":["post-103683","post","type-post","status-publish","format-standard","has-post-thumbnail","hentry","category-algerie","category-sport"],"_links":{"self":[{"href":"https:\/\/linitiative.ca\/International\/wp-json\/wp\/v2\/posts\/103683","targetHints":{"allow":["GET"]}}],"collection":[{"href":"https:\/\/linitiative.ca\/International\/wp-json\/wp\/v2\/posts"}],"about":[{"href":"https:\/\/linitiative.ca\/International\/wp-json\/wp\/v2\/types\/post"}],"author":[{"embeddable":true,"href":"https:\/\/linitiative.ca\/International\/wp-json\/wp\/v2\/users\/1738"}],"replies":[{"embeddable":true,"href":"https:\/\/linitiative.ca\/International\/wp-json\/wp\/v2\/comments?post=103683"}],"version-history":[{"count":0,"href":"https:\/\/linitiative.ca\/International\/wp-json\/wp\/v2\/posts\/103683\/revisions"}],"wp:featuredmedia":[{"embeddable":true,"href":"https:\/\/linitiative.ca\/International\/wp-json\/"}],"wp:attachment":[{"href":"https:\/\/linitiative.ca\/International\/wp-json\/wp\/v2\/media?parent=103683"}],"wp:term":[{"taxonomy":"category","embeddable":true,"href":"https:\/\/linitiative.ca\/International\/wp-json\/wp\/v2\/categories?post=103683"},{"taxonomy":"post_tag","embeddable":true,"href":"https:\/\/linitiative.ca\/International\/wp-json\/wp\/v2\/tags?post=103683"}],"curies":[{"name":"wp","href":"https:\/\/api.w.org\/{rel}","templated":true}]}}