{"id":103685,"date":"2020-11-04T15:13:38","date_gmt":"2020-11-04T20:13:38","guid":{"rendered":"https:\/\/linitiative.ca\/International\/international-luefa-dement-vouloir-organiser-leuro-2021-en-russie\/"},"modified":"2020-11-04T15:13:38","modified_gmt":"2020-11-04T20:13:38","slug":"international-luefa-dement-vouloir-organiser-leuro-2021-en-russie","status":"publish","type":"post","link":"https:\/\/linitiative.ca\/International\/international-luefa-dement-vouloir-organiser-leuro-2021-en-russie\/","title":{"rendered":"International : L&rsquo;UEFA d\u00e9ment vouloir organiser l&rsquo;Euro 2021 en Russie"},"content":{"rendered":"<div readability=\"32\">\n<p>Auteur : <span class=\"time\">mercredi 04 novembre 2020 15:00<\/span><\/p>\n<\/div>\n<div id=\"post_core\" readability=\"64\">\n<p>Pour rappel, le Championnat d&rsquo;Europe, initialement pr\u00e9vu en 2020, a \u00e9t\u00e9 repouss\u00e9 d&rsquo;un an en mars \u00e0 la suite de l&rsquo;\u00e9pid\u00e9mie de Covid-19, qui a caus\u00e9 plus de 1,2 million de morts dans le monde \u00e0 ce jour. Le tournoi mettant aux prises 24 \u00e9quipes devait initialement se d\u00e9rouler dans 12 pays diff\u00e9rents, avec Bilbao, Amsterdam, Bakou, Bucarest, Budapest, Copenhague, Dublin, Glasgow, Londres, Munich, Rome et Saint-P\u00e9tersbourg comme villes h\u00f4tes. Cependant,\u00a0des informations faisant \u00e9tat d&rsquo;un changement potentiel de ce format\u00a0ont fait surface cette semaine, l&rsquo;UEFA ayant annonc\u00e9 qu&rsquo;elle \u00e9laborerait une proposition pour organiser la comp\u00e9tition en Russie, qui est devenue le principal candidat.<\/p>\n<p>On pense que les craintes concernant les restrictions de voyage et les r\u00e8gles de quarantaine \u00e0 l&rsquo;\u00e9chelle du continent sont \u00e0 l&rsquo;origine de la pouss\u00e9e en faveur de la r\u00e9forme, plusieurs des pays devant accueillir des matches sont actuellement bloqu\u00e9s alors que des mesures pour contenir la propagation du coronavirus continuent d&rsquo;\u00eatre prises. Cependant, l&rsquo;UEFA a insist\u00e9 sur le fait qu&rsquo;un changement par rapport au format pr\u00e9vu pour l&rsquo;Euro 2020\u00a0n&rsquo;\u00e9tait pas envisag\u00e9.\u00a0\u00ab\u00a0Les efforts de l&rsquo;UEFA se concentrent actuellement sur la planification d&rsquo;un tournoi avec des supporters dans les 12 sites\u00a0\u00bb, a d\u00e9clar\u00e9 un porte-parole de l&rsquo;UEFA rapporte Goal.<\/p>\n<p><strong>Publi\u00e9 dans :<\/strong> <span>russie<\/span> <span>UEFA<\/span> <span>Euro 2021<\/span><\/p>\n<\/div>\n<p>Auteur:<br \/>\n<a href=\"http:\/\/www.lebuteur.com\/article\/detail?titre=luefa-dement-vouloir-organiser-leuro-2021-en-russie&#038;id=97844&#038;utm_source=feedburner&#038;utm_medium=feed&#038;utm_campaign=Feed%3A+GalerieFArtciles+%28Les+derniers+articles++-+lebuteur.com%29\">Cliquez ici pour lire l&rsquo;article depuis sa source.<\/a><\/p>\n","protected":false},"excerpt":{"rendered":"<p>Auteur : mercredi 04 novembre 2020 15:00 Pour rappel, le Championnat d&rsquo;Europe, initialement pr\u00e9vu en 2020, a \u00e9t\u00e9 repouss\u00e9 d&rsquo;un an en mars \u00e0 la suite de l&rsquo;\u00e9pid\u00e9mie de Covid-19, qui a caus\u00e9 plus de 1,2 million de morts dans le monde \u00e0 ce jour. Le tournoi mettant aux prises 24 \u00e9quipes devait initialement se [&hellip;]<\/p>\n","protected":false},"author":1738,"featured_media":103686,"comment_status":"closed","ping_status":"closed","sticky":false,"template":"","format":"standard","meta":{"fifu_image_url":"","fifu_image_alt":"","footnotes":""},"categories":[53,75],"tags":[],"class_list":["post-103685","post","type-post","status-publish","format-standard","has-post-thumbnail","hentry","category-algerie","category-sport"],"_links":{"self":[{"href":"https:\/\/linitiative.ca\/International\/wp-json\/wp\/v2\/posts\/103685","targetHints":{"allow":["GET"]}}],"collection":[{"href":"https:\/\/linitiative.ca\/International\/wp-json\/wp\/v2\/posts"}],"about":[{"href":"https:\/\/linitiative.ca\/International\/wp-json\/wp\/v2\/types\/post"}],"author":[{"embeddable":true,"href":"https:\/\/linitiative.ca\/International\/wp-json\/wp\/v2\/users\/1738"}],"replies":[{"embeddable":true,"href":"https:\/\/linitiative.ca\/International\/wp-json\/wp\/v2\/comments?post=103685"}],"version-history":[{"count":0,"href":"https:\/\/linitiative.ca\/International\/wp-json\/wp\/v2\/posts\/103685\/revisions"}],"wp:featuredmedia":[{"embeddable":true,"href":"https:\/\/linitiative.ca\/International\/wp-json\/"}],"wp:attachment":[{"href":"https:\/\/linitiative.ca\/International\/wp-json\/wp\/v2\/media?parent=103685"}],"wp:term":[{"taxonomy":"category","embeddable":true,"href":"https:\/\/linitiative.ca\/International\/wp-json\/wp\/v2\/categories?post=103685"},{"taxonomy":"post_tag","embeddable":true,"href":"https:\/\/linitiative.ca\/International\/wp-json\/wp\/v2\/tags?post=103685"}],"curies":[{"name":"wp","href":"https:\/\/api.w.org\/{rel}","templated":true}]}}