{"id":103693,"date":"2020-11-04T09:13:30","date_gmt":"2020-11-04T14:13:30","guid":{"rendered":"https:\/\/linitiative.ca\/International\/112311-hand-le-dtn-regrette-une-preparation-fortement-perturbee-au-mondial\/"},"modified":"2020-11-04T09:13:30","modified_gmt":"2020-11-04T14:13:30","slug":"112311-hand-le-dtn-regrette-une-preparation-fortement-perturbee-au-mondial","status":"publish","type":"post","link":"https:\/\/linitiative.ca\/International\/112311-hand-le-dtn-regrette-une-preparation-fortement-perturbee-au-mondial\/","title":{"rendered":"Hand: le DTN regrette une pr\u00e9paration \u00ab\u00a0fortement\u00a0\u00bb perturb\u00e9e au Mondial"},"content":{"rendered":"<div readability=\"38\">\n<p><strong>ALGER &#8211; Le directeur technique national (DTN) de la F\u00e9d\u00e9ration alg\u00e9rienne de handball (FAHB), Abdelkrim Bechkour, a regrett\u00e9 mercredi que la pr\u00e9paration de l\u2019\u00e9quipe nationale en vue du Mondial-2021 en Egypte (13-31 janvier), soit \u00ab\u00a0fortement\u00a0\u00bb perturb\u00e9e en raison de la pand\u00e9mie de coronavirus (Covid-19).<\/strong><\/p>\n<\/div>\n<div readability=\"68.5\">\n<p>\u00ab\u00a0On devait nous d\u00e9placer ce mercredi en Tunisie pour disputer deux matchs amicaux face \u00e0 la s\u00e9lection locale. Nous avons m\u00eame re\u00e7u l\u2019accord du minist\u00e8re de la Jeunesse et des Sports pour effectuer le d\u00e9placement par voie terrestre, mais nous avons fini par annuler le voyage en raison de l\u2019indisponibilit\u00e9 de l\u2019ensemble du groupe. Quatre joueurs ont pass\u00e9 aujourd\u2019hui des tests de d\u00e9pistage du Covid-19. On ne pouvait pas programmer un regroupement au vu de la situation actuelle\u00a0\u00bb, a indiqu\u00e9 \u00e0 l\u2019APS le DTN.<\/p>\n<blockquote readability=\"11\">\n<p><em><strong>Apr\u00e8s deux premiers stages effectu\u00e9s \u00e0 Annaba sous la conduite du s\u00e9lectionneur fran\u00e7ais Alain Portes, le Sept national a \u00e9t\u00e9 touch\u00e9 de plein fouet par le Covid-19, lors du troisi\u00e8me regroupement qui s\u2019est d\u00e9roul\u00e9 \u00e0 Alger, poussant l\u2019instance f\u00e9d\u00e9rale \u00e0 l\u2019interrompre pour des raisons sanitaires.<\/strong><\/em><\/p>\n<\/blockquote>\n<p>\u00ab\u00a0Les deux premiers stages se sont d\u00e9roul\u00e9s dans les meilleures conditions, mais celui d\u2019Alger n\u2019a pu aller \u00e0 son terme. Les quatre joueurs test\u00e9s positifs ont refait mercredi leurs tests, alors que les autres test\u00e9s n\u00e9gatifs devront \u00e9galement refaire leurs analyses pour confirmer qu&rsquo;ils n&rsquo;ont pas \u00e9t\u00e9 infect\u00e9s\u00a0\u00bb, a-t-il ajout\u00e9.<\/p>\n<p>Interrog\u00e9 sur la suite de la pr\u00e9paration de l\u2019\u00e9quipe nationale en vue du rendez-vous mondial, Bechkour a indiqu\u00e9 qu&rsquo;il n\u2019y avait pour le moment \u00ab\u00a0aucune visibilit\u00e9\u00a0\u00bb.<\/p>\n<p>\u00ab\u00a0C\u2019est difficile de se projeter, tant que le groupe n\u2019est pas encore au complet. Nous sommes en contact permanent avec les joueurs pour leur faire rappeler la n\u00e9cessit\u00e9 de respecter strictement les gestes barri\u00e8res et surtout nous signaler le moindre \u00e9ventuel sympt\u00f4me qui pourrait appara\u00eetre\u00a0\u00bb.<\/p>\n<blockquote readability=\"10\">\n<p><em><strong>Avant d\u2019encha\u00eener : \u00ab\u00a0Le seul stage programm\u00e9 officiellement est celui pr\u00e9vu en d\u00e9cembre prochain en Pologne avec au programme quatre matchs amicaux : deux face \u00e0 la s\u00e9lection locale A et deux autres devant la s\u00e9lection B. M\u00eame si les fronti\u00e8res a\u00e9riennes resteront ferm\u00e9es, nous allons trouver une solution pour ne pas rater ce stage important\u00a0\u00bb, a-t-il conclu.<\/strong><\/em><\/p>\n<\/blockquote>\n<p>Au Mondial-2021, le Sept alg\u00e9rien fait partie du groupe F aux c\u00f4t\u00e9s du Maroc, du Portugal et de l&rsquo;Islande. Les camarades de Messaoud Berkous d\u00e9buteront le tournoi contre le Maroc le 14 janvier avant d&rsquo;affronter respectivement l&rsquo;Islande (16 janvier) puis le Portugal (18 janvier).<\/p>\n<\/div>\n<p>Auteur:<br \/>\n<a href=\"http:\/\/www.aps.dz\/sport\/112311-hand-le-dtn-regrette-une-preparation-fortement-perturbee-au-mondial?utm_source=feedburner&#038;utm_medium=feed&#038;utm_campaign=Feed%3A+aps-sport+%28APS+-+SPORT%29\">Cliquez ici pour lire l&rsquo;article depuis sa source.<\/a><\/p>\n","protected":false},"excerpt":{"rendered":"<p>ALGER &#8211; Le directeur technique national (DTN) de la F\u00e9d\u00e9ration alg\u00e9rienne de handball (FAHB), Abdelkrim Bechkour, a regrett\u00e9 mercredi que la pr\u00e9paration de l\u2019\u00e9quipe nationale en vue du Mondial-2021 en Egypte (13-31 janvier), soit \u00ab\u00a0fortement\u00a0\u00bb perturb\u00e9e en raison de la pand\u00e9mie de coronavirus (Covid-19). \u00ab\u00a0On devait nous d\u00e9placer ce mercredi en Tunisie pour disputer deux [&hellip;]<\/p>\n","protected":false},"author":1790,"featured_media":0,"comment_status":"closed","ping_status":"closed","sticky":false,"template":"","format":"standard","meta":{"fifu_image_url":"","fifu_image_alt":"","footnotes":""},"categories":[53,75],"tags":[],"class_list":["post-103693","post","type-post","status-publish","format-standard","hentry","category-algerie","category-sport"],"_links":{"self":[{"href":"https:\/\/linitiative.ca\/International\/wp-json\/wp\/v2\/posts\/103693","targetHints":{"allow":["GET"]}}],"collection":[{"href":"https:\/\/linitiative.ca\/International\/wp-json\/wp\/v2\/posts"}],"about":[{"href":"https:\/\/linitiative.ca\/International\/wp-json\/wp\/v2\/types\/post"}],"author":[{"embeddable":true,"href":"https:\/\/linitiative.ca\/International\/wp-json\/wp\/v2\/users\/1790"}],"replies":[{"embeddable":true,"href":"https:\/\/linitiative.ca\/International\/wp-json\/wp\/v2\/comments?post=103693"}],"version-history":[{"count":0,"href":"https:\/\/linitiative.ca\/International\/wp-json\/wp\/v2\/posts\/103693\/revisions"}],"wp:attachment":[{"href":"https:\/\/linitiative.ca\/International\/wp-json\/wp\/v2\/media?parent=103693"}],"wp:term":[{"taxonomy":"category","embeddable":true,"href":"https:\/\/linitiative.ca\/International\/wp-json\/wp\/v2\/categories?post=103693"},{"taxonomy":"post_tag","embeddable":true,"href":"https:\/\/linitiative.ca\/International\/wp-json\/wp\/v2\/tags?post=103693"}],"curies":[{"name":"wp","href":"https:\/\/api.w.org\/{rel}","templated":true}]}}