{"id":103696,"date":"2020-11-04T09:55:00","date_gmt":"2020-11-04T14:55:00","guid":{"rendered":"https:\/\/linitiative.ca\/International\/lentv-porte-plainte-contre-el-bilad-tv\/"},"modified":"2020-11-04T09:55:00","modified_gmt":"2020-11-04T14:55:00","slug":"lentv-porte-plainte-contre-el-bilad-tv","status":"publish","type":"post","link":"https:\/\/linitiative.ca\/International\/lentv-porte-plainte-contre-el-bilad-tv\/","title":{"rendered":"L\u2019ENTV porte plainte contre El Bilad tv"},"content":{"rendered":"<p><br id=\"sep_para_1\" class=\"sep_para access\"\/><\/p>\n<div id=\"para_1\" class=\"para_39341362 resize\">\n<div class=\"texte access firstletter\">L\u2019\u00e9tablissement public de t\u00e9l\u00e9vision ENTV, dirig\u00e9 par M. Ahmed Bensebane, a annonc\u00e9 sur sa page facebook\u00a0\u00a0 de poursuivre en justice la chaine El Bilad tv pour \u00ab d\u00e9passement sur la propri\u00e9t\u00e9 intellectuelle \u00bb, rapporte une source m\u00e9diatique. En effet, selon la m\u00eame source,\u00a0 il s\u2019agit de la retransmission du film \u00ab l\u2019\u00e9pop\u00e9e de Cheikh Bouamama \u00bb, par la chaine El Bilad tv alors que c\u2019est \u00ab une production de la t\u00e9l\u00e9vision publique, r\u00e9alis\u00e9 par Benamar Bakhti en 1985 \u00bb. En effet, dans son communiqu\u00e9, l\u2019ENTV a d\u00e9nonc\u00e9 \u00ab le piratage du film et les pratiques non professionnelles \u00bb et d\u00e9cide de porter plainte aupr\u00e8s de l\u2019autorit\u00e9 de r\u00e9gulation audiovisuelle ARAV, et de poursuivre la chaine en justice.<\/div>\n<\/div>\n<p>Auteur: R\u00e9flexion<br \/>\n<a href=\"https:\/\/www.reflexiondz.net\/L-ENTV-porte-plainte-contre-El-Bilad-tv_a66154.html\">Cliquez ici pour lire l&rsquo;article depuis sa source.<\/a><\/p>\n","protected":false},"excerpt":{"rendered":"<p>L\u2019\u00e9tablissement public de t\u00e9l\u00e9vision ENTV, dirig\u00e9 par M. Ahmed Bensebane, a annonc\u00e9 sur sa page facebook\u00a0\u00a0 de poursuivre en justice la chaine El Bilad tv pour \u00ab d\u00e9passement sur la propri\u00e9t\u00e9 intellectuelle \u00bb, rapporte une source m\u00e9diatique. En effet, selon la m\u00eame source,\u00a0 il s\u2019agit de la retransmission du film \u00ab l\u2019\u00e9pop\u00e9e de Cheikh Bouamama [&hellip;]<\/p>\n","protected":false},"author":1740,"featured_media":0,"comment_status":"closed","ping_status":"closed","sticky":false,"template":"","format":"standard","meta":{"fifu_image_url":"","fifu_image_alt":"","footnotes":""},"categories":[53,76],"tags":[],"class_list":["post-103696","post","type-post","status-publish","format-standard","hentry","category-algerie","category-regions"],"_links":{"self":[{"href":"https:\/\/linitiative.ca\/International\/wp-json\/wp\/v2\/posts\/103696","targetHints":{"allow":["GET"]}}],"collection":[{"href":"https:\/\/linitiative.ca\/International\/wp-json\/wp\/v2\/posts"}],"about":[{"href":"https:\/\/linitiative.ca\/International\/wp-json\/wp\/v2\/types\/post"}],"author":[{"embeddable":true,"href":"https:\/\/linitiative.ca\/International\/wp-json\/wp\/v2\/users\/1740"}],"replies":[{"embeddable":true,"href":"https:\/\/linitiative.ca\/International\/wp-json\/wp\/v2\/comments?post=103696"}],"version-history":[{"count":0,"href":"https:\/\/linitiative.ca\/International\/wp-json\/wp\/v2\/posts\/103696\/revisions"}],"wp:attachment":[{"href":"https:\/\/linitiative.ca\/International\/wp-json\/wp\/v2\/media?parent=103696"}],"wp:term":[{"taxonomy":"category","embeddable":true,"href":"https:\/\/linitiative.ca\/International\/wp-json\/wp\/v2\/categories?post=103696"},{"taxonomy":"post_tag","embeddable":true,"href":"https:\/\/linitiative.ca\/International\/wp-json\/wp\/v2\/tags?post=103696"}],"curies":[{"name":"wp","href":"https:\/\/api.w.org\/{rel}","templated":true}]}}