{"id":103697,"date":"2020-11-04T09:55:00","date_gmt":"2020-11-04T14:55:00","guid":{"rendered":"https:\/\/linitiative.ca\/International\/tribunal-de-tipasa-le-proces-de-abdelkader-zoukh-reporte-au-19-novembre\/"},"modified":"2020-11-04T09:55:00","modified_gmt":"2020-11-04T14:55:00","slug":"tribunal-de-tipasa-le-proces-de-abdelkader-zoukh-reporte-au-19-novembre","status":"publish","type":"post","link":"https:\/\/linitiative.ca\/International\/tribunal-de-tipasa-le-proces-de-abdelkader-zoukh-reporte-au-19-novembre\/","title":{"rendered":"TRIBUNAL DE TIPASA  : Le proc\u00e8s de Abdelkader Zoukh report\u00e9  au 19 novembre"},"content":{"rendered":"<p><br id=\"sep_para_1\" class=\"sep_para access\"\/><\/p>\n<div id=\"para_1\" class=\"para_39341358 resize\">\n<div class=\"texte access firstletter\">Le tribunal de premi\u00e8re instance de Tipasa a d\u00e9cid\u00e9 du report au 19 novembre du proc\u00e8s de l&rsquo;ex-wali d\u2019Alger, Abdelkader Zoukh, accus\u00e9 dans une affaire de corruption. Ce deuxi\u00e8me report a \u00e9t\u00e9 motiv\u00e9 par l\u2019absence de la d\u00e9fense de l&rsquo;accus\u00e9 et de quelques t\u00e9moins, \u00e0 ce proc\u00e8s qui se d\u00e9roule au tribunal de Tipasa conform\u00e9ment \u00e0 la proc\u00e9dure de privil\u00e8ge de juridiction, les faits de cette affaire \u00e9tant d\u00e9roul\u00e9s dans la wilaya d&rsquo;Alger o\u00f9 il occupait le poste de wali. Dans ce proc\u00e8s ou Zoukh comparait devant la chambre correctionnelle pr\u00e8s le tribunal de Tipasa en qualit\u00e9 d\u2019accus\u00e9 principal, plusieurs t\u00e9moins sont cit\u00e9s dans l&rsquo;affaire, dont l\u2019ancien directeur g\u00e9n\u00e9ral de la s\u00fbret\u00e9 nationale (DGSN) Abdelghani Hamel, condamn\u00e9 lui m\u00eame, dans d\u2019autres affaires de corruption. L&rsquo;ex-wali d\u2019Alger est poursuivi dans cette affaire pour, notamment, \u00ab\u00a0dilapidation d\u00e9lib\u00e9r\u00e9e de deniers publics par un fonctionnaire\u00a0\u00bb, \u00ab\u00a0utilisation ill\u00e9gale de biens et de deniers publics qui lui ont \u00e9t\u00e9 confi\u00e9s en vertu de sa fonction\u00a0\u00bb, \u00ab\u00a0abus de fonction et violation des lois et r\u00e8glements dans le but d\u2019obtention d\u2019avantages pour un tiers\u00a0\u00bb. Le Conseiller enqu\u00eateur aupr\u00e8s de la Cour supr\u00eame, avait pr\u00e9c\u00e9demment ordonn\u00e9 la mise sous contr\u00f4le judiciaire de l\u2019ex wali d\u2019Alger au titre des affaires dans lesquelles il est poursuivi, rappelle-t-on.\u00a0<\/div>\n<\/div>\n<p>Auteur: Ismain<br \/>\n<a href=\"https:\/\/www.reflexiondz.net\/TRIBUNAL-DE-TIPASA-Le-proces-de-Abdelkader-Zoukh-reporte-au-19-novembre_a66152.html\">Cliquez ici pour lire l&rsquo;article depuis sa source.<\/a><\/p>\n","protected":false},"excerpt":{"rendered":"<p>Le tribunal de premi\u00e8re instance de Tipasa a d\u00e9cid\u00e9 du report au 19 novembre du proc\u00e8s de l&rsquo;ex-wali d\u2019Alger, Abdelkader Zoukh, accus\u00e9 dans une affaire de corruption. Ce deuxi\u00e8me report a \u00e9t\u00e9 motiv\u00e9 par l\u2019absence de la d\u00e9fense de l&rsquo;accus\u00e9 et de quelques t\u00e9moins, \u00e0 ce proc\u00e8s qui se d\u00e9roule au tribunal de Tipasa conform\u00e9ment [&hellip;]<\/p>\n","protected":false},"author":1740,"featured_media":0,"comment_status":"closed","ping_status":"closed","sticky":false,"template":"","format":"standard","meta":{"fifu_image_url":"","fifu_image_alt":"","footnotes":""},"categories":[53,76],"tags":[],"class_list":["post-103697","post","type-post","status-publish","format-standard","hentry","category-algerie","category-regions"],"_links":{"self":[{"href":"https:\/\/linitiative.ca\/International\/wp-json\/wp\/v2\/posts\/103697","targetHints":{"allow":["GET"]}}],"collection":[{"href":"https:\/\/linitiative.ca\/International\/wp-json\/wp\/v2\/posts"}],"about":[{"href":"https:\/\/linitiative.ca\/International\/wp-json\/wp\/v2\/types\/post"}],"author":[{"embeddable":true,"href":"https:\/\/linitiative.ca\/International\/wp-json\/wp\/v2\/users\/1740"}],"replies":[{"embeddable":true,"href":"https:\/\/linitiative.ca\/International\/wp-json\/wp\/v2\/comments?post=103697"}],"version-history":[{"count":0,"href":"https:\/\/linitiative.ca\/International\/wp-json\/wp\/v2\/posts\/103697\/revisions"}],"wp:attachment":[{"href":"https:\/\/linitiative.ca\/International\/wp-json\/wp\/v2\/media?parent=103697"}],"wp:term":[{"taxonomy":"category","embeddable":true,"href":"https:\/\/linitiative.ca\/International\/wp-json\/wp\/v2\/categories?post=103697"},{"taxonomy":"post_tag","embeddable":true,"href":"https:\/\/linitiative.ca\/International\/wp-json\/wp\/v2\/tags?post=103697"}],"curies":[{"name":"wp","href":"https:\/\/api.w.org\/{rel}","templated":true}]}}