{"id":103699,"date":"2020-11-04T05:32:00","date_gmt":"2020-11-04T10:32:00","guid":{"rendered":"https:\/\/linitiative.ca\/International\/mourad-ben-dhiab-nomme-chef-de-cabinet-de-la-secretaire-generale-de-la-francophonie\/"},"modified":"2020-11-04T05:32:00","modified_gmt":"2020-11-04T10:32:00","slug":"mourad-ben-dhiab-nomme-chef-de-cabinet-de-la-secretaire-generale-de-la-francophonie","status":"publish","type":"post","link":"https:\/\/linitiative.ca\/International\/mourad-ben-dhiab-nomme-chef-de-cabinet-de-la-secretaire-generale-de-la-francophonie\/","title":{"rendered":"Mourad Ben Dhiab, nomm\u00e9 chef de cabinet de la secr\u00e9taire g\u00e9n\u00e9rale de la Francophonie"},"content":{"rendered":"<p>Une reconnaissance de plus de la qualit\u00e9 des diplomates tunisiens. La secr\u00e9taire g\u00e9n\u00e9rale de la Francophonie, Louise Mushikiwabo (Rwanda), vient de nommer Mourad Ben Dhiab en qualit\u00e9 de chef de son cabinet \u00e0 l\u2019Organisation internationale de la Francophonie (OIF), dont le si\u00e8ge est \u00e0 Paris. Ancien diplomate, juriste de formation, il avait rejoint l\u2019Union africaine \u00e0 Addis-Abeba en tant que juriste principal au Bureau du conseiller juridique, puis promu au poste de secr\u00e9taire de la Commission de l\u2019Union africaine sur le droit international (Cuadi), avant d\u2019acc\u00e9der au staff du pr\u00e9sident de l\u2019UA.<\/p>\n<p>Mourad Ben Dhiab a commenc\u00e9 sa carri\u00e8re au minist\u00e8re des Affaires \u00e9trang\u00e8res (1992) et avait \u00e9t\u00e9 affect\u00e9 en poste successivement \u00e0 l\u2019ambassade de Tunisie \u00e0 Bamako (1996), puis \u00e0 Addis-Abeba (1999-2002). De retour au d\u00e9partement \u00e0 Tunis, il est nomm\u00e9 chef de division, respectivement \u00e0 la direction g\u00e9n\u00e9rale des organisations et conf\u00e9rences internationales et \u00e0 l\u2019Unit\u00e9 des droits de l\u2019Homme.<\/p>\n<p>Une tr\u00e8s bonne pioche que ce fin connaisseur de l\u2019Afrique, qui a gagn\u00e9 l\u2019estime au sein de l\u2019UA par sa comp\u00e9tence et sa droiture.<\/p>\n<p class=\"c2\"><strong><a href=\"https:\/\/www.leaders.com.tn\/le_mensuel_abonnez_vous\" target=\"_blank\" rel=\"noopener noreferrer\"><img loading=\"lazy\" decoding=\"async\" src=\"\/uploads\/FCK_files\/Bondou(12).jpg\" alt=\"\" width=\"500\" vspace=\"5\" hspace=\"5\" height=\"128\" align=\"middle\"\/><\/a><\/strong><\/p>\n<p>Auteur:<br \/>\n<a href=\"https:\/\/www.leaders.com.tn\/article\/30856-mourad-ben-dhiab-nomme-chef-de-cabinet-de-la-secretaire-generale-de-la-francophonie\">Cliquez ici pour lire l&rsquo;article depuis sa source.<\/a><\/p>\n","protected":false},"excerpt":{"rendered":"<p>Une reconnaissance de plus de la qualit\u00e9 des diplomates tunisiens. La secr\u00e9taire g\u00e9n\u00e9rale de la Francophonie, Louise Mushikiwabo (Rwanda), vient de nommer Mourad Ben Dhiab en qualit\u00e9 de chef de son cabinet \u00e0 l\u2019Organisation internationale de la Francophonie (OIF), dont le si\u00e8ge est \u00e0 Paris. Ancien diplomate, juriste de formation, il avait rejoint l\u2019Union africaine [&hellip;]<\/p>\n","protected":false},"author":1772,"featured_media":103700,"comment_status":"closed","ping_status":"closed","sticky":false,"template":"","format":"standard","meta":{"fifu_image_url":"","fifu_image_alt":"","footnotes":""},"categories":[73,55],"tags":[],"class_list":["post-103699","post","type-post","status-publish","format-standard","has-post-thumbnail","hentry","category-actualite","category-tunisie"],"_links":{"self":[{"href":"https:\/\/linitiative.ca\/International\/wp-json\/wp\/v2\/posts\/103699","targetHints":{"allow":["GET"]}}],"collection":[{"href":"https:\/\/linitiative.ca\/International\/wp-json\/wp\/v2\/posts"}],"about":[{"href":"https:\/\/linitiative.ca\/International\/wp-json\/wp\/v2\/types\/post"}],"author":[{"embeddable":true,"href":"https:\/\/linitiative.ca\/International\/wp-json\/wp\/v2\/users\/1772"}],"replies":[{"embeddable":true,"href":"https:\/\/linitiative.ca\/International\/wp-json\/wp\/v2\/comments?post=103699"}],"version-history":[{"count":0,"href":"https:\/\/linitiative.ca\/International\/wp-json\/wp\/v2\/posts\/103699\/revisions"}],"wp:featuredmedia":[{"embeddable":true,"href":"https:\/\/linitiative.ca\/International\/wp-json\/"}],"wp:attachment":[{"href":"https:\/\/linitiative.ca\/International\/wp-json\/wp\/v2\/media?parent=103699"}],"wp:term":[{"taxonomy":"category","embeddable":true,"href":"https:\/\/linitiative.ca\/International\/wp-json\/wp\/v2\/categories?post=103699"},{"taxonomy":"post_tag","embeddable":true,"href":"https:\/\/linitiative.ca\/International\/wp-json\/wp\/v2\/tags?post=103699"}],"curies":[{"name":"wp","href":"https:\/\/api.w.org\/{rel}","templated":true}]}}