{"id":103701,"date":"2020-11-04T06:24:00","date_gmt":"2020-11-04T11:24:00","guid":{"rendered":"https:\/\/linitiative.ca\/International\/brahim-en-mission-eclair-egorger\/"},"modified":"2020-11-04T06:24:00","modified_gmt":"2020-11-04T11:24:00","slug":"brahim-en-mission-eclair-egorger","status":"publish","type":"post","link":"https:\/\/linitiative.ca\/International\/brahim-en-mission-eclair-egorger\/","title":{"rendered":"Brahim en mission \u00e9clair: Egorger"},"content":{"rendered":"<p class=\"c4\"><span class=\"c3\"><span class=\"c2\"><em><strong><img decoding=\"async\" src=\"\/uploads\/FCK_files\/Gleya-Maatallah.jpg\" alt=\"\" width=\"15%\" vspace=\"5\" hspace=\"5\" align=\"right\"\/>Par Gleya Maatallah &#8211;<\/strong><\/em><\/span><\/span> Ecrire \u00e0 chaud sous l\u2019effet du choc et de la col\u00e8re est diff\u00e9rent d\u2019\u00e9crire en prenant du recul. Un autre attentat vient de frapper l\u2019Autriche entre temps mais je voudrais dans ce qui suit, revenir sur le parcours de Brahim, ce jeune tueur dont le geste barbare a \u00e9branl\u00e9 la France et la Tunisie: la premi\u00e8re parce qu\u2019elle ne s\u2019est pas encore remise du premier attentat et la seconde parce qu\u2019elle voit, dans l\u2019impuissance, ses enfants se transformer en tueurs.<\/p>\n<p><span class=\"c6\"><span class=\"c5\"><strong>1. \u00abNous n\u2019avons pas besoin d\u2019eux, nous avons besoin de leurs enfants et nous les avons, Dieu merci!\u00bb\u00a0<\/strong><\/span><\/span><\/p>\n<p>C\u2019est en ces termes que Mourou pr\u00e9sentait le projet d\u2019Ennahda au moment o\u00f9 il recevait Wajdi Ghenim, l\u2019exciseur des filles \u00e0 Tunis. Brahim est donc l\u2019un de ces enfants envisag\u00e9s dans un programme (qui ne concerne aucunement les enfants de Mourou et ses semblables.) Le terrain \u00e9tait lui aussi pr\u00eat pour que le programme soit mis en ex\u00e9cution:<\/p>\n<p class=\"c7\"><span class=\"c3\"><strong>\u2022<\/strong><\/span> Envoyer les enfants des autres \u00e0 la mort, au nom de Dieu!<\/p>\n<p class=\"c7\"><span class=\"c3\"><strong>\u2022<\/strong><\/span> Frapper fort et frapper partout, avec tous les moyens.<\/p>\n<p>Lors des deux derni\u00e8res attaques en France, c\u2019\u00e9tait \u00e9gorger l\u2019Autre sans m\u00eame le conna\u00eetre et aussi sans distinction. Brahim a pu tuer, en un temps record (30 mn)\u00a0 une personne \u00e2g\u00e9e, une dame de 44 ans et m\u00eame le sacristain de l\u2019\u00e9glise. Il aurait tu\u00e9 plus s\u2019il avait eu le temps !<\/p>\n<p>Il est bon de rappeler que\u00a0 cet \u00e9gorgeur au nom de Dieu, ignore la\u00a0 proc\u00e9dure du vrai \u00e9gorgeur (le boucher)\u00a0 \u00e0 l\u2019occasion de l\u2019Aid (f\u00eate du sacrifice). Ce dernier doit suivre une technique qui ne fait pas souffrir la b\u00eate. Il est g\u00e9n\u00e9ralement aid\u00e9\u00a0 de deux personnes, dans le m\u00eame esprit.\u00a0 Brahim a-t-il pratiqu\u00e9 l\u2019\u00e9gorgement chez lui? Impossible car on lui a appris \u00e0 tuer les humains, et \u00e0 sa fa\u00e7on.\u00a0<\/p>\n<p><span class=\"c5\"><span class=\"c6\"><strong>2. Brahim, l\u2019ex\u00e9cuteur id\u00e9al<\/strong><\/span><\/span><\/p>\n<p>Pour qu\u2019un jeune de 21 ans puisse ex\u00e9cuter sa t\u00e2che avec une telle facilit\u00e9, une telle rapidit\u00e9, il\u00a0 doit avoir eu une formation dans la violence et l\u2019inhumanit\u00e9 extr\u00eames. Depuis les premi\u00e8res heures qui ont suivi\u00a0 l\u2019attentat, les m\u00e9dias n\u2019ont pas arr\u00eat\u00e9 pas d\u2019analyser les donn\u00e9es ayant fait de lui un tueur impitoyable.<\/p>\n<p>Ibrahim avait pour ses commanditaires\u00a0 le profil id\u00e9al:<\/p>\n<p class=\"c7\"><span class=\"c3\"><strong>\u2022<\/strong><\/span> <strong><span class=\"c3\">La mis\u00e8re:<\/span><\/strong> le jeune homme est issu d\u2019une famille nombreuse (une dizaine d\u2019enfants) o\u00f9 chacun se d\u00e9brouille comme il peut pour survivre (selon les d\u00e9clarations de la m\u00e8re et du fr\u00e8re)<\/p>\n<p class=\"c7\"><span class=\"c3\"><strong>\u2022<\/strong><\/span> <span class=\"c3\"><strong>La d\u00e9linquance:<\/strong><\/span> ayant quitt\u00e9 t\u00f4t l\u2019\u00e9cole, il est livr\u00e9 \u00e0 la rue o\u00f9 il va faire l\u2019exp\u00e9rience de la drogue, de la violence, de la prison, etc.<\/p>\n<p class=\"c7\"><span class=\"c3\"><strong>\u2022<\/strong><\/span> <span class=\"c3\"><strong>La fragilit\u00e9:<\/strong><\/span> Brahim \u00e9tait le type de personnes facile \u00e0 enr\u00f4ler dans la pens\u00e9e jihadiste. Il avait \u00e0 peine 11 ans quand il a assist\u00e9 au grand rassemblement du parti Ettahrir \u00e0 Kairouan, le 20 mai 2012. A cette occasion le ma\u00eetre mot \u00e9tait : \u00ab Chaque musulman est un jihadiste, le jihadisme est une obligation. \u00bb\u00a0 Mokhtar Jebali, pr\u00e9sident du Front des Associations islamiques en Tunisie<\/p>\n<p><span class=\"c5\"><span class=\"c6\"><strong>3. Paradoxes, contrastes\u00a0 et autres mis\u00e8res<\/strong><\/span><\/span><\/p>\n<p>Scandalis\u00e9e par l\u2019acte de son fils, la famille est incapable d\u2019admettre que ce dernier soit l\u2019auteur d\u2019une telle violence. Pour le fr\u00e8re, il \u00e9tait parti sur la bonne voie : \u00ab De la maison \u00e0 la mosqu\u00e9e, pas beaucoup de contact etc. \u00bb En fait,\u00a0 c\u2019est dans cette m\u00eame voie que le jeune repenti pr\u00e9parait sa fin.<\/p>\n<p>Les commanditaires, eux,\u00a0 le consid\u00e8rent comme un h\u00e9ros, ayant r\u00e9ussi son coup et veng\u00e9 l\u2019Islam.<\/p>\n<p>Pour la Tunisie, Brahim un tueur de plus qui ne fait que ternir davantage l\u2019image du pays d\u00e9sormais connu comme un des plus grands r\u00e9servoirs de jihadistes. Paradoxalement, ce m\u00eame pays compte un grand nombre de <em>\u00abpersonnes capables de tenir un discours devant l\u2019Acad\u00e9mie fran\u00e7aise et d\u2019en avoir les honneurs\u00bb<\/em>. <strong>(Jean Daniel)<\/strong><br \/>Ces paradoxes, difficiles \u00e0 surmonter, sont \u00e0 l\u2019origine du malaise profond que vit la soci\u00e9t\u00e9 d\u2019une fa\u00e7on g\u00e9n\u00e9rale et plus particuli\u00e8rement les intellectuels, doublement malheureux d\u2019\u00eatre confront\u00e9s \u00e0 la pouss\u00e9e de l\u2019islamisme et d\u2019\u00eatre impuissants \u00e0 lui faire face. Les articles, les manifestations, les messages de solidarit\u00e9 et de d\u00e9nonciation n\u2019enl\u00e8vent rien \u00e0 la puissance de l\u2019hydre.<\/p>\n<p><span class=\"c5\"><span class=\"c6\"><strong>4. Le voyage de la mort<\/strong><\/span><\/span><\/p>\n<p>Comme des milliers de jeunes (tunisiens et autres)\u00a0 Brahim est parti en migrant clandestin. La grande diff\u00e9rence avec les autres, c\u2019est que pour lui, il s\u2019agit d\u2019une mission qu\u2019il r\u00e9ussit jusqu\u2019\u00e0 son arrestation, apr\u00e8s les trois meurtres.<\/p>\n<p class=\"c7\"><span class=\"c3\"><strong>\u2022<\/strong><\/span> <span class=\"c3\"><strong>Un\u00a0 d\u00e9part facile, organis\u00e9, pay\u00e9 :<\/strong><\/span> apparemment, le jeune homme n\u2019attendait que\u00a0 l\u2019ordre et il l\u2019 a re\u00e7u le 19 septembre. D\u2019o\u00f9 lui venaient les frais de la travers\u00e9e ? S\u00fbrement pas\u00a0 de ses maigres \u00e9conomies.\u00a0 Ces frais s\u2019\u00e9l\u00e8vent g\u00e9n\u00e9ralement \u00e0 3000 DT.\u00a0\u00a0<\/p>\n<p class=\"c7\"><span class=\"c3\"><strong>\u2022<\/strong><\/span> <span class=\"c3\"><strong>Le s\u00e9jour en Italie :<\/strong><\/span> le migrant clandestin\u00a0 a vite trouv\u00e9 du travail dans la cueillette des olives. Il a \u00e9galement\u00a0 pu se d\u00e9placer facilement, depuis Lampedusa \u00e0 Bari pour se trouver \u00e0\u00a0 Nice, lui qui n\u2019a jamais voyag\u00e9. Tout un r\u00e9seau est en place pour assurer le voyage de la mort.<\/p>\n<p class=\"c7\"><span class=\"c3\"><strong>\u2022<\/strong><\/span> <span class=\"c3\"><strong>Il a b\u00e9n\u00e9fici\u00e9 de la solidarit\u00e9 humaine (centre d\u2019accueil, secours juste apr\u00e8s son arrestation etc.).<\/strong><\/span> Mais quand il doit tuer, il n\u2019est plus dans l\u2019Humain car il doit\u00a0 ex\u00e9cuter le plan pour lequel il a \u00e9t\u00e9 engag\u00e9.<\/p>\n<p><span class=\"c6\"><span class=\"c5\"><strong>5. \u00ab Nous avons tout ce qu\u2019il faut ici, nous sommes bien organis\u00e9s\u2026 \u00bb<\/strong><\/span><\/span><\/p>\n<p>Il y a quelques ann\u00e9es, je voyageais en train entre Lausanne et Gen\u00e8ve. A mes c\u00f4t\u00e9s, vint prendre place un passager remarquable par sa grand de taille, sa tenue chic, sa mallette\u2026 Il a vite compris que j\u2019\u00e9tais tunisienne comme lui. On a commenc\u00e9 \u00e0 parler de la situation inqui\u00e9tante du pays sous la Tro\u00efka etc. Pour lui, tout allait bien pour les Musulmans d\u2019Europe : \u00ab On a nos circuits, nos affaires marchent bien, on n\u2019a besoin de personne\u2026 \u00bb\u00a0 C\u2019est avec les moyens et les discours de ce genre de Musulmans que Brahim a pu arriver jusqu\u2019\u00e0 la basilique de Nice et \u00f4ter la vie \u00e0 trois personnes sans h\u00e9siter ni craindre la moindre d\u00e9faillance, le moindre obstacle \u00e0 sa mission.<\/p>\n<p><span class=\"c6\"><span class=\"c5\"><strong>6. Le terrorisme low cost\u00a0<\/strong><\/span><\/span><\/p>\n<p>Apr\u00e8s le terrorisme aux moyens co\u00fbteux (avions, explosifs, fusils, etc.), on assiste \u00e0 un terrorisme peu co\u00fbteux : un ou plusieurs couteaux, un plan d\u00e9taill\u00e9, un appareil t\u00e9l\u00e9phonique.<\/p>\n<p>La cible ? Un berger, un enseignant, des personnes en pri\u00e8re, des touristes, un convoi de policiers ou de soldats etc. Une telle violence, une telle inhumanit\u00e9 sont le fruit d\u2019un endoctrinement f\u00e9roce.\u00a0<\/p>\n<p><span class=\"c5\"><span class=\"c6\"><strong>7. O\u00f9 est l\u2019Etat?<\/strong><\/span><\/span><\/p>\n<p>Ce sera dans un autre texte !<\/p>\n<p class=\"c8\"><strong>Gleya Maatallah<\/strong><br \/><span class=\"c2\"><em>Enseignante universitaire<br \/>Pr\u00e9sidente de l\u2019Association M\u00e9diterran\u00e9enne pour la P\u00e9dagogie et la Citoyennet\u00e9<\/em><\/span><br \/>\u00a0<\/p>\n<p>Auteur:<br \/>\n<a href=\"https:\/\/www.leaders.com.tn\/article\/30857-gleya-maatallah-brahim-en-mission-eclair-egorger\">Cliquez ici pour lire l&rsquo;article depuis sa source.<\/a><\/p>\n","protected":false},"excerpt":{"rendered":"<p>Par Gleya Maatallah &#8211; Ecrire \u00e0 chaud sous l\u2019effet du choc et de la col\u00e8re est diff\u00e9rent d\u2019\u00e9crire en prenant du recul. Un autre attentat vient de frapper l\u2019Autriche entre temps mais je voudrais dans ce qui suit, revenir sur le parcours de Brahim, ce jeune tueur dont le geste barbare a \u00e9branl\u00e9 la France [&hellip;]<\/p>\n","protected":false},"author":1772,"featured_media":103702,"comment_status":"closed","ping_status":"closed","sticky":false,"template":"","format":"standard","meta":{"fifu_image_url":"","fifu_image_alt":"","footnotes":""},"categories":[73,55],"tags":[],"class_list":["post-103701","post","type-post","status-publish","format-standard","has-post-thumbnail","hentry","category-actualite","category-tunisie"],"_links":{"self":[{"href":"https:\/\/linitiative.ca\/International\/wp-json\/wp\/v2\/posts\/103701","targetHints":{"allow":["GET"]}}],"collection":[{"href":"https:\/\/linitiative.ca\/International\/wp-json\/wp\/v2\/posts"}],"about":[{"href":"https:\/\/linitiative.ca\/International\/wp-json\/wp\/v2\/types\/post"}],"author":[{"embeddable":true,"href":"https:\/\/linitiative.ca\/International\/wp-json\/wp\/v2\/users\/1772"}],"replies":[{"embeddable":true,"href":"https:\/\/linitiative.ca\/International\/wp-json\/wp\/v2\/comments?post=103701"}],"version-history":[{"count":0,"href":"https:\/\/linitiative.ca\/International\/wp-json\/wp\/v2\/posts\/103701\/revisions"}],"wp:featuredmedia":[{"embeddable":true,"href":"https:\/\/linitiative.ca\/International\/wp-json\/"}],"wp:attachment":[{"href":"https:\/\/linitiative.ca\/International\/wp-json\/wp\/v2\/media?parent=103701"}],"wp:term":[{"taxonomy":"category","embeddable":true,"href":"https:\/\/linitiative.ca\/International\/wp-json\/wp\/v2\/categories?post=103701"},{"taxonomy":"post_tag","embeddable":true,"href":"https:\/\/linitiative.ca\/International\/wp-json\/wp\/v2\/tags?post=103701"}],"curies":[{"name":"wp","href":"https:\/\/api.w.org\/{rel}","templated":true}]}}