{"id":103703,"date":"2020-11-04T08:00:00","date_gmt":"2020-11-04T13:00:00","guid":{"rendered":"https:\/\/linitiative.ca\/International\/en-hommage-a-la-tunsie-me-donia-hedda-ellouze-decoree-de-la-legion-dhonneur-portugaise\/"},"modified":"2020-11-04T08:00:00","modified_gmt":"2020-11-04T13:00:00","slug":"en-hommage-a-la-tunsie-me-donia-hedda-ellouze-decoree-de-la-legion-dhonneur-portugaise","status":"publish","type":"post","link":"https:\/\/linitiative.ca\/International\/en-hommage-a-la-tunsie-me-donia-hedda-ellouze-decoree-de-la-legion-dhonneur-portugaise\/","title":{"rendered":"En hommage \u00e0 la Tunsie, Me Donia Hedda Ellouze, d\u00e9cor\u00e9e de la l\u00e9gion d\u2019honneur portugaise"},"content":{"rendered":"<p>L\u2019ambassadeur du Portugal \u00e0 Tunis, Jos\u00e9 Ludovice, ne pouvait mieux cl\u00f4turer sa mission de quatre ann\u00e9es en Tunisie. Au nom du pr\u00e9sident de la R\u00e9publique, Marcelo Rebelo de Sousa, il a remis les insignes de la L\u00e9gion d\u2019honneur, \u00e0 <a href=\"https:\/\/www.leaders.com.tn\/article\/23480-me-donia-el-hedda-ellouze-creer-une-nouvelle-dynamique-par-des-actions-concretes\">Me Donia Hedda Ellouze<\/a>. Brillante avocate du barreau de Tunis, et pr\u00e9sidente fondatrice de la Chambre de Commerce et d\u2019industrie tuniso-portugaise, l\u2019heureuse r\u00e9cipiendaire n\u2019a cess\u00e9 d\u2019\u0153uvrer depuis de longues ann\u00e9es \u00e0 la promotion des investissements et des \u00e9changes \u00e9conomiques entre les deux pays.<\/p>\n<p class=\"c2\"><img decoding=\"async\" src=\"\/uploads\/FCK_files\/D\u00e9coration-Donia-Dedda-Ellouze-moy1.jpg\" width=\"100%\" vspace=\"5\" hspace=\"5\" align=\"middle\" alt=\"\"\/><\/p>\n<p>Protocole Covid-19 oblige, la remise de la d\u00e9coration a eu lieu lors d\u2019une c\u00e9r\u00e9monie restreinte empreinte cependant d\u2019un vif hommage \u00e0 Me Hedda Ellouze et \u00e0 la Tunisie. L\u00e9gitimement, <a href=\"https:\/\/www.leaders.com.tn\/article\/23460-jose-frederico-ludovice-un-grand-potentiel-de-cooperation-dans-divers\">l\u2019ambassadeur Jos\u00e9 Ludovice<\/a>, qui avait pr\u00e9sent\u00e9 ses lettres de cr\u00e9ances au pr\u00e9sident de la R\u00e9publique, feu B\u00e9ji Ca\u00efd Essebsi, le 16 novembre 2016, a su capitaliser sur les projets initi\u00e9s par ses pr\u00e9d\u00e9cesseurs pour les faire aboutir et r\u00e9ussir de nouvelles r\u00e9alisations significatives. Qu\u2019il s\u2019agisse de la cr\u00e9ation de la Chambre mixte de commerce et d\u2019industrie ou de l\u2019association d\u2019amiti\u00e9 tuniso-portugaise, fond\u00e9e par <a href=\"https:\/\/www.leaders.com.tn\/article\/23485-hichem-elloumi-les-cles-de-la-reussite-du-partenariat-tuniso-portugais\">Hichem Elloumi<\/a>, ou encore de grandes visites de hauts dirigeants et d\u2019op\u00e9rateurs \u00e9conomiques des deux pays, il a su d\u00e9velopper des relations \u00e9troites et une coop\u00e9ration mutuellement b\u00e9n\u00e9fiques.<\/p>\n<p>Dans un geste hautement appr\u00e9ci\u00e9 des Tunisiens, le pr\u00e9sident du Portugal, <a href=\"https:\/\/www.leaders.com.tn\/article\/27590-le-president-du-portugal-des-ce-vendredi-soir-a-tunis-pour-les-funerailles-de-caid-essebsi\">Marcelo Rebelo de Sousa<\/a> avait tenu \u00e0 se rendre aux fun\u00e9railles du pr\u00e9sident B\u00e9ji Ca\u00efd Essebsi, le 29 juillet 2019 et prononc\u00e9 \u00e0 cette occasion un discours fort \u00e9mouvant.<\/p>\n<p class=\"c2\"><iframe loading=\"lazy\" src=\"https:\/\/www.youtube.com\/embed\/4bxixZGXbMc\" allow=\"accelerometer; autoplay; clipboard-write; encrypted-media; gyroscope; picture-in-picture\" allowfullscreen=\"\" width=\"560\" height=\"315\" frameborder=\"0\">[embedded content]<\/iframe><\/p>\n<p>Aussi, la c\u00e9l\u00e9bration du 60e anniversaire de l\u2019\u00e9tablissement des relations diplomatiques entre la Tunisie et le Portugal a \u00e9t\u00e9 marqu\u00e9e par une s\u00e9rie de rendez-vous de haut niveau. C\u2019est ainsi que <a href=\"https:\/\/www.leaders.com.tn\/article\/23457-tunisie-portugal-une-attractivite-reciproque\">le Premier ministre du Portugal, Ant\u00f3nio Costa, a effectu\u00e9 une visite officielle \u00e0 Tunis<\/a>, les 20 et 21 novembre, \u00e0 la t\u00eate d\u2019une importante d\u00e9l\u00e9gation officielle et d\u2019op\u00e9rateurs \u00e9conomiques. De nombreuses autres visites entre ministres, hauts fonctionnaires et hommes d\u2019affaires ont \u00e9t\u00e9 \u00e9galement \u00e9chang\u00e9es entre les deux pays. Tout r\u00e9cemment, Le chef de la diplomatie portugaise, <a href=\"https:\/\/www.leaders.com.tn\/article\/29347-le-chef-de-la-diplomatie-portugaise-augusto-santos-silva-ce-24-mars-a-tunis-quelles-opportunites\">Augusto Santos Silva, \u00e9tait en visite \u00e0 Tunis<\/a>, le 24 mars dernier.<\/p>\n<h2>\u00ab Soyez fiers de votre pays \u00bb<\/h2>\n<p>Sans avoir pratiquement eu le temps de reprendre son souffle, l\u2019ambassadeur Jos\u00e9 Ludovice, est ravi d\u2019avoir contribu\u00e9 <a href=\"https:\/\/www.leaders.com.tn\/article\/24984-comment-le-portugal-peut-inspirer-la-tunisie-dans-son-redressement-economique-photos-et-video\">\u00e0 ce nouvel \u00e9lan<\/a> imprim\u00e9 aux relations et la coop\u00e9ration bilat\u00e9rales et fier d\u2019avoir repr\u00e9sent\u00e9 son pays dans une Tunisie en pleine transition d\u00e9mocratique. \u00ab Soyez fiers, Tunisiens, de votre pays, lance-t-il \u00e0 ses amis. Vous avez parcouru une bonne partie d\u2019un chemin d\u2019excellence et vous abordez un avenir radieux. \u00bb<\/p>\n<p class=\"c2\"><img decoding=\"async\" src=\"\/uploads\/FCK_files\/D\u00e9coration-Donia-Dedda-Ellouze-moy(1).jpg\" alt=\"\" width=\"100%\" vspace=\"5\" hspace=\"5\" align=\"middle\"\/><\/p>\n<p>De Tunis, l\u2019ambassadeur Jos\u00e9 Ludovice est en effet mut\u00e9 \u00e0 Buenos Aires, en tant qu\u2019ambassadeur du Portugal en Argentine. Quatre de ses proches amis de Tunis s\u2019en f\u00e9licitent particuli\u00e8rement, l\u2019ambassadeur d\u2019Argentine, Claudio Claudio Javier Rozencwaig, l\u2019ambassadeure du Br\u00e9sil, Marcia Maro Da Silva, li\u00e9e par des attaches familiales en Argentine, le secr\u00e9taire g\u00e9n\u00e9ral du minist\u00e8re des Affaires \u00e9trang\u00e8res, Hichem Bayoudh, longtemps ambassadeur de Tunisie \u00e0 Buenos Aires et son successeur l\u2019actuel ambassadeur Mohamed Ali Abid, qui avait auparavant \u00e9t\u00e9 directeur g\u00e9n\u00e9ral du Protocole&#8230;<br \/>\u00a0<\/p>\n<p class=\"c2\">\u00a0<\/p>\n<p>Auteur:<br \/>\n<a href=\"https:\/\/www.leaders.com.tn\/article\/30858-me-donia-hedda-ellouze-decoree-de-la-legion-d-honneur-portugaise\">Cliquez ici pour lire l&rsquo;article depuis sa source.<\/a><\/p>\n","protected":false},"excerpt":{"rendered":"<p>L\u2019ambassadeur du Portugal \u00e0 Tunis, Jos\u00e9 Ludovice, ne pouvait mieux cl\u00f4turer sa mission de quatre ann\u00e9es en Tunisie. Au nom du pr\u00e9sident de la R\u00e9publique, Marcelo Rebelo de Sousa, il a remis les insignes de la L\u00e9gion d\u2019honneur, \u00e0 Me Donia Hedda Ellouze. Brillante avocate du barreau de Tunis, et pr\u00e9sidente fondatrice de la Chambre [&hellip;]<\/p>\n","protected":false},"author":1772,"featured_media":103704,"comment_status":"closed","ping_status":"closed","sticky":false,"template":"","format":"standard","meta":{"fifu_image_url":"","fifu_image_alt":"","footnotes":""},"categories":[73,55],"tags":[],"class_list":["post-103703","post","type-post","status-publish","format-standard","has-post-thumbnail","hentry","category-actualite","category-tunisie"],"_links":{"self":[{"href":"https:\/\/linitiative.ca\/International\/wp-json\/wp\/v2\/posts\/103703","targetHints":{"allow":["GET"]}}],"collection":[{"href":"https:\/\/linitiative.ca\/International\/wp-json\/wp\/v2\/posts"}],"about":[{"href":"https:\/\/linitiative.ca\/International\/wp-json\/wp\/v2\/types\/post"}],"author":[{"embeddable":true,"href":"https:\/\/linitiative.ca\/International\/wp-json\/wp\/v2\/users\/1772"}],"replies":[{"embeddable":true,"href":"https:\/\/linitiative.ca\/International\/wp-json\/wp\/v2\/comments?post=103703"}],"version-history":[{"count":0,"href":"https:\/\/linitiative.ca\/International\/wp-json\/wp\/v2\/posts\/103703\/revisions"}],"wp:featuredmedia":[{"embeddable":true,"href":"https:\/\/linitiative.ca\/International\/wp-json\/"}],"wp:attachment":[{"href":"https:\/\/linitiative.ca\/International\/wp-json\/wp\/v2\/media?parent=103703"}],"wp:term":[{"taxonomy":"category","embeddable":true,"href":"https:\/\/linitiative.ca\/International\/wp-json\/wp\/v2\/categories?post=103703"},{"taxonomy":"post_tag","embeddable":true,"href":"https:\/\/linitiative.ca\/International\/wp-json\/wp\/v2\/tags?post=103703"}],"curies":[{"name":"wp","href":"https:\/\/api.w.org\/{rel}","templated":true}]}}