{"id":103721,"date":"2020-11-04T14:18:57","date_gmt":"2020-11-04T19:18:57","guid":{"rendered":"https:\/\/linitiative.ca\/International\/encerclements-de-domiciles-dopposants-ivoiriens\/"},"modified":"2020-11-04T14:18:57","modified_gmt":"2020-11-04T19:18:57","slug":"encerclements-de-domiciles-dopposants-ivoiriens","status":"publish","type":"post","link":"https:\/\/linitiative.ca\/International\/encerclements-de-domiciles-dopposants-ivoiriens\/","title":{"rendered":"ENCERCLEMENTS DE DOMICILES D\u2019OPPOSANTS IVOIRIENS"},"content":{"rendered":"<div class=\"stream-item stream-item-above-post-content\">\n<p><noscript><\/p>\n<p><a href=\"\/\/www3.smartadserver.com\/ac?jump=1&amp;nwid=2136&amp;siteid=240610&amp;pgname=rg&amp;fmtid=49046&amp;visit=m&amp;tmstp=[timestamp]&amp;out=nonrich\" target=\"_blank\" rel=\"noopener noreferrer\"><img decoding=\"async\" src=\"http:\/\/www3.smartadserver.com\/ac?out=nonrich&amp;nwid=2136&amp;siteid=240610&amp;pgname=rg&amp;fmtid=49046&amp;visit=m&amp;tmstp=[timestamp]\" border=\"0\" alt=\"\"\/><\/a><\/p>\n<p><\/noscript><\/div>\n<p class=\"c3\"><em>Pour le pouvoir d\u2019Abidjan, c\u2019est la provocation de trop\u00a0! Suite \u00e0 la cr\u00e9ation du Conseil national de Transition (CNT), mis en place et pr\u00e9sid\u00e9 par le doyen de l\u2019opposition, Henri Konan B\u00e9di\u00e9 (HKB), les autorit\u00e9s ivoiriennes qui n\u2019y ont rien vu qu\u2019un acte de s\u00e9dition et de d\u00e9fiance, n\u2019ont pas tard\u00e9 \u00e0 r\u00e9agir.\u00a0 Dans l\u2019apr\u00e8s-midi du 3 novembre dernier, les forces de l\u2019ordre font une descente muscl\u00e9e dans les domiciles des opposants HKB, Pascal Affi N\u2019Guessan, Assoa Adou et Albert Toikeusse Mabri. Sans doute leurs r\u00e9sidences devraient-elles \u00eatre toujours encercl\u00e9es en ce moment par des \u00e9l\u00e9ments de la Police anti-\u00e9meute. Et ce n\u2019est pas tout\u00a0: des hauts cadres de l\u2019Opposition auraient \u00e9t\u00e9 interpell\u00e9s.\u00a0 Dans la foul\u00e9e de cette d\u00e9monstration de force, le gouvernement annonce avoir saisi la Justice ivoirienne afin que soient traduits devant les tribunaux, les responsables du CNT, accus\u00e9s \u00ab\u00a0d\u2019attentat et de complot contre l\u2019autorit\u00e9 de l\u2019Etat et l\u2019int\u00e9grit\u00e9 du territoire national\u00a0\u00bb. D\u00e9sormais donc quasiment r\u00e9duit \u00e0 quia, l\u2019organe cornaqu\u00e9 par HKB, qui entendait se substituer aux institutions r\u00e9publicaines, apprend \u00e0 ses d\u00e9pens que l\u2019Etat ivoirien se montrera ferme\u00a0; il ne tol\u00e8rera pas que son autorit\u00e9 soit \u00e0 ce point bafou\u00e9e et ne reculera devant rien pour cela. Pouvait-il d\u2019ailleurs en \u00eatre autrement surtout que ADO, candidat \u00e0 sa propre succession pour un 3<sup>e<\/sup> mandat, vient de sortir largement vainqueur du scrutin du 31 octobre dernier, avec un score sans appel de plus de 94 % des voix\u00a0? Fort de cette l\u00e9gitimit\u00e9, quoique contest\u00e9e par l\u2019opposition dont on se demande si elle n\u2019a pas pr\u00f4n\u00e9 le boycott des urnes pour masquer plut\u00f4t sa cuisante d\u00e9faite pr\u00e9visible, ADO ne pouvait que sonner la fin de la r\u00e9cr\u00e9ation. Et le pr\u00e9sident s\u2019est retrouv\u00e9 dans une position d\u2019autant plus favorable que les organisations sous-r\u00e9gionales dans leur grande majorit\u00e9, n\u2019ont pas trouv\u00e9 grand-chose \u00e0 redire sur la r\u00e9gularit\u00e9 de ce scrutin et que bien des \u00a0chancelleries occidentales ont pris bonne note de l\u2019annonce des r\u00e9sultats provisoires.<\/em><\/p>\n<p class=\"c3\"><em>\u00a0<\/em><\/p>\n<p class=\"c4\"><strong><em>Le mieux serait de privil\u00e9gier la voie de la n\u00e9gociation<\/em><\/strong><\/p>\n<p class=\"c3\"><em>\u00a0<\/em><\/p>\n<p class=\"c3\"><em>\u00a0Il est vrai que toutes sont inqui\u00e8tes de la situation qui pr\u00e9vaut en Eburnie. Face \u00e0 un tel climat de tension persistante, il faut vite agir avant qu\u2019il ne soit trop tard. Mais pour le pouvoir ivoirien qui semble avoir opt\u00e9 pour la fermet\u00e9, l\u2019erreur serait de croire que le tout-r\u00e9pressif pourrait constituer une solution durable et d\u00e9finitive \u00e0 la crise.\u00a0 Tout en brandissant le b\u00e2ton pour tenter de mettre fin aux bravades et autres faits et gestes du CNT de nature \u00e0 saper l\u2019autorit\u00e9 de l\u2019Etat et \u00e0 troubler l\u2019ordre public, le pouvoir ivoirien devrait savoir aussi user de la carotte. La situation en C\u00f4te d\u2019Ivoire est trop volatile pour qu\u2019on se permette de jouer avec des allumettes. A preuve\u00a0: l\u2019encerclement du domicile de la r\u00e9sidence du pr\u00e9sident du PDCI, a aussit\u00f4t donn\u00e9 lieu \u00e0 l\u2019\u00e9rection de barricades dans les rues de Cocody, quartier de r\u00e9sidence du Sphinx de Daoukro. C\u2019est dire s\u2019il faudra, pour \u00a0les autorit\u00e9s ivoiriennes, faire preuve d\u2019une prudence de sioux pour ne pas remuer les tisons. Quant \u00e0 l\u2019opposition, elle aurait tort de continuer \u00e0 se braquer, surtout que le rapport des forces n\u2019est pas en sa faveur. D\u2019abord parce que le CNT qu\u2019elle a mis sur pied, ne jouit pas d\u2019une reconnaissance internationale au point qu\u2019elle se voie en mesure d\u2019engager un bras de fer avec le pouvoir. Ensuite parce que son existence ne se fonde a priori sur aucune l\u00e9galit\u00e9 reconnue. Certes, on peut comprendre que HKB et compagnie tentent un dernier baroud d\u2019honneur, apr\u00e8s avoir lamentablement \u00e9chou\u00e9 \u00e0 emp\u00eacher ces \u00e9lections.\u00a0 Mais il importe \u00e0 pr\u00e9sent qu\u2019ils fassent preuve de lucidit\u00e9 pour ne pas s\u2019engager dans une autre bataille qui s\u2019annonce comme un combat d\u2019arri\u00e8re-garde. Le mieux, pour cette opposition, serait de privil\u00e9gier la voie de la n\u00e9gociation, comme l\u2019y a invit\u00e9e r\u00e9cemment d\u2019ailleurs le Christ de Mama. Quant \u00e0 ADO qui \u00e9trenne son 3<sup>e<\/sup> mandat, le plus dur reste \u00e0 faire, c\u2019est-\u00e0-dire r\u00e9concilier les Ivoiriens \u00e0 l\u2019issue d\u2019une \u00e9lection qui aura davantage accentu\u00e9 la fracture Nord-Sud.<\/em><\/p>\n<p class=\"c3\"><em>\u00a0<\/em><\/p>\n<p class=\"c4\"><strong><em>Par CBS<\/em><\/strong><\/p>\n<p>Auteur: Le Pays<br \/>\n<a href=\"http:\/\/lepays.bf\/encerclements-de-domiciles-dopposants-ivoiriens\/\">Cliquez ici pour lire l&rsquo;article depuis sa source.<\/a><\/p>\n","protected":false},"excerpt":{"rendered":"<p>Pour le pouvoir d\u2019Abidjan, c\u2019est la provocation de trop\u00a0! Suite \u00e0 la cr\u00e9ation du Conseil national de Transition (CNT), mis en place et pr\u00e9sid\u00e9 par le doyen de l\u2019opposition, Henri Konan B\u00e9di\u00e9 (HKB), les autorit\u00e9s ivoiriennes qui n\u2019y ont rien vu qu\u2019un acte de s\u00e9dition et de d\u00e9fiance, n\u2019ont pas tard\u00e9 \u00e0 r\u00e9agir.\u00a0 Dans l\u2019apr\u00e8s-midi [&hellip;]<\/p>\n","protected":false},"author":1813,"featured_media":0,"comment_status":"closed","ping_status":"closed","sticky":false,"template":"","format":"standard","meta":{"fifu_image_url":"","fifu_image_alt":"","footnotes":""},"categories":[73,81],"tags":[],"class_list":["post-103721","post","type-post","status-publish","format-standard","hentry","category-actualite","category-burkina-faso"],"_links":{"self":[{"href":"https:\/\/linitiative.ca\/International\/wp-json\/wp\/v2\/posts\/103721","targetHints":{"allow":["GET"]}}],"collection":[{"href":"https:\/\/linitiative.ca\/International\/wp-json\/wp\/v2\/posts"}],"about":[{"href":"https:\/\/linitiative.ca\/International\/wp-json\/wp\/v2\/types\/post"}],"author":[{"embeddable":true,"href":"https:\/\/linitiative.ca\/International\/wp-json\/wp\/v2\/users\/1813"}],"replies":[{"embeddable":true,"href":"https:\/\/linitiative.ca\/International\/wp-json\/wp\/v2\/comments?post=103721"}],"version-history":[{"count":0,"href":"https:\/\/linitiative.ca\/International\/wp-json\/wp\/v2\/posts\/103721\/revisions"}],"wp:attachment":[{"href":"https:\/\/linitiative.ca\/International\/wp-json\/wp\/v2\/media?parent=103721"}],"wp:term":[{"taxonomy":"category","embeddable":true,"href":"https:\/\/linitiative.ca\/International\/wp-json\/wp\/v2\/categories?post=103721"},{"taxonomy":"post_tag","embeddable":true,"href":"https:\/\/linitiative.ca\/International\/wp-json\/wp\/v2\/tags?post=103721"}],"curies":[{"name":"wp","href":"https:\/\/api.w.org\/{rel}","templated":true}]}}