{"id":103722,"date":"2020-11-04T15:48:11","date_gmt":"2020-11-04T20:48:11","guid":{"rendered":"https:\/\/linitiative.ca\/International\/gestion-de-la-cite-des-femmes-de-saaba-formees-pour-mieux-simpliquer\/"},"modified":"2020-11-04T15:48:11","modified_gmt":"2020-11-04T20:48:11","slug":"gestion-de-la-cite-des-femmes-de-saaba-formees-pour-mieux-simpliquer","status":"publish","type":"post","link":"https:\/\/linitiative.ca\/International\/gestion-de-la-cite-des-femmes-de-saaba-formees-pour-mieux-simpliquer\/","title":{"rendered":"Gestion de la cit\u00e9: des femmes de Saaba form\u00e9es  pour mieux s\u2019impliquer"},"content":{"rendered":"<div class=\"td-post-featured-image\"><a href=\"https:\/\/www.sidwaya.info\/wp-content\/uploads\/2020\/11\/femsaaba05.jpg\" data-caption=\"\"><img loading=\"lazy\" decoding=\"async\" width=\"696\" height=\"392\" class=\"entry-thumb td-modal-image\" src=\"https:\/\/www.sidwaya.info\/wp-content\/uploads\/2020\/11\/femsaaba05-696x392.jpg\" srcset=\"https:\/\/www.sidwaya.info\/wp-content\/uploads\/2020\/11\/femsaaba05-696x392.jpg 696w, https:\/\/www.sidwaya.info\/wp-content\/uploads\/2020\/11\/femsaaba05-300x169.jpg 300w, https:\/\/www.sidwaya.info\/wp-content\/uploads\/2020\/11\/femsaaba05-768x432.jpg 768w, https:\/\/www.sidwaya.info\/wp-content\/uploads\/2020\/11\/femsaaba05-746x420.jpg 746w, https:\/\/www.sidwaya.info\/wp-content\/uploads\/2020\/11\/femsaaba05.jpg 787w\" sizes=\"auto, (max-width: 696px) 100vw, 696px\" alt=\"\" title=\"femsaaba05\"\/><\/a><\/div>\n<p><strong>La coordination des Associations des femmes de la commune de Saaba a b\u00e9n\u00e9fici\u00e9 d\u2019une formation de 48 heures sur le th\u00e8me\u00a0\u00ab\u00a0Participation citoyenne des femmes et leur implication \u00e0 la gestion publique et politique de la commune de Saaba\u00a0\u00bb les lundi 2 et mardi 3 novembre 2020 dans ladite commune.<\/strong><\/p>\n<p>Dans la qu\u00eate d\u2019une participation citoyenne \u00e0 la gestion administrative et politique des femmes de la Commune de Saaba, la coordination des Associations f\u00e9minines de la commune, avec le soutien technique et financier de l\u2019Association \u00ab\u00a0Femme sociologue associ\u00e9e pour le d\u00e9veloppement\u00a0\u00bb (FESAG), a initi\u00e9 une formation au profit des femmes de cette commune les 2 et 3 novembre 2020 \u00e0 Ouagadougou sur le th\u00e8me \u00ab\u00a0Participation citoyenne des femmes et leur implication \u00e0 la gestion publique et politique de la commune de de Saaba\u00a0\u00bb. Au terme de cette formation, la formatrice Elisabeth Thio, par ailleurs membre de la FESAG, a indiqu\u00e9 que le public cible a \u00e9t\u00e9 form\u00e9 sur sa participation effective dans la gestion publique et politique de la commune de Saaba pour des \u00e9lections paisibles au Burkina Faso. A l\u2019en croire, les participantes sont venues de diverses associations des femmes de la commune de Saaba, regroup\u00e9es au sein d\u2019une coordination. Mme Thio a aussi expliqu\u00e9 que les associations des femmes concern\u00e9es par la formation interviennent dans divers domaines, telle que la protection de l\u2019enfance, des droits de la femme<br \/>et dans l\u2019assainissement. \u00ab\u00a0C\u2019est<br \/>la coordination des associations f\u00e9minines de la commune de Saaba qui a exprim\u00e9 le besoin de formation de ses membres apr\u00e8s un diasgnostic sur la non-participation des femmes dans la gestion de la chose publique dans cette partie du pays\u00a0\u00bb, a r\u00e9v\u00e9l\u00e9 Elisabeth Thio. La formatrice a dit avoir exhort\u00e9 les femmes \u00e0 plus d\u2019implication citoyenne dans la gestion des affaires publiques dans leur commune d\u2019origine. A l\u2019occasion, des notions sur le citoyen, ses devoirs mais aussi ses droits ont \u00e9t\u00e9 expliqu\u00e9s aux participantes. Selon bon nombre de participantes, les barri\u00e8res comme la peur des femmes \u00e0 s\u2019engager \u00e0 divers niveaux de la vie, pour des raisons telles le regard de la soci\u00e9t\u00e9, la crainte de repr\u00e9sailles de la part de leurs conjoints, rel\u00e8vent d\u00e9sormais du pass\u00e9 apr\u00e8s cette formation. La coordinatrice des associations f\u00e9minines de la commune de Saaba, Pauline Nana,\u00a0a confi\u00e9 que c\u2019est un r\u00e9el soulagement pour elle quant \u00e0 la tenue effective de cette formation au profit des membres de la structure, parce que la dol\u00e9ance \u00e9tait sur la table de la FESAG depuis un certain temps. \u00ab\u00a0Elles avaient besoin de cette formation pour se r\u00e9veiller et surtout se redonner confiance\u00a0\u00bb, confie-t-elle. \u00ab\u00a0Nous souhaitons que la collaboration entre ma structure et FESAG puisse se poursuivre pour une participation plus accrue des femmes dans la gestion de la cit\u00e9\u00a0\u00bb, a-t-elle ajout\u00e9. Sodr\u00e9 Pauline, l\u2019une des nombreuses participantes, est revenue sur la n\u00e9cessit\u00e9 pour les femmes en g\u00e9n\u00e9ral d\u2019avoir des formations qualifiantes, ce qui va lever un certain nombre de blocus dans leurs processus d\u2019int\u00e9gration \u00e0 divers niveaux de la soci\u00e9t\u00e9. \u00ab\u00a0Cette formation est la bienvenue parce que nous sommes dans une ann\u00e9e \u00e9lectorale et le th\u00e8me prend en compte cette r\u00e9alit\u00e9\u00a0\u00bb, a-t-elle confi\u00e9, visiblement satisfaite. Selon cette participante, la formation re\u00e7ue contribuera \u00e0 la coh\u00e9sion sociale, \u00e0 l\u2019entente et \u00e0 la solidarit\u00e9 entre les femmes et elles vont d\u2019abord compter sur elles-m\u00eames avant d\u2019attendre l\u2019accompagnement de l\u2019Etat et de ses structures d\u00e9concentr\u00e9es et d\u00e9centralis\u00e9es.<\/p>\n<p>A\u00efssatou B\u00e9lem<br \/>(Collaboratrice)<\/p>\n<div class=\"td-a-rec td-a-rec-id-content_bottom tdi_30_3af td_block_template_1\"><img loading=\"lazy\" decoding=\"async\" class=\"aligncenter size-full wp-image-27454\" src=\"https:\/\/www.sidwaya.info\/wp-content\/uploads\/2020\/10\/PUB-Bandeau-paiement-mobile-siteweb.jpg\" alt=\"\" width=\"728\" height=\"90\"\/><\/div>\n<p>Auteur: BM. Sidwaya<br \/>\n<a href=\"https:\/\/www.sidwaya.info\/blog\/2020\/11\/04\/gestion-de-la-cite-des-femmes-de-saaba-formees-pour-mieux-simpliquer\/\">Cliquez ici pour lire l&rsquo;article depuis sa source.<\/a><\/p>\n","protected":false},"excerpt":{"rendered":"<p>La coordination des Associations des femmes de la commune de Saaba a b\u00e9n\u00e9fici\u00e9 d\u2019une formation de 48 heures sur le th\u00e8me\u00a0\u00ab\u00a0Participation citoyenne des femmes et leur implication \u00e0 la gestion publique et politique de la commune de Saaba\u00a0\u00bb les lundi 2 et mardi 3 novembre 2020 dans ladite commune. Dans la qu\u00eate d\u2019une participation citoyenne [&hellip;]<\/p>\n","protected":false},"author":1816,"featured_media":103723,"comment_status":"closed","ping_status":"closed","sticky":false,"template":"","format":"standard","meta":{"fifu_image_url":"","fifu_image_alt":"","footnotes":""},"categories":[73,81],"tags":[],"class_list":["post-103722","post","type-post","status-publish","format-standard","has-post-thumbnail","hentry","category-actualite","category-burkina-faso"],"_links":{"self":[{"href":"https:\/\/linitiative.ca\/International\/wp-json\/wp\/v2\/posts\/103722","targetHints":{"allow":["GET"]}}],"collection":[{"href":"https:\/\/linitiative.ca\/International\/wp-json\/wp\/v2\/posts"}],"about":[{"href":"https:\/\/linitiative.ca\/International\/wp-json\/wp\/v2\/types\/post"}],"author":[{"embeddable":true,"href":"https:\/\/linitiative.ca\/International\/wp-json\/wp\/v2\/users\/1816"}],"replies":[{"embeddable":true,"href":"https:\/\/linitiative.ca\/International\/wp-json\/wp\/v2\/comments?post=103722"}],"version-history":[{"count":0,"href":"https:\/\/linitiative.ca\/International\/wp-json\/wp\/v2\/posts\/103722\/revisions"}],"wp:featuredmedia":[{"embeddable":true,"href":"https:\/\/linitiative.ca\/International\/wp-json\/"}],"wp:attachment":[{"href":"https:\/\/linitiative.ca\/International\/wp-json\/wp\/v2\/media?parent=103722"}],"wp:term":[{"taxonomy":"category","embeddable":true,"href":"https:\/\/linitiative.ca\/International\/wp-json\/wp\/v2\/categories?post=103722"},{"taxonomy":"post_tag","embeddable":true,"href":"https:\/\/linitiative.ca\/International\/wp-json\/wp\/v2\/tags?post=103722"}],"curies":[{"name":"wp","href":"https:\/\/api.w.org\/{rel}","templated":true}]}}