{"id":103728,"date":"2020-11-04T16:18:41","date_gmt":"2020-11-04T21:18:41","guid":{"rendered":"https:\/\/linitiative.ca\/International\/la-sissili-promet-la-victoire-au-cdp\/"},"modified":"2020-11-04T16:18:41","modified_gmt":"2020-11-04T21:18:41","slug":"la-sissili-promet-la-victoire-au-cdp","status":"publish","type":"post","link":"https:\/\/linitiative.ca\/International\/la-sissili-promet-la-victoire-au-cdp\/","title":{"rendered":"La Sissili promet la victoire au CDP"},"content":{"rendered":"<div class=\"td-post-featured-image\"><a href=\"https:\/\/www.sidwaya.info\/wp-content\/uploads\/2020\/11\/SISSILI05.jpg\" data-caption=\"\"><img loading=\"lazy\" decoding=\"async\" width=\"696\" height=\"522\" class=\"entry-thumb td-modal-image\" src=\"https:\/\/www.sidwaya.info\/wp-content\/uploads\/2020\/11\/SISSILI05-696x522.jpg\" srcset=\"https:\/\/www.sidwaya.info\/wp-content\/uploads\/2020\/11\/SISSILI05-696x522.jpg 696w, https:\/\/www.sidwaya.info\/wp-content\/uploads\/2020\/11\/SISSILI05-300x225.jpg 300w, https:\/\/www.sidwaya.info\/wp-content\/uploads\/2020\/11\/SISSILI05-768x576.jpg 768w, https:\/\/www.sidwaya.info\/wp-content\/uploads\/2020\/11\/SISSILI05-560x420.jpg 560w, https:\/\/www.sidwaya.info\/wp-content\/uploads\/2020\/11\/SISSILI05-80x60.jpg 80w, https:\/\/www.sidwaya.info\/wp-content\/uploads\/2020\/11\/SISSILI05-265x198.jpg 265w, https:\/\/www.sidwaya.info\/wp-content\/uploads\/2020\/11\/SISSILI05.jpg 974w\" sizes=\"auto, (max-width: 696px) 100vw, 696px\" alt=\"\" title=\"SISSILI05\"\/><\/a><\/div>\n<p><strong>Les militants du Congr\u00e8s pour la d\u00e9mocratie et le progr\u00e8s (CDP) de la province de la Sissili ont tenu, le mardi 3 novembre 2020 \u00e0 L\u00e9o, un meeting de soutien \u00e0 leurs candidats aux \u00e9lections coupl\u00e9es de novembre 2020.<\/strong><\/p>\n<p>Militants, sympathisants de partis alli\u00e9s, amis et associations, ont pris d\u2019assaut la place Natou du secteur 1 de L\u00e9o pour r\u00e9affirmer leur soutien \u00e0 Eddie Kombo\u00efgo, candidat du parti \u00e0 la pr\u00e9sidentielle et \u00e0 leurs candidats aux l\u00e9gislatives. Les repr\u00e9sentants des femmes et des jeunes ont rassur\u00e9 le candidat Eddie Kombo\u00efgo de leur soutien, tout en promettant de l\u2019accompagner au soir du 22 novembre 2020 \u00e0 Kosyam. Ils ont invit\u00e9 le candidat \u00e0 prendre en compte leurs pr\u00e9occupations, une fois \u00e9lu \u00e0 la magistrature supr\u00eame. Pour le Secr\u00e9taire g\u00e9n\u00e9ral de la section provinciale du CDP Sissili, Lassan\u00e9 Nignan, Eddie Kombo\u00efgo est le candidat id\u00e9al, celui sur qui le Burkina peut compter<br \/>pour sortir le pays \u00ab du chaos \u00e9conomique, social et s\u00e9curitaire \u00bb.<br \/>Il a rassur\u00e9 que les responsables du parti travailleront \u00e0 mobiliser l\u2019ensemble des militants et ceux qui h\u00e9sitent encore, \u00e0 avoir confiance en \u00abcet homme providentiel pour le Burkina \u00bb qu\u2019est Eddie Kombo\u00efgo. Il a, de ce fait, exhort\u00e9 l\u2019ensemble des militants \u00e0 voter massivement pour une victoire \u00e9clatante du CDP au soir du 22 novembre. Les repr\u00e9sentants des partis alli\u00e9s, Alain Zoubga de l\u2019autre Faso\/PSR et Amadou Dabo de l\u2019UNDD, ont joint leurs voix \u00e0 celles de leurs pr\u00e9d\u00e9cesseurs pour galvaniser les militants \u00e0 travailler en synergie pour un changement qualitatif. Le Directeur provincial de campagne de la Sissili, Alpha Yago, par ailleurs, candidat premier titulaire du CDP dans la Sissili, s\u2019est r\u00e9joui de la grande mobilisation des militants, sympathisants et amis autour du candidat Eddie Kombo\u00efgo. \u00abNous venons de loin, avec toute la travers\u00e9e du d\u00e9sert que le parti a connu. La mobilisation de ce soir nous donne un signe d\u2019espoir que la renaissance du CDP dans la Sissili est bien r\u00e9elle\u00bb, fait observer M. Yago. Il a ensuite rendu un vibrant hommage \u00e0 tous les devanciers qui ont travaill\u00e9 \u00e0 faire de la Sissili, un bastion du CDP.<br \/>Eddie Kombo\u00efgo a dit \u00eatre l\u2019incarnation d\u2019un changement qualitatif. \u00abVous avez fait le bon choix en venant massivement me soutenir\u00bb, a-t-il lanc\u00e9, ajoutant que la marche du CDP est une marche radieuse pour la conqu\u00eate du pouvoir.<br \/>Il a ensuite d\u00e9nonc\u00e9 la mauvaise gouvernance, l\u2019ins\u00e9curit\u00e9, le marasme \u00e9conomique, la grogne sociale. Il a pris l\u2019engagement de mettre fin \u00e0 tous ces maux une fois au pouvoir. Pour la ville de L\u00e9o, l\u2019accent sera mis sur l\u2019assainissement, la voirie et la sant\u00e9, notamment le Centre m\u00e9dical avec antenne chirurgicale (CMA) de L\u00e9o qui se trouve dans un \u00e9tat piteux. Sans oublier les femmes et les jeunes qu\u2019il dit placer au c\u0153ur de son programme.<\/p>\n<p>Olivier Alexandre NIGNAN<br \/>AIB\/L\u00e9o<\/p>\n<div class=\"td-a-rec td-a-rec-id-content_bottom tdi_30_d55 td_block_template_1\"><img loading=\"lazy\" decoding=\"async\" class=\"aligncenter size-full wp-image-27454\" src=\"https:\/\/www.sidwaya.info\/wp-content\/uploads\/2020\/10\/PUB-Bandeau-paiement-mobile-siteweb.jpg\" alt=\"\" width=\"728\" height=\"90\"\/><\/div>\n<p>Auteur: BM. Sidwaya<br \/>\n<a href=\"https:\/\/www.sidwaya.info\/blog\/2020\/11\/04\/la-sissili-promet-la-victoire-au-cdp\/\">Cliquez ici pour lire l&rsquo;article depuis sa source.<\/a><\/p>\n","protected":false},"excerpt":{"rendered":"<p>Les militants du Congr\u00e8s pour la d\u00e9mocratie et le progr\u00e8s (CDP) de la province de la Sissili ont tenu, le mardi 3 novembre 2020 \u00e0 L\u00e9o, un meeting de soutien \u00e0 leurs candidats aux \u00e9lections coupl\u00e9es de novembre 2020. Militants, sympathisants de partis alli\u00e9s, amis et associations, ont pris d\u2019assaut la place Natou du secteur [&hellip;]<\/p>\n","protected":false},"author":1816,"featured_media":103729,"comment_status":"closed","ping_status":"closed","sticky":false,"template":"","format":"standard","meta":{"fifu_image_url":"","fifu_image_alt":"","footnotes":""},"categories":[73,81],"tags":[],"class_list":["post-103728","post","type-post","status-publish","format-standard","has-post-thumbnail","hentry","category-actualite","category-burkina-faso"],"_links":{"self":[{"href":"https:\/\/linitiative.ca\/International\/wp-json\/wp\/v2\/posts\/103728","targetHints":{"allow":["GET"]}}],"collection":[{"href":"https:\/\/linitiative.ca\/International\/wp-json\/wp\/v2\/posts"}],"about":[{"href":"https:\/\/linitiative.ca\/International\/wp-json\/wp\/v2\/types\/post"}],"author":[{"embeddable":true,"href":"https:\/\/linitiative.ca\/International\/wp-json\/wp\/v2\/users\/1816"}],"replies":[{"embeddable":true,"href":"https:\/\/linitiative.ca\/International\/wp-json\/wp\/v2\/comments?post=103728"}],"version-history":[{"count":0,"href":"https:\/\/linitiative.ca\/International\/wp-json\/wp\/v2\/posts\/103728\/revisions"}],"wp:featuredmedia":[{"embeddable":true,"href":"https:\/\/linitiative.ca\/International\/wp-json\/"}],"wp:attachment":[{"href":"https:\/\/linitiative.ca\/International\/wp-json\/wp\/v2\/media?parent=103728"}],"wp:term":[{"taxonomy":"category","embeddable":true,"href":"https:\/\/linitiative.ca\/International\/wp-json\/wp\/v2\/categories?post=103728"},{"taxonomy":"post_tag","embeddable":true,"href":"https:\/\/linitiative.ca\/International\/wp-json\/wp\/v2\/tags?post=103728"}],"curies":[{"name":"wp","href":"https:\/\/api.w.org\/{rel}","templated":true}]}}