{"id":103730,"date":"2020-11-04T16:30:27","date_gmt":"2020-11-04T21:30:27","guid":{"rendered":"https:\/\/linitiative.ca\/International\/lamerique-a-lepreuve-des-urnes\/"},"modified":"2020-11-04T16:30:27","modified_gmt":"2020-11-04T21:30:27","slug":"lamerique-a-lepreuve-des-urnes","status":"publish","type":"post","link":"https:\/\/linitiative.ca\/International\/lamerique-a-lepreuve-des-urnes\/","title":{"rendered":"L\u2019Am\u00e9rique \u00e0 l\u2019\u00e9preuve des urnes"},"content":{"rendered":"<div class=\"td-post-featured-image\"><a href=\"https:\/\/www.sidwaya.info\/wp-content\/uploads\/2020\/11\/donald-trump-joe-biden.jpg\" data-caption=\"\"><img loading=\"lazy\" decoding=\"async\" width=\"696\" height=\"391\" class=\"entry-thumb td-modal-image\" src=\"https:\/\/www.sidwaya.info\/wp-content\/uploads\/2020\/11\/donald-trump-joe-biden-696x391.jpg\" srcset=\"https:\/\/www.sidwaya.info\/wp-content\/uploads\/2020\/11\/donald-trump-joe-biden-696x391.jpg 696w, https:\/\/www.sidwaya.info\/wp-content\/uploads\/2020\/11\/donald-trump-joe-biden-300x169.jpg 300w, https:\/\/www.sidwaya.info\/wp-content\/uploads\/2020\/11\/donald-trump-joe-biden-1024x576.jpg 1024w, https:\/\/www.sidwaya.info\/wp-content\/uploads\/2020\/11\/donald-trump-joe-biden-768x432.jpg 768w, https:\/\/www.sidwaya.info\/wp-content\/uploads\/2020\/11\/donald-trump-joe-biden-1068x601.jpg 1068w, https:\/\/www.sidwaya.info\/wp-content\/uploads\/2020\/11\/donald-trump-joe-biden-747x420.jpg 747w, https:\/\/www.sidwaya.info\/wp-content\/uploads\/2020\/11\/donald-trump-joe-biden.jpg 1250w\" sizes=\"auto, (max-width: 696px) 100vw, 696px\" alt=\"\" title=\"donald-trump-joe-biden\"\/><\/a><\/div>\n<p>Au del\u00e0 du r\u00e9sultat de la pr\u00e9sidentielle am\u00e9ricaine ce qu\u2019il faudra en retenir, est qu\u2019elle aura mis aux prises la \u00ab\u00a0vieille Am\u00e9rique \u00a0\u00bb des White anglo-saxons and protestants (WASP ou blancs anglo-saxons et protestants en fran\u00e7ais ) aux autres entendus globalement comme \u00e9tant les \u00ab\u00a0cathos\u00a0\u00bb, les juifs \u00ab\u00a0paum\u00e9s \u00ab\u00a0,les \u00ab\u00a0latinos \u00a0\u00bb et last but not the least les \u00ab\u00a0blacks\u00a0\u00bb des banlieues et des \u00ab\u00a0townships \u00a0\u00bb am\u00e9ricains\u00a0 les premiers entendant pr\u00e9server l\u2019ordre ancien tandis que les seconds r\u00eavent d\u2019\u00e9galit\u00e9, de fraternit\u00e9 et de libert\u00e9 pour tous. Pour tout dire, Donald Trump, le patron des orthodoxes de l\u2019ordre ancien, en sus du probl\u00e8me \u00ab\u00a0racial \u00a0\u00bb n\u2019entend aucunement laisser l\u2019Am\u00e9rique basculer entre les mains de \u00ab\u00a0socialo-populistes\u00a0\u00bb qui vont taxer les grosses fortunes au profit de programmes sociaux en destination des couches sociales d\u00e9favoris\u00e9es. On a vu que celles-ci ont \u00e9t\u00e9 les principales victimes du covid-19 du fait de leur incapacit\u00e9 financi\u00e8re \u00e0 acc\u00e9der au syst\u00e8me sanitaire am\u00e9ricain qui est l\u2019un des plus chers du monde .L\u2019Obamacare qui leur permettait d\u2019acc\u00e9der peu ou prou audit syst\u00e8me a pour l\u2019heure \u00e9t\u00e9 mise sous le boisseau par Donald Trump. Probl\u00e8me \u00e9conomique donc que cette probable victoire de Joe Biden pourrait entra\u00eener, ce qui a le don de heurter tout l\u2019establishment politico-financier d\u2019o\u00f9 ces atermoiements qui ont pr\u00e9c\u00e9d\u00e9 la publication des r\u00e9sultats, mais probl\u00e8me plus soci\u00e9tal, dans la mesure o\u00f9 l\u2019Am\u00e9rique \u00ab\u00a0puritaine \u00a0\u00bb a du mal \u00e0 accepter la mutation \u00ab\u00a0ethno-culturelle \u00a0\u00bb du pays et les cons\u00e9quences qu\u2019elle entraine. Apr\u00e8s la parenth\u00e8se Obama qui a quelque peu surpris les garants de l\u2019orthodoxie, il fallait vite reprendre la main et Trump \u00e9tait le cheval id\u00e9al pour cette occurrence, avec son discours \u00ab\u00a0viril\u00a0\u00bb en direction des \u00ab\u00a0nouvelles communaut\u00e9s \u00a0\u00bb et la chasse \u00e0 l\u2019homme orchestr\u00e9e contre les blacks que certains am\u00e9ricains ont du mal \u00e0 accepter l\u2019\u00e9l\u00e9vation sociale et politique. Si en 2016 tous ces laiss\u00e9s pour\u00a0 compte avaient boud\u00e9 le scrutin offrant un boulevard \u00e0 Trump et \u00e0 son camp (m\u00eame si la victoire a toujours des relents du soufre ) cette ann\u00e9e, la politique \u00ab\u00a0offensive \u00a0\u00bb de Trump les a r\u00e9veill\u00e9s et ils se sont d\u00e9plac\u00e9s en nombre pour sanctionner cette politique dans les urnes et redonner espoir au r\u00eave des p\u00e8res fondateurs dont les grandes lignes sont consign\u00e9es dans la d\u00e9claration d\u2019ind\u00e9pendance du 4 juillet 1776 \u00e9crite par Thomas Jefferson. Dans ses traits principaux, celle-ci pr\u00f4nait l\u2019\u00e9galit\u00e9 et la fraternit\u00e9 entre \u00ab\u00a0tous les Am\u00e9ricains \u00a0\u00bb m\u00eame si \u00e0 l\u2019\u00e9poque d\u00e9j\u00e0, l\u2019esclavage n\u2019avait pas \u00e9t\u00e9 aboli pour ne pas heurter les fermiers blancs du Sud propri\u00e9taires de nombreuses \u00ab\u00a0b\u00eates de somme\u00a0\u00bb Mais l\u2019id\u00e9al am\u00e9ricain, \u00e0 l\u2019instar de celui mandingue n\u00e9 de la r\u00e9daction de la charte de Kouroukan Fougan (ou Mande Kalinka) en 1236, \u00e9tait \u00e9tabli et \u00e9tait cens\u00e9 r\u00e9gir les rapports entre les Am\u00e9ricains de toutes provenances. Mais l\u2019id\u00e9al a ceci\u00a0 d\u2019inn\u00e9 qu\u2019il ne r\u00e9siste pas ou peu au mat\u00e9riel selon la bonne vieille maxime marxiste .Les rapports marchands puis financiers ont distendu les liens entre am\u00e9ricains avec ici aussi la naissance d\u2019un prol\u00e9tariat surtout urbain qui devient progressivement le cauchemar de l\u2019Am\u00e9rique actuelle. Un cauchemar qui tourne souvent au drame avec ces fusillades aveugles (g\u00e9n\u00e9ralement dans les campus de plus en plus gangren\u00e9s par les substances hallucinog\u00e8nes) et ces chasses aux n\u00e8gres qui nous rappellent ces chasses au lapin de garenne organis\u00e9es par les bourgeois de l\u2019Europe il y a quelques si\u00e8cles. L\u2019Am\u00e9rique a donc mal \u00e0 son corpus social elle qui refuse jusque-l\u00e0 le r\u00eave du R\u00e9v\u00e9rend Martin Luther King. Un r\u00eave que Obama a tent\u00e9 de r\u00e9veiller et dont Biden veut faire une r\u00e9alit\u00e9.\u00a0 Ce qu\u2019il faut craindre \u00e0 l\u2019issue de sa victoire probable c\u2019est que Trump aille au bras de fer judiciaire,\u00a0 avec une cour supr\u00eame qui lui est acquise et qui, il faut l\u2019esp\u00e9rer, respectera la loi fondamentale am\u00e9ricaine. Pour l\u2019heure, au moment o\u00f9 nous tracions ces lignes, les r\u00e9sultats n\u2019\u00e9taient pas encore connus, m\u00eame si, nous le r\u00e9p\u00e9tons, l\u2019enjeu ici ce n\u2019est pas le vainqueur mais bien ce qu\u2019il fera de sa victoire. Pour l\u2019essentiel, une certaine id\u00e9e de l\u2019Am\u00e9rique nous fait penser qu\u2019elle surmontera cette \u00e9preuve dans la douleur certes mais avec la r\u00e9silience qui caract\u00e9rise les grandes Nations.<\/p>\n<p>Boubakar SY<\/p>\n<div class=\"td-a-rec td-a-rec-id-content_bottom tdi_30_a92 td_block_template_1\"><img loading=\"lazy\" decoding=\"async\" class=\"aligncenter size-full wp-image-27454\" src=\"https:\/\/www.sidwaya.info\/wp-content\/uploads\/2020\/10\/PUB-Bandeau-paiement-mobile-siteweb.jpg\" alt=\"\" width=\"728\" height=\"90\"\/><\/div>\n<p>Auteur: BM. Sidwaya<br \/>\n<a href=\"https:\/\/www.sidwaya.info\/blog\/2020\/11\/04\/lamerique-a-lepreuve-des-urnes\/\">Cliquez ici pour lire l&rsquo;article depuis sa source.<\/a><\/p>\n","protected":false},"excerpt":{"rendered":"<p>Au del\u00e0 du r\u00e9sultat de la pr\u00e9sidentielle am\u00e9ricaine ce qu\u2019il faudra en retenir, est qu\u2019elle aura mis aux prises la \u00ab\u00a0vieille Am\u00e9rique \u00a0\u00bb des White anglo-saxons and protestants (WASP ou blancs anglo-saxons et protestants en fran\u00e7ais ) aux autres entendus globalement comme \u00e9tant les \u00ab\u00a0cathos\u00a0\u00bb, les juifs \u00ab\u00a0paum\u00e9s \u00ab\u00a0,les \u00ab\u00a0latinos \u00a0\u00bb et last but not [&hellip;]<\/p>\n","protected":false},"author":1816,"featured_media":103731,"comment_status":"closed","ping_status":"closed","sticky":false,"template":"","format":"standard","meta":{"fifu_image_url":"","fifu_image_alt":"","footnotes":""},"categories":[73,81],"tags":[],"class_list":["post-103730","post","type-post","status-publish","format-standard","has-post-thumbnail","hentry","category-actualite","category-burkina-faso"],"_links":{"self":[{"href":"https:\/\/linitiative.ca\/International\/wp-json\/wp\/v2\/posts\/103730","targetHints":{"allow":["GET"]}}],"collection":[{"href":"https:\/\/linitiative.ca\/International\/wp-json\/wp\/v2\/posts"}],"about":[{"href":"https:\/\/linitiative.ca\/International\/wp-json\/wp\/v2\/types\/post"}],"author":[{"embeddable":true,"href":"https:\/\/linitiative.ca\/International\/wp-json\/wp\/v2\/users\/1816"}],"replies":[{"embeddable":true,"href":"https:\/\/linitiative.ca\/International\/wp-json\/wp\/v2\/comments?post=103730"}],"version-history":[{"count":0,"href":"https:\/\/linitiative.ca\/International\/wp-json\/wp\/v2\/posts\/103730\/revisions"}],"wp:featuredmedia":[{"embeddable":true,"href":"https:\/\/linitiative.ca\/International\/wp-json\/"}],"wp:attachment":[{"href":"https:\/\/linitiative.ca\/International\/wp-json\/wp\/v2\/media?parent=103730"}],"wp:term":[{"taxonomy":"category","embeddable":true,"href":"https:\/\/linitiative.ca\/International\/wp-json\/wp\/v2\/categories?post=103730"},{"taxonomy":"post_tag","embeddable":true,"href":"https:\/\/linitiative.ca\/International\/wp-json\/wp\/v2\/tags?post=103730"}],"curies":[{"name":"wp","href":"https:\/\/api.w.org\/{rel}","templated":true}]}}