{"id":103732,"date":"2020-11-04T14:18:04","date_gmt":"2020-11-04T19:18:04","guid":{"rendered":"https:\/\/linitiative.ca\/International\/mariatou-kone-dement-sa-nomination-dans-le-gouvernement-du-conseil-national-de-transition\/"},"modified":"2020-11-04T14:18:04","modified_gmt":"2020-11-04T19:18:04","slug":"mariatou-kone-dement-sa-nomination-dans-le-gouvernement-du-conseil-national-de-transition","status":"publish","type":"post","link":"https:\/\/linitiative.ca\/International\/mariatou-kone-dement-sa-nomination-dans-le-gouvernement-du-conseil-national-de-transition\/","title":{"rendered":"Mariatou Kon\u00e9 d\u00e9ment sa nomination dans le gouvernement du Conseil national de transition"},"content":{"rendered":"<div readability=\"32\">\n<p>Publi\u00e9 le 04.11.2020 \u00e0 20h18 par APA News<\/p>\n<\/div>\n<div readability=\"63\">\n<p>La ministre ivoirienne de la Solidarit\u00e9, de la coh\u00e9sion sociale et de la lutte contre la pauvret\u00e9, Pr Mariatou Kon\u00e9 a d\u00e9menti mercredi sa pr\u00e9tendue nomination dans le gouvernement du Conseil national de transition ( CNT) de l\u2019opposition r\u00e9affirmant \u00ab son attachement \u00e0 la l\u00e9galit\u00e9 des institutions de la R\u00e9publique et au respect de l\u2019ordre constitutionnel\u00bb.\u00ab Mon nom appara\u00eet de fa\u00e7on r\u00e9currente sur les r\u00e9seaux sociaux comme membre d\u2019un gouvernement du Conseil national de transition qui serait form\u00e9 par les partis politiques de l\u2019opposition. Je tiens \u00e0 rassurer tout le monde que je ne suis concern\u00e9e ni de pr\u00e8s ni de loin par de telles publications qui rel\u00e8vent de la pure imagination et qui n\u2019engagent que leurs auteurs\u00bb, a indiqu\u00e9 Mme Kon\u00e9 dans un d\u00e9menti transmis \u00e0 APA.\u00a0<\/p>\n<p>\u00ab Les Ivoiriens, appel\u00e9s aux urnes, ont renouvel\u00e9 leur confiance au Pr\u00e9sident de la R\u00e9publique, Alassane Ouattara, \u00e0 qui j\u2019adresse toutes mes f\u00e9licitations et mes admirations pour cette r\u00e9\u00e9lection qui permettra de pr\u00e9server et consolider les acquis en mati\u00e8re de paix et de d\u00e9veloppement pour notre pays\u00bb, a poursuivi Mme Kon\u00e9 exprimant son attachement \u00ab \u00e0 la l\u00e9galit\u00e9 et au respect de l\u2019ordre constitutionnel \u00bb.\u00a0<\/p>\n<p>La plateforme de l\u2019opposition ivoirienne, qui a rejet\u00e9 l\u2019\u00e9lection pr\u00e9sidentielle ivoirienne du 31 octobre dernier, a annonc\u00e9 lundi dernier la cr\u00e9ation d\u2019un \u00a0organe de transition d\u00e9nomm\u00e9 \u00ab Conseil national de transition \u00bb ( CNT) pr\u00e9sid\u00e9 par Henri Konan B\u00e9di\u00e9, le pr\u00e9sident du Parti d\u00e9mocratique de C\u00f4te d\u2019Ivoire ( PDCI) qui devrait mettre en place un gouvernement de transition. \u00a0<\/p>\n<p>Depuis lors, bien que ce gouvernement n\u2019ai pas \u00e9t\u00e9 officiellement form\u00e9 et pr\u00e9sent\u00e9 par les leaders de l\u2019opposition , une liste de ministres nomm\u00e9s au sein \u00a0de cette \u00e9quipe circule sur les r\u00e9seaux sociaux et dans laquelle figurent les noms de certains ministres du pr\u00e9sident \u00e9lu Alassane Ouattara dont Pr Mariatou Kon\u00e9.<\/p>\n<\/div>\n<p>Auteur: APA News<br \/>\n<a href=\"https:\/\/www.journalducameroun.com\/mariatou-kone-dement-sa-nomination-dans-le-gouvernement-du-conseil-national-de-transition\/\">Cliquez ici pour lire l&rsquo;article depuis sa source.<\/a><\/p>\n","protected":false},"excerpt":{"rendered":"<p>Publi\u00e9 le 04.11.2020 \u00e0 20h18 par APA News La ministre ivoirienne de la Solidarit\u00e9, de la coh\u00e9sion sociale et de la lutte contre la pauvret\u00e9, Pr Mariatou Kon\u00e9 a d\u00e9menti mercredi sa pr\u00e9tendue nomination dans le gouvernement du Conseil national de transition ( CNT) de l\u2019opposition r\u00e9affirmant \u00ab son attachement \u00e0 la l\u00e9galit\u00e9 des institutions [&hellip;]<\/p>\n","protected":false},"author":1965,"featured_media":0,"comment_status":"closed","ping_status":"closed","sticky":false,"template":"","format":"standard","meta":{"fifu_image_url":"","fifu_image_alt":"","footnotes":""},"categories":[73,82],"tags":[],"class_list":["post-103732","post","type-post","status-publish","format-standard","hentry","category-actualite","category-cameroun"],"_links":{"self":[{"href":"https:\/\/linitiative.ca\/International\/wp-json\/wp\/v2\/posts\/103732","targetHints":{"allow":["GET"]}}],"collection":[{"href":"https:\/\/linitiative.ca\/International\/wp-json\/wp\/v2\/posts"}],"about":[{"href":"https:\/\/linitiative.ca\/International\/wp-json\/wp\/v2\/types\/post"}],"author":[{"embeddable":true,"href":"https:\/\/linitiative.ca\/International\/wp-json\/wp\/v2\/users\/1965"}],"replies":[{"embeddable":true,"href":"https:\/\/linitiative.ca\/International\/wp-json\/wp\/v2\/comments?post=103732"}],"version-history":[{"count":0,"href":"https:\/\/linitiative.ca\/International\/wp-json\/wp\/v2\/posts\/103732\/revisions"}],"wp:attachment":[{"href":"https:\/\/linitiative.ca\/International\/wp-json\/wp\/v2\/media?parent=103732"}],"wp:term":[{"taxonomy":"category","embeddable":true,"href":"https:\/\/linitiative.ca\/International\/wp-json\/wp\/v2\/categories?post=103732"},{"taxonomy":"post_tag","embeddable":true,"href":"https:\/\/linitiative.ca\/International\/wp-json\/wp\/v2\/tags?post=103732"}],"curies":[{"name":"wp","href":"https:\/\/api.w.org\/{rel}","templated":true}]}}