{"id":103733,"date":"2020-11-04T14:31:06","date_gmt":"2020-11-04T19:31:06","guid":{"rendered":"https:\/\/linitiative.ca\/International\/cameroun-intimidation-et-humiliation-deleves-et-enseignants-dans-une-ecole-a-limbe\/"},"modified":"2020-11-04T14:31:06","modified_gmt":"2020-11-04T19:31:06","slug":"cameroun-intimidation-et-humiliation-deleves-et-enseignants-dans-une-ecole-a-limbe","status":"publish","type":"post","link":"https:\/\/linitiative.ca\/International\/cameroun-intimidation-et-humiliation-deleves-et-enseignants-dans-une-ecole-a-limbe\/","title":{"rendered":"Cameroun : intimidation et humiliation d\u2019\u00e9l\u00e8ves et enseignants dans une \u00e9cole \u00e0 Limbe"},"content":{"rendered":"<div readability=\"32\">\n<p>Publi\u00e9 le 04.11.2020 \u00e0 20h31 par Christian Djimadeu<\/p>\n<\/div>\n<div readability=\"54\">\n<h2>Dans une vid\u00e9o qui circule sur les r\u00e9seaux sociaux, un groupe d\u2019hommes brutalise des jeunes \u00e9l\u00e8ves \u00a0et leurs enseignants dans un \u00e9tablissement scolaire de Limbe.<\/h2>\n<p>Dans cette vid\u00e9o, de jeunes \u00e9l\u00e8ves filles comme gar\u00e7ons, ainsi que leurs enseignants \u00a0sont compl\u00e8tement d\u00e9nud\u00e9s, brutalis\u00e9s par des individus qui leur reprochent d\u2019\u00eatre pr\u00e9sents \u00e0 l\u2019\u00e9cole.<\/p>\n<p>La sc\u00e8ne se d\u00e9roule au sein du <strong>Kulu Memorial coll\u00e8ge<\/strong> dans le d\u00e9partement du Fako, r\u00e9gion du Sud-Ouest.<\/p>\n<p>Internautes de tous bords condamnent cet acte de terreur sur des \u00e9l\u00e8ves en qu\u00eate de connaissance, et des enseignants qui dispensent le savoir.<\/p>\n<p>Pour le d\u00e9put\u00e9 <strong>Cabral Libii<\/strong>, \u00ab\u00a0<em>l\u2019objectif est manifestement de perturber la reprise des cours apr\u00e8s 04 longues ann\u00e9es blanches dans cette partie du pays<\/em>\u00a0\u00bb.<\/p>\n<p>Notons que la sc\u00e8ne se produit au lendemain de l\u2019enl\u00e8vement d\u2019au moins six enseignants \u00e0 Kumbo dans le Nord-Ouest. Et 11 jours apr\u00e8s le <strong>massacre sept jeunes \u00e9l\u00e8ves \u00e0 Kumba<\/strong>. Cabral Libii pense que\u00a0: \u00ab\u00a0<em>la situation n\u2019est manifestement pas ma\u00eetris\u00e9e. Un \u00e9tat d\u2019urgence devrait \u00eatre rapidement d\u00e9cr\u00e9t\u00e9 pendant que le r\u00e8glement politique de la crise se poursuit\u00a0<\/em>\u00bb.<\/p>\n<\/div>\n<p>Auteur: Christian DJIMADEU<br \/>\n<a href=\"https:\/\/www.journalducameroun.com\/cameroun-intimidation-et-humiliation-deleves-et-enseignants-dans-une-ecole-a-limbe\/\">Cliquez ici pour lire l&rsquo;article depuis sa source.<\/a><\/p>\n","protected":false},"excerpt":{"rendered":"<p>Publi\u00e9 le 04.11.2020 \u00e0 20h31 par Christian Djimadeu Dans une vid\u00e9o qui circule sur les r\u00e9seaux sociaux, un groupe d\u2019hommes brutalise des jeunes \u00e9l\u00e8ves \u00a0et leurs enseignants dans un \u00e9tablissement scolaire de Limbe. Dans cette vid\u00e9o, de jeunes \u00e9l\u00e8ves filles comme gar\u00e7ons, ainsi que leurs enseignants \u00a0sont compl\u00e8tement d\u00e9nud\u00e9s, brutalis\u00e9s par des individus qui leur [&hellip;]<\/p>\n","protected":false},"author":1965,"featured_media":0,"comment_status":"closed","ping_status":"closed","sticky":false,"template":"","format":"standard","meta":{"fifu_image_url":"","fifu_image_alt":"","footnotes":""},"categories":[73,82],"tags":[],"class_list":["post-103733","post","type-post","status-publish","format-standard","hentry","category-actualite","category-cameroun"],"_links":{"self":[{"href":"https:\/\/linitiative.ca\/International\/wp-json\/wp\/v2\/posts\/103733","targetHints":{"allow":["GET"]}}],"collection":[{"href":"https:\/\/linitiative.ca\/International\/wp-json\/wp\/v2\/posts"}],"about":[{"href":"https:\/\/linitiative.ca\/International\/wp-json\/wp\/v2\/types\/post"}],"author":[{"embeddable":true,"href":"https:\/\/linitiative.ca\/International\/wp-json\/wp\/v2\/users\/1965"}],"replies":[{"embeddable":true,"href":"https:\/\/linitiative.ca\/International\/wp-json\/wp\/v2\/comments?post=103733"}],"version-history":[{"count":0,"href":"https:\/\/linitiative.ca\/International\/wp-json\/wp\/v2\/posts\/103733\/revisions"}],"wp:attachment":[{"href":"https:\/\/linitiative.ca\/International\/wp-json\/wp\/v2\/media?parent=103733"}],"wp:term":[{"taxonomy":"category","embeddable":true,"href":"https:\/\/linitiative.ca\/International\/wp-json\/wp\/v2\/categories?post=103733"},{"taxonomy":"post_tag","embeddable":true,"href":"https:\/\/linitiative.ca\/International\/wp-json\/wp\/v2\/tags?post=103733"}],"curies":[{"name":"wp","href":"https:\/\/api.w.org\/{rel}","templated":true}]}}