{"id":103734,"date":"2020-11-04T17:18:03","date_gmt":"2020-11-04T22:18:03","guid":{"rendered":"https:\/\/linitiative.ca\/International\/cote-divoire-un-blocus-impose-aux-residences-de-bedie-affi-et-mabri-avocats-opposition\/"},"modified":"2020-11-04T17:18:03","modified_gmt":"2020-11-04T22:18:03","slug":"cote-divoire-un-blocus-impose-aux-residences-de-bedie-affi-et-mabri-avocats-opposition","status":"publish","type":"post","link":"https:\/\/linitiative.ca\/International\/cote-divoire-un-blocus-impose-aux-residences-de-bedie-affi-et-mabri-avocats-opposition\/","title":{"rendered":"C\u00f4te d\u2019Ivoire: un \u00ab\u00a0blocus\u00a0\u00bb impos\u00e9 aux r\u00e9sidences de B\u00e9di\u00e9, Affi et Mabri (avocats opposition)"},"content":{"rendered":"<div readability=\"32\">\n<p>Publi\u00e9 le 04.11.2020 \u00e0 23h18 par APA News<\/p>\n<\/div>\n<div readability=\"134\">\n<p>Un \u00ab\u00a0blocus\u00a0\u00bb a \u00e9t\u00e9 impos\u00e9 aux r\u00e9sidences de certains leaders de l\u2019opposition ivoirienne que sont notamment l\u2019ancien chef d\u2019Etat Henri Konan B\u00e9di\u00e9, Affi Nguessan, Mabri Toikeusse, selon un communiqu\u00e9 conjoint des avocats de M. B\u00e9di\u00e9 et de l\u2019opposition.Selon ce communiqu\u00e9, les avocats de M. B\u00e9di\u00e9 et des leaders de l\u2019opposition d\u00e9noncent un \u00ab\u00a0blocus impos\u00e9 aux r\u00e9sidences de Henri Konan B\u00e9di\u00e9, de l\u2019ancien Premier ministre Pascal Affi NGuessan et des anciens ministres Assoa Adou et Abdallah Toikeusse Mabri\u00a0\u00bb.\u00a0<\/p>\n<p>Le domicile de l\u2019ancien ministre Hubert Oulaye connait \u00e9galement cette sc\u00e8ne, selon ces avocats qui notent que ces actes \u00ab\u00a0ne rentrent dans aucun cadre l\u00e9gislatif et r\u00e8glementaire applicable en C\u00f4te d\u2019Ivoire, de sorte qu\u2019il doit \u00eatre qualifi\u00e9 de s\u00e9questration\u00a0\u00bb.\u00a0<\/p>\n<p>Le Collectif des avocats de Henri Konan B\u00e9di\u00e9 et des leaders de l\u2019opposition politique ivoirienne d\u00e9nonce de ce fait une \u00ab\u00a0tentative ill\u00e9gale d\u2019arrestation de Henri Konan B\u00e9di\u00e9, ancien pr\u00e9sident de la R\u00e9publique\u00a0\u00bb.\u00a0<\/p>\n<p>Le texte relate que ces \u00e9v\u00e8nements ont d\u00e9but\u00e9 le lundi 02 novembre 2020, lorsque \u00ab\u00a0des personnes lourdement arm\u00e9es, circulant \u00e0 bord de v\u00e9hicules des forces de d\u00e9fense et de s\u00e9curit\u00e9 ont attaqu\u00e9 nuitamment les r\u00e9sidences de M. B\u00e9di\u00e9\u00a0\u00bb.\u00a0<\/p>\n<p>Cette m\u00eame nuit, la r\u00e9sidence de M. Pascal Affi N\u2019Guessan, ancien Premier ministre et messieurs Assoa Adou et Abdallah Toikeusse Mabri, tous deux, anciens ministres et anciens d\u00e9put\u00e9s, ont connu cette sc\u00e8ne, souligne le collectif des avocats.\u00a0<\/p>\n<p>Le lendemain, 03 novembre 2020, en d\u00e9but d\u2019apr\u00e8s-midi, un important d\u00e9tachement de la police nationale appuy\u00e9 par un d\u00e9tachement du Groupe de s\u00e9curit\u00e9 de la pr\u00e9sidence de la R\u00e9publique (GSPR) a \u00ab\u00a0pris d\u2019assaut la r\u00e9sidence de M. B\u00e9di\u00e9 qu\u2019ils ont tent\u00e9 d\u2019interpeller\u00a0\u00bb, poursuit le communiqu\u00e9. \u00a0<\/p>\n<p>\u00ab\u00a0Face au refus de M. B\u00e9di\u00e9 d\u2019accepter d\u2019\u00eatre arr\u00eat\u00e9, les \u00e9l\u00e9ments de la police ont interpell\u00e9 plusieurs cadres de l\u2019opposition qui \u00e9taient \u00e0 ses c\u00f4t\u00e9s\u00a0\u00bb, dont M. Maurice Kakou Guikahu\u00e9, d\u00e9put\u00e9 \u00e0 l\u2019Assembl\u00e9e nationale, ancien ministre et secr\u00e9taire ex\u00e9cutif en chef du Parti d\u00e9mocratique de C\u00f4te d\u2019Ivoire (Pdci), indiquent les avocats. \u00a0<\/p>\n<p>M. Ezaley George Philippe, vice-pr\u00e9sident du Pdci, N\u2019Dri Kouadio Pierre Narcisse, directeur de Cabinet de B\u00e9di\u00e9, Mme Aminata N\u2019Diaye, secr\u00e9taire ex\u00e9cutive du Pdci, ont \u00e9t\u00e9 \u00e9galement interpell\u00e9s de m\u00eame que des membres de la famille de M. B\u00e9di\u00e9.\u00a0<\/p>\n<p>\u00ab\u00a0Toutes ces personnalit\u00e9s ont \u00e9t\u00e9 conduites vers une destination jusque-l\u00e0 inconnue\u00a0\u00bb, mentionne le collectif des avicats de l\u2019opposition, qui juge \u00ab\u00a0l\u2019interpellation ill\u00e9gale de M. Kakou Guikahu\u00e9 sans la lev\u00e9e pr\u00e9alable de son immunit\u00e9 parlementaire et la mise en \u0153uvre de la proc\u00e9dure sp\u00e9ciale li\u00e9e \u00e0 sa qualit\u00e9 d\u2019ancien ministre.\u00a0<\/p>\n<p>A c\u00f4t\u00e9 de ces personnalit\u00e9s, deux avocats inscrits au barreau de C\u00f4te d\u2019Ivoire ont \u00e9t\u00e9 interpell\u00e9s \u00e0 la R\u00e9sidence de M. Bedi\u00e9, avant d\u2019\u00eatre remis en libert\u00e9 ce mercredi, \u00ab\u00a0apr\u00e8s l\u2019intervention du b\u00e2tonnier de l\u2019Ordre des avocats et d\u2019autres personnalit\u00e9s\u00a0\u00bb.\u00a0<\/p>\n<p>\u00ab\u00a0A cette heure, la r\u00e9sidence de M. B\u00e9di\u00e9 est toujours encercl\u00e9e par les forces de l\u2019ordre qui emp\u00eachent toute entr\u00e9e ou sortie de ladite r\u00e9sidence faisant ainsi des r\u00e9sidents des personnes s\u00e9questr\u00e9es\u00a0\u00bb, ont indiqu\u00e9 les avocats en fin de soir\u00e9e de mercredi.\u00a0<\/p>\n<p>\u00ab\u00a0En sa qualit\u00e9 d\u2019ancien pr\u00e9sident de la R\u00e9publique, M. Henri Konan B\u00e9di\u00e9 ne peut \u00eatre priv\u00e9 de sa libert\u00e9 que par une proc\u00e9dure sp\u00e9ciale pr\u00e9vue et r\u00e8glement\u00e9e par la loi 2005-201 du 16 juin 2005 portant statut d\u2019ancien pr\u00e9sident de la R\u00e9publique, d\u2019ancien chef d\u2019Institution et d\u2019ancien membre du gouvernement\u00a0\u00bb, font observer les avocats.\u00a0<\/p>\n<p>Les avocats appellent le procureur g\u00e9n\u00e9ral pr\u00e8s la Cour d\u2019Appel d\u2019Abidjan et le procureur de la R\u00e9publique pr\u00e8s le Tribunal de premi\u00e8re instance d\u2019Abidjan, en sa qualit\u00e9 de directeur de la police judiciaire, \u00e0 \u00ab\u00a0mettre un terme, sans d\u00e9lai, \u00e0 ces actes ill\u00e9gaux d\u2019officiers de police judiciaire plac\u00e9s sous leur autorit\u00e9\u00a0\u00bb, conclut le communiqu\u00e9<\/p>\n<\/div>\n<p>Auteur: APA News<br \/>\n<a href=\"https:\/\/www.journalducameroun.com\/cote-divoire-un-blocus-impose-aux-residences-de-bedie-affi-et-mabri-avocats-opposition\/\">Cliquez ici pour lire l&rsquo;article depuis sa source.<\/a><\/p>\n","protected":false},"excerpt":{"rendered":"<p>Publi\u00e9 le 04.11.2020 \u00e0 23h18 par APA News Un \u00ab\u00a0blocus\u00a0\u00bb a \u00e9t\u00e9 impos\u00e9 aux r\u00e9sidences de certains leaders de l\u2019opposition ivoirienne que sont notamment l\u2019ancien chef d\u2019Etat Henri Konan B\u00e9di\u00e9, Affi Nguessan, Mabri Toikeusse, selon un communiqu\u00e9 conjoint des avocats de M. B\u00e9di\u00e9 et de l\u2019opposition.Selon ce communiqu\u00e9, les avocats de M. B\u00e9di\u00e9 et des [&hellip;]<\/p>\n","protected":false},"author":1965,"featured_media":0,"comment_status":"closed","ping_status":"closed","sticky":false,"template":"","format":"standard","meta":{"fifu_image_url":"","fifu_image_alt":"","footnotes":""},"categories":[73,82],"tags":[],"class_list":["post-103734","post","type-post","status-publish","format-standard","hentry","category-actualite","category-cameroun"],"_links":{"self":[{"href":"https:\/\/linitiative.ca\/International\/wp-json\/wp\/v2\/posts\/103734","targetHints":{"allow":["GET"]}}],"collection":[{"href":"https:\/\/linitiative.ca\/International\/wp-json\/wp\/v2\/posts"}],"about":[{"href":"https:\/\/linitiative.ca\/International\/wp-json\/wp\/v2\/types\/post"}],"author":[{"embeddable":true,"href":"https:\/\/linitiative.ca\/International\/wp-json\/wp\/v2\/users\/1965"}],"replies":[{"embeddable":true,"href":"https:\/\/linitiative.ca\/International\/wp-json\/wp\/v2\/comments?post=103734"}],"version-history":[{"count":0,"href":"https:\/\/linitiative.ca\/International\/wp-json\/wp\/v2\/posts\/103734\/revisions"}],"wp:attachment":[{"href":"https:\/\/linitiative.ca\/International\/wp-json\/wp\/v2\/media?parent=103734"}],"wp:term":[{"taxonomy":"category","embeddable":true,"href":"https:\/\/linitiative.ca\/International\/wp-json\/wp\/v2\/categories?post=103734"},{"taxonomy":"post_tag","embeddable":true,"href":"https:\/\/linitiative.ca\/International\/wp-json\/wp\/v2\/tags?post=103734"}],"curies":[{"name":"wp","href":"https:\/\/api.w.org\/{rel}","templated":true}]}}