{"id":103736,"date":"2020-11-04T18:03:40","date_gmt":"2020-11-04T23:03:40","guid":{"rendered":"https:\/\/linitiative.ca\/International\/des-ambassadeurs-echangent-avec-bedie-en-sa-residence-a-abidjan\/"},"modified":"2020-11-04T18:03:40","modified_gmt":"2020-11-04T23:03:40","slug":"des-ambassadeurs-echangent-avec-bedie-en-sa-residence-a-abidjan","status":"publish","type":"post","link":"https:\/\/linitiative.ca\/International\/des-ambassadeurs-echangent-avec-bedie-en-sa-residence-a-abidjan\/","title":{"rendered":"Des ambassadeurs \u00e9changent avec B\u00e9di\u00e9 en sa r\u00e9sidence \u00e0 Abidjan"},"content":{"rendered":"<div readability=\"32\">\n<p>Publi\u00e9 le 05.11.2020 \u00e0 00h18 par APA News<\/p>\n<\/div>\n<div readability=\"68\">\n<p>Les ambassadeurs des Etats-Unis en C\u00f4te d\u2019Ivoire, de l\u2019Union europ\u00e9enne (UE), de la France et de la Grande-Bretagne ont \u00e9chang\u00e9 mercredi apr\u00e8s-midi avec l\u2019ancien pr\u00e9sident Henri Konan B\u00e9di\u00e9 en sa r\u00e9sidence \u00e0 Cocody, dans l\u2019Est d\u2019Abidjan, dans un contexte socio-politique tendu.Cet \u00e9change \u00ab\u00a0vers 17h00\u00a0\u00bb, heure locale et Gmt, intervient apr\u00e8s l\u2019\u00e9lection pr\u00e9sidentielle du 31 octobre 2020, contest\u00e9e par l\u2019opposition dont M. B\u00e9di\u00e9 est le doyen d\u2019\u00e2ge. Depuis mardi, la r\u00e9sidence de M. B\u00e9di\u00e9 est selon ses avocats, impos\u00e9e \u00e0 un \u00ab\u00a0blocus\u00a0\u00bb des forces de l\u2019ordre qui ont \u00ab\u00a0encercl\u00e9\u00a0\u00bb son domicile.\u00a0<\/p>\n<p>Suite \u00e0 l\u2019annonce des r\u00e9sultats provisoires de la Commission \u00e9lectorale ind\u00e9pendante, donnant Alassane Ouattara vainqueur de l\u2019\u00e9lection pr\u00e9sidentielle, les leaders de l\u2019opposition, contestant sa r\u00e9\u00e9lection, ont cr\u00e9\u00e9 lundi un Conseil national de transition pr\u00e9sid\u00e9 par l\u2019ancien pr\u00e9sident ivoirien.<\/p>\n<p>M. B\u00e9di\u00e9, pr\u00e9sident de ce Conseil, devrait mettre en place un gouvernement de transition. Les leaders de l\u2019opposition qui ont d\u00e9cid\u00e9 de se r\u00e9unir mardi apr\u00e8s-midi pour annoncer ce gouvernement, ont \u00e9t\u00e9 emp\u00each\u00e9s par des forces de l\u2019ordre.<\/p>\n<p>Selon les avocats de M. B\u00e9di\u00e9 et des leaders de l\u2019opposition, un \u00ab\u00a0blocus\u00a0\u00bb a \u00e9t\u00e9 impos\u00e9 aux r\u00e9sidences de l\u2019ancien chef d\u2019Etat Henri Konan B\u00e9di\u00e9, ainsi que les opposants Affi Nguessan, Mabri Toikeusse et Hubert Oulaye, d\u00e9non\u00e7ant une \u00ab\u00a0s\u00e9questration\u00a0\u00bb. \u00a0<\/p>\n<\/div>\n<p>Auteur: APA News<br \/>\n<a href=\"https:\/\/www.journalducameroun.com\/des-ambassadeurs-echangent-avec-bedie-en-sa-residence-a-abidjan\/\">Cliquez ici pour lire l&rsquo;article depuis sa source.<\/a><\/p>\n","protected":false},"excerpt":{"rendered":"<p>Publi\u00e9 le 05.11.2020 \u00e0 00h18 par APA News Les ambassadeurs des Etats-Unis en C\u00f4te d\u2019Ivoire, de l\u2019Union europ\u00e9enne (UE), de la France et de la Grande-Bretagne ont \u00e9chang\u00e9 mercredi apr\u00e8s-midi avec l\u2019ancien pr\u00e9sident Henri Konan B\u00e9di\u00e9 en sa r\u00e9sidence \u00e0 Cocody, dans l\u2019Est d\u2019Abidjan, dans un contexte socio-politique tendu.Cet \u00e9change \u00ab\u00a0vers 17h00\u00a0\u00bb, heure locale et [&hellip;]<\/p>\n","protected":false},"author":1965,"featured_media":0,"comment_status":"closed","ping_status":"closed","sticky":false,"template":"","format":"standard","meta":{"fifu_image_url":"","fifu_image_alt":"","footnotes":""},"categories":[73,82],"tags":[],"class_list":["post-103736","post","type-post","status-publish","format-standard","hentry","category-actualite","category-cameroun"],"_links":{"self":[{"href":"https:\/\/linitiative.ca\/International\/wp-json\/wp\/v2\/posts\/103736","targetHints":{"allow":["GET"]}}],"collection":[{"href":"https:\/\/linitiative.ca\/International\/wp-json\/wp\/v2\/posts"}],"about":[{"href":"https:\/\/linitiative.ca\/International\/wp-json\/wp\/v2\/types\/post"}],"author":[{"embeddable":true,"href":"https:\/\/linitiative.ca\/International\/wp-json\/wp\/v2\/users\/1965"}],"replies":[{"embeddable":true,"href":"https:\/\/linitiative.ca\/International\/wp-json\/wp\/v2\/comments?post=103736"}],"version-history":[{"count":0,"href":"https:\/\/linitiative.ca\/International\/wp-json\/wp\/v2\/posts\/103736\/revisions"}],"wp:attachment":[{"href":"https:\/\/linitiative.ca\/International\/wp-json\/wp\/v2\/media?parent=103736"}],"wp:term":[{"taxonomy":"category","embeddable":true,"href":"https:\/\/linitiative.ca\/International\/wp-json\/wp\/v2\/categories?post=103736"},{"taxonomy":"post_tag","embeddable":true,"href":"https:\/\/linitiative.ca\/International\/wp-json\/wp\/v2\/tags?post=103736"}],"curies":[{"name":"wp","href":"https:\/\/api.w.org\/{rel}","templated":true}]}}