{"id":103751,"date":"2020-11-05T06:26:34","date_gmt":"2020-11-05T11:26:34","guid":{"rendered":"https:\/\/linitiative.ca\/International\/cameroun-lultime-hommage-aux-sept-eleves-assassines-a-kumba-le-24-octobre\/"},"modified":"2020-11-05T06:26:34","modified_gmt":"2020-11-05T11:26:34","slug":"cameroun-lultime-hommage-aux-sept-eleves-assassines-a-kumba-le-24-octobre","status":"publish","type":"post","link":"https:\/\/linitiative.ca\/International\/cameroun-lultime-hommage-aux-sept-eleves-assassines-a-kumba-le-24-octobre\/","title":{"rendered":"Cameroun: l\u2019ultime hommage aux sept \u00e9l\u00e8ves assassin\u00e9s \u00e0 Kumba le 24 octobre"},"content":{"rendered":"<div readability=\"32\">\n<p>Publi\u00e9 le 05.11.2020 \u00e0 12h26 par JournalduCameroun.com<\/p>\n<\/div>\n<div readability=\"55\">\n<h2 class=\"c6\">Le Premier ministre repr\u00e9sente le chef de l\u2019Etat \u00e0 ces obs\u00e8ques. Plusieurs membres du gouvernement \u00e9galement pr\u00e9sents \u00e0 Kumba ce 05 novembre.<\/h2>\n<p class=\"c7\">Les sept \u00e9l\u00e8ves sauvagement tu\u00e9s Mother Francisca International Bilingual Academy de Fiango, \u00e0 Kumba entament leur dernier voyage ce jeudi 5 novembre.<\/p>\n<p class=\"c7\">Une c\u00e9r\u00e9monie officielle des obs\u00e8ques a \u00e9t\u00e9 organis\u00e9e \u00e0 Kumba. Elle est pr\u00e9sid\u00e9e par le Premier ministre Chief Joseph Dion Ngute, arriv\u00e9 la veille dans la r\u00e9gion du Sud-ouest. A ses c\u00f4t\u00e9s, plusieurs autres ministres\u00a0: Nalova Lyonga des Enseignements secondaires, Laurent Serge Etoundi Ngoa de l\u2019Education de base, Pauline Ir\u00e8ne Nguene des Affaires sociales, Paul Atanga Nji de l\u2019Administration territoriale et Marie Th\u00e9r\u00e8se Abena Ondoua de la Promotion de la Femme et de la Famille.<\/p>\n<p><img loading=\"lazy\" decoding=\"async\" class=\"alignnone wp-image-378407\" src=\"https:\/\/www.journalducameroun.com\/wp-content\/uploads\/2020\/11\/EmDdglVXgAA7o-4.jpg\" alt=\"\" width=\"700\" height=\"525\" srcset=\"https:\/\/www.journalducameroun.com\/wp-content\/uploads\/2020\/11\/EmDdglVXgAA7o-4.jpg 2048w, https:\/\/www.journalducameroun.com\/wp-content\/uploads\/2020\/11\/EmDdglVXgAA7o-4-300x225.jpg 300w, https:\/\/www.journalducameroun.com\/wp-content\/uploads\/2020\/11\/EmDdglVXgAA7o-4-768x576.jpg 768w, https:\/\/www.journalducameroun.com\/wp-content\/uploads\/2020\/11\/EmDdglVXgAA7o-4-1024x768.jpg 1024w, https:\/\/www.journalducameroun.com\/wp-content\/uploads\/2020\/11\/EmDdglVXgAA7o-4-587x440.jpg 587w, https:\/\/www.journalducameroun.com\/wp-content\/uploads\/2020\/11\/EmDdglVXgAA7o-4-600x450.jpg 600w\" sizes=\"auto, (max-width: 700px) 100vw, 700px\"\/><\/p>\n<p class=\"c7\">Apr\u00e8s cette c\u00e9r\u00e9monie officielle, les d\u00e9pouilles seront rendues aux familles pour inhumation. Quelques jours plus t\u00f4t, le ministre de l\u2019Administration territoriale a re\u00e7u les familles \u00e0 <strong>Kumba<\/strong> pour leur remettre une aide financi\u00e8re.<\/p>\n<p class=\"c7\">Les auteurs de la tuerie du 24 octobre dernier sont toujours en fuite. Le gouvernement a annonc\u00e9 avoir tu\u00e9 l\u2019un d\u2019eux au cours d\u2019une op\u00e9ration militaire. Des t\u00e9moins \u00e9voquent une dizaine d\u2019hommes venus \u00e0 moto dans cette \u00e9cole o\u00f9 ils ont ensuite tu\u00e9 la plupart des \u00e9l\u00e8ves \u00e0 la machette.<\/p>\n<\/div>\n<p>Auteur: Ludovic Amara<br \/>\n<a href=\"https:\/\/www.journalducameroun.com\/cameroun-ultime-hommage-sept-eleves-assass-kumba-24-octobre\/\">Cliquez ici pour lire l&rsquo;article depuis sa source.<\/a><\/p>\n","protected":false},"excerpt":{"rendered":"<p>Publi\u00e9 le 05.11.2020 \u00e0 12h26 par JournalduCameroun.com Le Premier ministre repr\u00e9sente le chef de l\u2019Etat \u00e0 ces obs\u00e8ques. Plusieurs membres du gouvernement \u00e9galement pr\u00e9sents \u00e0 Kumba ce 05 novembre. Les sept \u00e9l\u00e8ves sauvagement tu\u00e9s Mother Francisca International Bilingual Academy de Fiango, \u00e0 Kumba entament leur dernier voyage ce jeudi 5 novembre. Une c\u00e9r\u00e9monie officielle des [&hellip;]<\/p>\n","protected":false},"author":1965,"featured_media":103757,"comment_status":"closed","ping_status":"closed","sticky":false,"template":"","format":"standard","meta":{"fifu_image_url":"","fifu_image_alt":"","footnotes":""},"categories":[73,82],"tags":[],"class_list":["post-103751","post","type-post","status-publish","format-standard","has-post-thumbnail","hentry","category-actualite","category-cameroun"],"_links":{"self":[{"href":"https:\/\/linitiative.ca\/International\/wp-json\/wp\/v2\/posts\/103751","targetHints":{"allow":["GET"]}}],"collection":[{"href":"https:\/\/linitiative.ca\/International\/wp-json\/wp\/v2\/posts"}],"about":[{"href":"https:\/\/linitiative.ca\/International\/wp-json\/wp\/v2\/types\/post"}],"author":[{"embeddable":true,"href":"https:\/\/linitiative.ca\/International\/wp-json\/wp\/v2\/users\/1965"}],"replies":[{"embeddable":true,"href":"https:\/\/linitiative.ca\/International\/wp-json\/wp\/v2\/comments?post=103751"}],"version-history":[{"count":0,"href":"https:\/\/linitiative.ca\/International\/wp-json\/wp\/v2\/posts\/103751\/revisions"}],"wp:featuredmedia":[{"embeddable":true,"href":"https:\/\/linitiative.ca\/International\/wp-json\/"}],"wp:attachment":[{"href":"https:\/\/linitiative.ca\/International\/wp-json\/wp\/v2\/media?parent=103751"}],"wp:term":[{"taxonomy":"category","embeddable":true,"href":"https:\/\/linitiative.ca\/International\/wp-json\/wp\/v2\/categories?post=103751"},{"taxonomy":"post_tag","embeddable":true,"href":"https:\/\/linitiative.ca\/International\/wp-json\/wp\/v2\/tags?post=103751"}],"curies":[{"name":"wp","href":"https:\/\/api.w.org\/{rel}","templated":true}]}}