{"id":103756,"date":"2020-11-05T08:36:32","date_gmt":"2020-11-05T13:36:32","guid":{"rendered":"https:\/\/linitiative.ca\/International\/sit-in-del-kamour-audio-abir-moussi-appelle-mechichi-a-appliquer-la-loi\/"},"modified":"2020-11-05T08:36:32","modified_gmt":"2020-11-05T13:36:32","slug":"sit-in-del-kamour-audio-abir-moussi-appelle-mechichi-a-appliquer-la-loi","status":"publish","type":"post","link":"https:\/\/linitiative.ca\/International\/sit-in-del-kamour-audio-abir-moussi-appelle-mechichi-a-appliquer-la-loi\/","title":{"rendered":"Sit-in d\u2019El Kamour- audio : Abir Moussi appelle Mechichi \u00e0 appliquer la loi"},"content":{"rendered":"<div class=\"post-cont-in left relative\">\n<div id=\"post-info-wrap\" class=\"left relative post-info-out\">\n<div class=\"post-info-img left relative\"><img loading=\"lazy\" decoding=\"async\" alt=\"\" src=\"https:\/\/secure.gravatar.com\/avatar\/ed5c6a7d95d6e9c8df05ef88b2f03bb8?s=50&amp;d=mm&amp;r=g\" srcset=\"https:\/\/secure.gravatar.com\/avatar\/ed5c6a7d95d6e9c8df05ef88b2f03bb8?s=100&amp;d=mm&amp;r=g 2x\" class=\"avatar avatar-50 photo\" height=\"50\" width=\"50\"\/><\/div>\n<div class=\"post-info-in\">\n<div class=\"post-info-right left relative post-info-name left relative\"><span itemprop=\"author\" itemscope=\"\" itemtype=\"https:\/\/schema.org\/Person\"><span class=\"post-info-text\">Par<\/span> <span class=\"author-name vcard fn author\" itemprop=\"name\"><a href=\"https:\/\/www.tunisienumerique.com\/author\/laameri-dorsaf\/\" title=\"Articles par Laameri Dorsaf\" rel=\"author\">Laameri Dorsaf<\/a><\/span><\/span> <span class=\"post-date updated\"><time class=\"post-date updated\" itemprop=\"datePublished\" datetime=\"2020-11-05\">\u00a0| Il y a 9 secondes<\/time><\/span><\/div>\n<div class=\"left relative\"><button id=\"listenButton1\" class=\"responsivevoice-button\" type=\"button\" value=\"Play\" title=\"&#xC9;coutez l'article\"><span>\ud83d\udd0a \u00c9coutez l&rsquo;article<\/span><\/button> <\/div>\n<\/div>\n<\/div>\n<p>Dans une d\u00e9claration accord\u00e9e \u00e0 Tunisienumerique, ce jeudi 5 novembre 2020, la pr\u00e9sidente du parti destourien libre, Abir Moussi a comment\u00e9 ce qui se passe actuellement au Kamour, notamment, apr\u00e8s les d\u00e9clarations du chef du gouvernement selon lesquelles l\u2019Etat va recourir \u00e0 la force pour mettre fin au sit-in. Moussi a rappel\u00e9 que sa position \u00e9tait claire d\u00e8s le d\u00e9but, affirmant qu\u2019il n\u2019en n\u2019est pas question de\u00a0 toucher \u00e0 la s\u00e9curit\u00e9 nationale. Selon elle, il est inadmissible que le gouvernement n\u00e9gocie alors que la vanne est ferm\u00e9e.<\/p>\n<div class=\"code-block code-block-1 c4\"><ins class=\"adsbygoogle c3\" data-ad-layout=\"in-article\" data-ad-format=\"fluid\" data-ad-client=\"ca-pub-2102118777505746\" data-ad-slot=\"7301775417\"\/> <\/div>\n<p>Dans ce sens, Moussi a estim\u00e9 qu\u2019il fallait ouvrir la vanne puis n\u00e9gocier, en appelant Mechichi \u00e0 appliquer la loi.<\/p>\n<p>\u00a0<span><strong>d\u00e9claration de Abir Moussi<\/strong><\/span><\/p>\n<div class=\"swp_social_panel swp_horizontal_panel swp_flat_fresh swp_default_full_color swp_individual_full_color swp_other_full_color scale-100 scale-\" data-min-width=\"1100\" data-float-color=\"#ffffff\" data-float=\"bottom\" data-float-mobile=\"bottom\" data-transition=\"slide\">\n<div class=\"nc_tweetContainer swp_share_button total_shares total_sharesalt\"><span class=\"swp_count\">1 <span class=\"swp_label\">Partages<\/span><\/span><\/div>\n<\/div>\n<p><strong>Que se passe-t-il en Tunisie?<\/strong><br \/>Nous expliquons sur notre <a href=\"https:\/\/www.youtube.com\/channel\/UCRzypVq0B_yBad5eGrwBx0Q?sub_confirmation=1\" target=\"_blank\" rel=\"noopener noreferrer\">cha\u00eene YouTube<\/a> . <a href=\"https:\/\/www.youtube.com\/channel\/UCRzypVq0B_yBad5eGrwBx0Q?sub_confirmation=1\" target=\"_blank\" rel=\"noopener noreferrer\">Abonnez-vous!<\/a><\/p>\n<div class=\"mvp-org-wrap mvp-org-logo\" itemprop=\"publisher\" itemscope=\"\" itemtype=\"https:\/\/schema.org\/Organization\"><img decoding=\"async\" src=\"https:\/\/www.tunisienumerique.com\/wp-content\/uploads\/2017\/02\/logo_tunisie_numerique.png\"\/><\/div>\n<div class=\"post-tags\"><span class=\"post-tags-header\">Sujets Connexes:<\/span><\/div>\n<div id=\"article-ad\"><ins class=\"adsbygoogle c5\" data-ad-client=\"ca-pub-2102118777505746\" data-ad-slot=\"6513972734\" data-ad-format=\"auto\" data-full-width-responsive=\"true\"\/> <\/div>\n<\/div>\n<div id=\"post-sidebar-wrap\"><ins class=\"adsbygoogle c5\" data-ad-client=\"ca-pub-2102118777505746\" data-ad-slot=\"6168283410\" data-ad-format=\"auto\" data-full-width-responsive=\"true\"\/> <\/div>\n<p>Auteur: Laameri Dorsaf<br \/>\n<a href=\"https:\/\/www.tunisienumerique.com\/sit-in-del-kamour-audio-abir-moussi-appelle-mechichi-a-appliquer-la-loi\/\">Cliquez ici pour lire l&rsquo;article depuis sa source.<\/a><\/p>\n","protected":false},"excerpt":{"rendered":"<p>Par Laameri Dorsaf \u00a0| Il y a 9 secondes \ud83d\udd0a \u00c9coutez l&rsquo;article Dans une d\u00e9claration accord\u00e9e \u00e0 Tunisienumerique, ce jeudi 5 novembre 2020, la pr\u00e9sidente du parti destourien libre, Abir Moussi a comment\u00e9 ce qui se passe actuellement au Kamour, notamment, apr\u00e8s les d\u00e9clarations du chef du gouvernement selon lesquelles l\u2019Etat va recourir \u00e0 la [&hellip;]<\/p>\n","protected":false},"author":1789,"featured_media":0,"comment_status":"closed","ping_status":"closed","sticky":false,"template":"","format":"standard","meta":{"fifu_image_url":"","fifu_image_alt":"","footnotes":""},"categories":[73,55],"tags":[],"class_list":["post-103756","post","type-post","status-publish","format-standard","hentry","category-actualite","category-tunisie"],"_links":{"self":[{"href":"https:\/\/linitiative.ca\/International\/wp-json\/wp\/v2\/posts\/103756","targetHints":{"allow":["GET"]}}],"collection":[{"href":"https:\/\/linitiative.ca\/International\/wp-json\/wp\/v2\/posts"}],"about":[{"href":"https:\/\/linitiative.ca\/International\/wp-json\/wp\/v2\/types\/post"}],"author":[{"embeddable":true,"href":"https:\/\/linitiative.ca\/International\/wp-json\/wp\/v2\/users\/1789"}],"replies":[{"embeddable":true,"href":"https:\/\/linitiative.ca\/International\/wp-json\/wp\/v2\/comments?post=103756"}],"version-history":[{"count":0,"href":"https:\/\/linitiative.ca\/International\/wp-json\/wp\/v2\/posts\/103756\/revisions"}],"wp:attachment":[{"href":"https:\/\/linitiative.ca\/International\/wp-json\/wp\/v2\/media?parent=103756"}],"wp:term":[{"taxonomy":"category","embeddable":true,"href":"https:\/\/linitiative.ca\/International\/wp-json\/wp\/v2\/categories?post=103756"},{"taxonomy":"post_tag","embeddable":true,"href":"https:\/\/linitiative.ca\/International\/wp-json\/wp\/v2\/tags?post=103756"}],"curies":[{"name":"wp","href":"https:\/\/api.w.org\/{rel}","templated":true}]}}