{"id":103761,"date":"2020-11-05T08:04:42","date_gmt":"2020-11-05T13:04:42","guid":{"rendered":"https:\/\/linitiative.ca\/International\/la-marche-verte-une-memoire-en-branle\/"},"modified":"2020-11-05T08:04:42","modified_gmt":"2020-11-05T13:04:42","slug":"la-marche-verte-une-memoire-en-branle","status":"publish","type":"post","link":"https:\/\/linitiative.ca\/International\/la-marche-verte-une-memoire-en-branle\/","title":{"rendered":"La marche verte, une m\u00e9moire en branle!"},"content":{"rendered":"<p class=\"has-text-color c2\"><strong>Aujourd\u2019hui, le royaume glorifie l\u2019une de ses \u00e9pop\u00e9es nationales les plus marquantes de son histoire contemporaine. En ce moment d\u2019exaltation, depuis quarante cinq ans, jour pour jour, le peuple marocain, du d\u00e9troit aux antipodes du Sahara, s\u2019en ivre de festoiement all\u00e8gre d\u2019avoir recouvr\u00e9 ses terres spoli\u00e9es et en faire des orf\u00e8vres d\u2019essor tous azimuts.<\/strong><\/p>\n<p>La marche verte constitue non seulement un \u00e9v\u00e9nement de liesse populaire, symbolisant l\u2019accointance passionn\u00e9e d\u2019une Nation, mais \u00e9galement une sacralit\u00e9 identitaire dont les temps ne font que fortifier intens\u00e9ment. Nul ne saurait faiblir cette symbiose nationale, ardemment tiss\u00e9e entre la monarchie et son peuple, sous le m\u00eame toit de la souverainet\u00e9 acquise.<\/p>\n<p>Durant presque un demi si\u00e8cle de ce croisement s\u00e9culaire, il ne fait pas de doute que c\u2019est bel et bien le panache patriotique qui s\u2019en est hardiment consolid\u00e9 et sur les rochers desquels vient s\u2019estomper vilement la pr\u00e9dation vorace des galonn\u00e9s d\u2019Alger. En fait, la voisine de l\u2019est a beau fomenter des tartufferies de toutes pi\u00e8ces, il s\u2019en est pli\u00e9e l\u2019\u00e9chine, \u00e0 chaque d\u00e9convenue dont l\u2019ultime en date n\u2019est autre que la r\u00e9cente r\u00e9solution onusienne du conseil de s\u00e9curit\u00e9.<\/p>\n<p>Elle n\u2019a pas cess\u00e9 de se faire vilement d\u00e9savouer aupr\u00e8s de la communaut\u00e9 internationale qui lui fait savoir qu\u2019elle fait partie du conflit auquel elle fourre le nez, \u00e0 travers l\u2019outil fantoche qu\u2019elle instrumentalise pour des fins h\u00e9g\u00e9moniques. Mais, \u00abla corde du mensonge est courte!\u00bb, disait l\u2019adage de chez nous pour de pareilles circonstances. A pr\u00e9sent, \u00able Sahara est dans son Maroc et celui-ci est dans son Sahara!\u00bb, tonna non sans solennit\u00e9, le monarque dans l\u2019un de ses discours percutants, \u00e0 cet \u00e9gard.<\/p>\n<p>Confort\u00e9 par cette r\u00e9alit\u00e9 limpide comme de l\u2019eau de roche, notre pays s\u2019en allait \u00e9difier de fond en comble, ses espaces sahariens et en plante des sites oasiens de f\u00e9condit\u00e9 qui enfante des joailleries d\u00e9veloppementales et draine des antennes consulaires de nombre de pays africains, en particulier. On peut \u00eatre plus cons\u00e9quent que de prouver, \u00e0 chaque instant, la l\u00e9gitimit\u00e9 existentielle a produite l\u2019affect d\u2019appartenance et \u00e0 proscrire les tics d\u2019accaparement monopoliste d\u2019o\u00f9 il pouvait provenir. Le Maroc a beaucoup souffert des convoitises hideuses qui assaillent ses terres r\u00e9cup\u00e9r\u00e9es et d\u00e9stabilisent la s\u00e9r\u00e9nit\u00e9 de la r\u00e9gion, vou\u00e9e en principe, \u00e0 l\u2019unicit\u00e9 et \u00e0 la r\u00e9ciprocit\u00e9 socio-\u00e9conomique.<\/p>\n<p>Que de temps et d\u2019opportunit\u00e9s sacrifi\u00e9es pour de sordides malveillances de la part d\u2019une junte assoiff\u00e9e de chim\u00e8res inaccessibles\u00a0! Elle s\u2019en trouve abattue par la d\u00e9sillusion fatale, amoindrie par le d\u00e9saveu bas et discr\u00e9dit\u00e9e par la paix. Enfin, au moment o\u00f9 le Maroc s\u2019exulte de triomphe en ce jour m\u00e9morable de la marche verte, l\u2019Alg\u00e9rie et son mi\u00e8vre appendice se mordent les doigts de se tortiller au plus bas du bourbier de la honte!<\/p>\n<p>Auteur: M&rsquo;hammed rahal<br \/>\n<a href=\"http:\/\/albayane.press.ma\/la-marche-verte-une-memoire-en-branle.html\">Cliquez ici pour lire l&rsquo;article depuis sa source.<\/a><\/p>\n","protected":false},"excerpt":{"rendered":"<p>Aujourd\u2019hui, le royaume glorifie l\u2019une de ses \u00e9pop\u00e9es nationales les plus marquantes de son histoire contemporaine. En ce moment d\u2019exaltation, depuis quarante cinq ans, jour pour jour, le peuple marocain, du d\u00e9troit aux antipodes du Sahara, s\u2019en ivre de festoiement all\u00e8gre d\u2019avoir recouvr\u00e9 ses terres spoli\u00e9es et en faire des orf\u00e8vres d\u2019essor tous azimuts. La [&hellip;]<\/p>\n","protected":false},"author":1760,"featured_media":0,"comment_status":"closed","ping_status":"closed","sticky":false,"template":"","format":"standard","meta":{"fifu_image_url":"","fifu_image_alt":"","footnotes":""},"categories":[73,54],"tags":[],"class_list":["post-103761","post","type-post","status-publish","format-standard","hentry","category-actualite","category-maroc"],"_links":{"self":[{"href":"https:\/\/linitiative.ca\/International\/wp-json\/wp\/v2\/posts\/103761","targetHints":{"allow":["GET"]}}],"collection":[{"href":"https:\/\/linitiative.ca\/International\/wp-json\/wp\/v2\/posts"}],"about":[{"href":"https:\/\/linitiative.ca\/International\/wp-json\/wp\/v2\/types\/post"}],"author":[{"embeddable":true,"href":"https:\/\/linitiative.ca\/International\/wp-json\/wp\/v2\/users\/1760"}],"replies":[{"embeddable":true,"href":"https:\/\/linitiative.ca\/International\/wp-json\/wp\/v2\/comments?post=103761"}],"version-history":[{"count":0,"href":"https:\/\/linitiative.ca\/International\/wp-json\/wp\/v2\/posts\/103761\/revisions"}],"wp:attachment":[{"href":"https:\/\/linitiative.ca\/International\/wp-json\/wp\/v2\/media?parent=103761"}],"wp:term":[{"taxonomy":"category","embeddable":true,"href":"https:\/\/linitiative.ca\/International\/wp-json\/wp\/v2\/categories?post=103761"},{"taxonomy":"post_tag","embeddable":true,"href":"https:\/\/linitiative.ca\/International\/wp-json\/wp\/v2\/tags?post=103761"}],"curies":[{"name":"wp","href":"https:\/\/api.w.org\/{rel}","templated":true}]}}