{"id":103765,"date":"2020-11-05T07:03:22","date_gmt":"2020-11-05T12:03:22","guid":{"rendered":"https:\/\/linitiative.ca\/International\/cameroun-harcelement-sexuel-des-athletes-lunion-africaine-de-karate-radie-a-vie-emmanuel-wakam-et-suspend-plusieurs-anciens-collaborateurs\/"},"modified":"2020-11-05T07:03:22","modified_gmt":"2020-11-05T12:03:22","slug":"cameroun-harcelement-sexuel-des-athletes-lunion-africaine-de-karate-radie-a-vie-emmanuel-wakam-et-suspend-plusieurs-anciens-collaborateurs","status":"publish","type":"post","link":"https:\/\/linitiative.ca\/International\/cameroun-harcelement-sexuel-des-athletes-lunion-africaine-de-karate-radie-a-vie-emmanuel-wakam-et-suspend-plusieurs-anciens-collaborateurs\/","title":{"rendered":"Cameroun \u2013 harc\u00e8lement sexuel des athl\u00e8tes: L\u2019Union africaine de Karat\u00e9 radie \u00e0 vie Emmanuel Wakam et suspend plusieurs anciens collaborateurs"},"content":{"rendered":"<div readability=\"32\">\n<p>Publi\u00e9 le 05.11.2020 \u00e0 13h03 par Journal du Cameroun<\/p>\n<\/div>\n<div readability=\"50\">\n<h2 class=\"c6\">Apr\u00e8s voir \u00e9cop\u00e9 de 8 ans de suspension au niveau local, le sort de l\u2019ancien pr\u00e9sident de la F\u00e9d\u00e9ration camerounaise de karat\u00e9 s\u2019alourdit du fait d\u2019une d\u00e9cision de l\u2019UFAK.<\/h2>\n<p class=\"c7\"><strong>Emmanuel Wakam<\/strong> perd tous ses droits y compris ses r\u00eaves dans le Karat\u00e9. La d\u00e9cision est consign\u00e9e dans une circulaire du pr\u00e9sident de l\u2019<strong>UFAK<\/strong>, <strong>Mohamed Tahar Mesbahi<\/strong>, sign\u00e9e le 4 novembre \u00e0 Alger, et adress\u00e9e aux pr\u00e9sidents des f\u00e9d\u00e9rations africaines.<\/p>\n<p class=\"c7\">L\u2019ancien pr\u00e9sident de la F\u00e9d\u00e9ration Camerounaise de Karat\u00e9,\u00a0et secr\u00e9taire g\u00e9n\u00e9ral de l\u2019UFAK <strong>Emmanuel Wakam<\/strong>, suspendu pour 8 ans par le Comit\u00e9 national et sportif sportive, dans l\u2019affaire de harc\u00e8lement sexuel des jeunes athl\u00e8tes, \u00e9cope d\u2019une radiation \u00e0 vie du karat\u00e9 par l\u2019instance faiti\u00e8re continentale. Ainsi que trois de ses anciens collaborateurs. Une cat\u00e9gorie d\u2019entre eux re\u00e7oit des suspensions pour deux olympiades et une autre des bl\u00e2mes.<\/p>\n<p class=\"c7\">Ci-dessous la circulaire du pr\u00e9sident de l\u2019UFAK, Mohamed Tahar Mesbahi en circulation sur la toile.<\/p>\n<p><img loading=\"lazy\" decoding=\"async\" class=\"alignnone size-full wp-image-378415\" src=\"https:\/\/www.journalducameroun.com\/wp-content\/uploads\/2020\/11\/Karat\u00e9-UFAK-1.jpg\" alt=\"\" width=\"800\" height=\"1422\" srcset=\"https:\/\/www.journalducameroun.com\/wp-content\/uploads\/2020\/11\/Karat&#xE9;-UFAK-1.jpg 800w, https:\/\/www.journalducameroun.com\/wp-content\/uploads\/2020\/11\/Karat&#xE9;-UFAK-1-169x300.jpg 169w, https:\/\/www.journalducameroun.com\/wp-content\/uploads\/2020\/11\/Karat&#xE9;-UFAK-1-768x1365.jpg 768w, https:\/\/www.journalducameroun.com\/wp-content\/uploads\/2020\/11\/Karat&#xE9;-UFAK-1-576x1024.jpg 576w, https:\/\/www.journalducameroun.com\/wp-content\/uploads\/2020\/11\/Karat&#xE9;-UFAK-1-248x440.jpg 248w, https:\/\/www.journalducameroun.com\/wp-content\/uploads\/2020\/11\/Karat&#xE9;-UFAK-1-600x1067.jpg 600w\" sizes=\"auto, (max-width: 800px) 100vw, 800px\"\/><\/p>\n<p><img loading=\"lazy\" decoding=\"async\" class=\"alignnone size-full wp-image-378416\" src=\"https:\/\/www.journalducameroun.com\/wp-content\/uploads\/2020\/11\/Karat\u00e9-UFAK-2.jpg\" alt=\"\" width=\"800\" height=\"1422\" srcset=\"https:\/\/www.journalducameroun.com\/wp-content\/uploads\/2020\/11\/Karat&#xE9;-UFAK-2.jpg 800w, https:\/\/www.journalducameroun.com\/wp-content\/uploads\/2020\/11\/Karat&#xE9;-UFAK-2-169x300.jpg 169w, https:\/\/www.journalducameroun.com\/wp-content\/uploads\/2020\/11\/Karat&#xE9;-UFAK-2-768x1365.jpg 768w, https:\/\/www.journalducameroun.com\/wp-content\/uploads\/2020\/11\/Karat&#xE9;-UFAK-2-576x1024.jpg 576w, https:\/\/www.journalducameroun.com\/wp-content\/uploads\/2020\/11\/Karat&#xE9;-UFAK-2-248x440.jpg 248w, https:\/\/www.journalducameroun.com\/wp-content\/uploads\/2020\/11\/Karat&#xE9;-UFAK-2-600x1067.jpg 600w\" sizes=\"auto, (max-width: 800px) 100vw, 800px\"\/><\/p>\n<\/div>\n<p>Auteur: Christian DJIMADEU<br \/>\n<a href=\"https:\/\/www.journalducameroun.com\/cameroun-harcelement-sexuel-des-athletes-lunion-africaine-de-karate-radie-a-vie-emmanuel-wakam-et-suspend-plusieurs-anciens-collaborateurs\/\">Cliquez ici pour lire l&rsquo;article depuis sa source.<\/a><\/p>\n","protected":false},"excerpt":{"rendered":"<p>Publi\u00e9 le 05.11.2020 \u00e0 13h03 par Journal du Cameroun Apr\u00e8s voir \u00e9cop\u00e9 de 8 ans de suspension au niveau local, le sort de l\u2019ancien pr\u00e9sident de la F\u00e9d\u00e9ration camerounaise de karat\u00e9 s\u2019alourdit du fait d\u2019une d\u00e9cision de l\u2019UFAK. Emmanuel Wakam perd tous ses droits y compris ses r\u00eaves dans le Karat\u00e9. La d\u00e9cision est consign\u00e9e [&hellip;]<\/p>\n","protected":false},"author":1965,"featured_media":103775,"comment_status":"closed","ping_status":"closed","sticky":false,"template":"","format":"standard","meta":{"fifu_image_url":"","fifu_image_alt":"","footnotes":""},"categories":[73,82],"tags":[],"class_list":["post-103765","post","type-post","status-publish","format-standard","has-post-thumbnail","hentry","category-actualite","category-cameroun"],"_links":{"self":[{"href":"https:\/\/linitiative.ca\/International\/wp-json\/wp\/v2\/posts\/103765","targetHints":{"allow":["GET"]}}],"collection":[{"href":"https:\/\/linitiative.ca\/International\/wp-json\/wp\/v2\/posts"}],"about":[{"href":"https:\/\/linitiative.ca\/International\/wp-json\/wp\/v2\/types\/post"}],"author":[{"embeddable":true,"href":"https:\/\/linitiative.ca\/International\/wp-json\/wp\/v2\/users\/1965"}],"replies":[{"embeddable":true,"href":"https:\/\/linitiative.ca\/International\/wp-json\/wp\/v2\/comments?post=103765"}],"version-history":[{"count":0,"href":"https:\/\/linitiative.ca\/International\/wp-json\/wp\/v2\/posts\/103765\/revisions"}],"wp:featuredmedia":[{"embeddable":true,"href":"https:\/\/linitiative.ca\/International\/wp-json\/"}],"wp:attachment":[{"href":"https:\/\/linitiative.ca\/International\/wp-json\/wp\/v2\/media?parent=103765"}],"wp:term":[{"taxonomy":"category","embeddable":true,"href":"https:\/\/linitiative.ca\/International\/wp-json\/wp\/v2\/categories?post=103765"},{"taxonomy":"post_tag","embeddable":true,"href":"https:\/\/linitiative.ca\/International\/wp-json\/wp\/v2\/tags?post=103765"}],"curies":[{"name":"wp","href":"https:\/\/api.w.org\/{rel}","templated":true}]}}