{"id":103769,"date":"2020-11-05T08:51:15","date_gmt":"2020-11-05T13:51:15","guid":{"rendered":"https:\/\/linitiative.ca\/International\/equipe-nationale-qui-sera-le-premier-gardien-de-but\/"},"modified":"2020-11-05T08:51:15","modified_gmt":"2020-11-05T13:51:15","slug":"equipe-nationale-qui-sera-le-premier-gardien-de-but","status":"publish","type":"post","link":"https:\/\/linitiative.ca\/International\/equipe-nationale-qui-sera-le-premier-gardien-de-but\/","title":{"rendered":"\u00c9quipe nationale : Qui sera le premier gardien de but ?"},"content":{"rendered":"<div class=\"post-cont-in left relative\">\n<div id=\"post-info-wrap\" class=\"left relative post-info-out\">\n<div class=\"post-info-img left relative\"><img loading=\"lazy\" decoding=\"async\" alt=\"\" src=\"https:\/\/secure.gravatar.com\/avatar\/e08a32c38bbac601a92c63c79d61b38d?s=50&amp;d=mm&amp;r=g\" srcset=\"https:\/\/secure.gravatar.com\/avatar\/e08a32c38bbac601a92c63c79d61b38d?s=100&amp;d=mm&amp;r=g 2x\" class=\"avatar avatar-50 photo\" height=\"50\" width=\"50\"\/><\/div>\n<div class=\"post-info-in\">\n<div class=\"post-info-right left relative post-info-name left relative\"><span itemprop=\"author\" itemscope=\"\" itemtype=\"https:\/\/schema.org\/Person\"><span class=\"post-info-text\">By<\/span> <span class=\"author-name vcard fn author\" itemprop=\"name\"><a href=\"https:\/\/sport.tunisienumerique.com\/author\/fakhreddine\/\" title=\"Articles par Fakhreddine Ben Malek\" rel=\"author\">Fakhreddine Ben Malek<\/a><\/span> <span class=\"author-twitter\"><a href=\"https:\/\/twitter.com\/Fakhr_Ben_Malek\" class=\"twitter-but\" target=\"_blank\" rel=\"noopener noreferrer\"><\/span><\/span> <span class=\"post-date updated\"><time class=\"post-date updated\" itemprop=\"datePublished\" datetime=\"2020-11-05\">\u00a0| Il y a 17 secondes<\/time><\/span><\/div>\n<div class=\"left relative\"><button id=\"listenButton1\" class=\"responsivevoice-button\" type=\"button\" value=\"Play\" title=\"&#xC9;coutez l'article\"><span>\ud83d\udd0a \u00c9coutez l&rsquo;article<\/span><\/button> <\/div>\n<\/div>\n<\/div>\n<div class=\"heateor_sss_sharing_container heateor_sss_horizontal_sharing\" heateor-sss-data-href=\"https:\/\/sport.tunisienumerique.com\/equipe-nationale-qui-sera-le-premier-gardien-de-but\/\">\n<div class=\"heateor_sss_sharing_title c3\">Cet article vous a \u00e9t\u00e9 utile? Partagez le, il int\u00e9ressera d\u2019autres personnes. Merci!<\/div>\n<ul class=\"heateor_sss_sharing_ul\">\n<li class=\"heateorSssSharingRound\"><em alt=\"Facebook\" title=\"Facebook\" class=\"heateorSssSharing heateorSssFacebookBackground c4\" onclick=\"heateorSssPopup(&quot;https:\/\/www.facebook.com\/sharer\/sharer.php?u=https%3A%2F%2Fsport.tunisienumerique.com%2Fequipe-nationale-qui-sera-le-premier-gardien-de-but%2F&quot;)\">\u00a0<\/em><\/li>\n<li class=\"heateorSssSharingRound\"><em alt=\"Twitter\" title=\"Twitter\" class=\"heateorSssSharing heateorSssTwitterBackground c4\" onclick=\"heateorSssPopup(&quot;http:\/\/twitter.com\/intent\/tweet?text=%C3%89quipe%20nationale%20%3A%20Qui%20sera%20le%20premier%20gardien%20de%20but%20%3F&amp;url=https%3A%2F%2Fsport.tunisienumerique.com%2Fequipe-nationale-qui-sera-le-premier-gardien-de-but%2F&quot;)\">\u00a0<\/em><\/li>\n<li class=\"heateorSssSharingRound\"><em alt=\"Linkedin\" title=\"Linkedin\" class=\"heateorSssSharing heateorSssLinkedinBackground c4\" onclick=\"heateorSssPopup(&quot;http:\/\/www.linkedin.com\/shareArticle?mini=true&amp;url=https%3A%2F%2Fsport.tunisienumerique.com%2Fequipe-nationale-qui-sera-le-premier-gardien-de-but%2F&amp;title=%C3%89quipe%20nationale%20%3A%20Qui%20sera%20le%20premier%20gardien%20de%20but%20%3F&quot;)\">\u00a0<\/em><\/li>\n<li class=\"heateorSssSharingRound\"><em alt=\"Google Gmail\" title=\"Google Gmail\" class=\"heateorSssSharing heateorSssGoogleGmailBackground c4\" onclick=\"heateorSssPopup(&quot;https:\/\/mail.google.com\/mail\/?ui=2&amp;view=cm&amp;fs=1&amp;tf=1&amp;su=%C3%89quipe%20nationale%20%3A%20Qui%20sera%20le%20premier%20gardien%20de%20but%20%3F&amp;body=Link:https%3A%2F%2Fsport.tunisienumerique.com%2Fequipe-nationale-qui-sera-le-premier-gardien-de-but%2F&quot;)\">\u00a0<\/em><\/li>\n<li class=\"heateorSssSharingRound\"><em alt=\"Whatsapp\" title=\"Whatsapp\" class=\"heateorSssSharing heateorSssWhatsappBackground c4\"><a href=\"https:\/\/web.whatsapp.com\/send?text=%C3%89quipe%20nationale%20%3A%20Qui%20sera%20le%20premier%20gardien%20de%20but%20%3F%20https%3A%2F%2Fsport.tunisienumerique.com%2Fequipe-nationale-qui-sera-le-premier-gardien-de-but%2F\" rel=\"nofollow noopener noreferrer\" target=\"_blank\">\u00a0<\/a><\/em><\/li>\n<li class=\"heateorSssSharingRound\">\u00a0<\/li>\n<\/ul>\n<\/div>\n<p dir=\"ltr\">Le s\u00e9lectionneur national de l\u2019\u00e9quipe de Tunisie Mondher Kebaier a convoqu\u00e9 4 gardiens de but en pr\u00e9vision de la double confrontation face \u00e0 la Tanzanie.<\/p>\n<p dir=\"ltr\">Pour Kebaier, le choix est clair. \u201cFarouk Ben Mustapha sera le premier portier de la s\u00e9lection tunisienne pour la prochaine p\u00e9riode\u201d, affirme le coach lors de sa conf\u00e9rence de presse tenue \u00e0 distance ce jeudi.<\/p>\n<div class=\"code-block code-block-1 c6\"><ins class=\"adsbygoogle c5\" data-ad-layout=\"in-article\" data-ad-format=\"fluid\" data-ad-client=\"ca-pub-2102118777505746\" data-ad-slot=\"7301775417\"\/> <\/div>\n<p dir=\"ltr\">Alors que ces deux gardiens \u00e9volueront \u00e0 l\u2019Esp\u00e9rance de Tunis, Kebaier a estim\u00e9 que la formation Esp\u00e9rantiste dispute environ 50 matchs par saison ce qui peut permettre aux deux goalkeepers de b\u00e9nificier d\u2019un bon temps de jeu.<\/p>\n<p dir=\"ltr\">Les Aigles de Carthage recevront le lundi prochain la Tanzanie avant de s\u2019envoler \u00e0 Dodoma le 13 novembre, pour le compte des 3e et 4e journ\u00e9es des \u00e9liminatoires de la CAN 2021.<\/p>\n<p><\/p>\n<div class=\"heateor_sss_sharing_container heateor_sss_horizontal_sharing\" heateor-sss-data-href=\"https:\/\/sport.tunisienumerique.com\/equipe-nationale-qui-sera-le-premier-gardien-de-but\/\">\n<div class=\"heateor_sss_sharing_title c3\">Cet article vous a \u00e9t\u00e9 utile? Partagez le, il int\u00e9ressera d\u2019autres personnes. Merci!<\/div>\n<ul class=\"heateor_sss_sharing_ul\">\n<li class=\"heateorSssSharingRound\"><em alt=\"Facebook\" title=\"Facebook\" class=\"heateorSssSharing heateorSssFacebookBackground c4\" onclick=\"heateorSssPopup(&quot;https:\/\/www.facebook.com\/sharer\/sharer.php?u=https%3A%2F%2Fsport.tunisienumerique.com%2Fequipe-nationale-qui-sera-le-premier-gardien-de-but%2F&quot;)\">\u00a0<\/em><\/li>\n<li class=\"heateorSssSharingRound\"><em alt=\"Twitter\" title=\"Twitter\" class=\"heateorSssSharing heateorSssTwitterBackground c4\" onclick=\"heateorSssPopup(&quot;http:\/\/twitter.com\/intent\/tweet?text=%C3%89quipe%20nationale%20%3A%20Qui%20sera%20le%20premier%20gardien%20de%20but%20%3F&amp;url=https%3A%2F%2Fsport.tunisienumerique.com%2Fequipe-nationale-qui-sera-le-premier-gardien-de-but%2F&quot;)\">\u00a0<\/em><\/li>\n<li class=\"heateorSssSharingRound\"><em alt=\"Linkedin\" title=\"Linkedin\" class=\"heateorSssSharing heateorSssLinkedinBackground c4\" onclick=\"heateorSssPopup(&quot;http:\/\/www.linkedin.com\/shareArticle?mini=true&amp;url=https%3A%2F%2Fsport.tunisienumerique.com%2Fequipe-nationale-qui-sera-le-premier-gardien-de-but%2F&amp;title=%C3%89quipe%20nationale%20%3A%20Qui%20sera%20le%20premier%20gardien%20de%20but%20%3F&quot;)\">\u00a0<\/em><\/li>\n<li class=\"heateorSssSharingRound\"><em alt=\"Google Gmail\" title=\"Google Gmail\" class=\"heateorSssSharing heateorSssGoogleGmailBackground c4\" onclick=\"heateorSssPopup(&quot;https:\/\/mail.google.com\/mail\/?ui=2&amp;view=cm&amp;fs=1&amp;tf=1&amp;su=%C3%89quipe%20nationale%20%3A%20Qui%20sera%20le%20premier%20gardien%20de%20but%20%3F&amp;body=Link:https%3A%2F%2Fsport.tunisienumerique.com%2Fequipe-nationale-qui-sera-le-premier-gardien-de-but%2F&quot;)\">\u00a0<\/em><\/li>\n<li class=\"heateorSssSharingRound\"><em alt=\"Whatsapp\" title=\"Whatsapp\" class=\"heateorSssSharing heateorSssWhatsappBackground c4\"><a href=\"https:\/\/web.whatsapp.com\/send?text=%C3%89quipe%20nationale%20%3A%20Qui%20sera%20le%20premier%20gardien%20de%20but%20%3F%20https%3A%2F%2Fsport.tunisienumerique.com%2Fequipe-nationale-qui-sera-le-premier-gardien-de-but%2F\" rel=\"nofollow noopener noreferrer\" target=\"_blank\">\u00a0<\/a><\/em><\/li>\n<li class=\"heateorSssSharingRound\">\u00a0<\/li>\n<\/ul>\n<\/div>\n<p><strong>Que se passe-t-il en Tunisie?<\/strong><br \/>Nous expliquons sur notre <a href=\"https:\/\/www.youtube.com\/channel\/UCRzypVq0B_yBad5eGrwBx0Q?sub_confirmation=1\" target=\"_blank\" rel=\"noopener noreferrer\">cha\u00eene YouTube<\/a> . <a href=\"https:\/\/www.youtube.com\/channel\/UCRzypVq0B_yBad5eGrwBx0Q?sub_confirmation=1\" target=\"_blank\" rel=\"noopener noreferrer\">Abonnez-vous!<\/a><\/p>\n<div class=\"mvp-org-wrap mvp-org-logo\" itemprop=\"publisher\" itemscope=\"\" itemtype=\"https:\/\/schema.org\/Organization\"><img decoding=\"async\" src=\"https:\/\/sport.tunisienumerique.com\/wp-content\/uploads\/2017\/05\/logo_tunisie_numerique.png\"\/><\/div>\n<div class=\"mvp-related-posts left relative\">\n<h4 class=\"post-header\"><span class=\"post-header\">Lire aussi<\/span><\/h4>\n<\/div>\n<div id=\"article-ad\"><ins class=\"adsbygoogle c7\" data-ad-client=\"ca-pub-2102118777505746\" data-ad-slot=\"6513972734\" data-ad-format=\"auto\" data-full-width-responsive=\"true\"\/> <\/div>\n<\/div>\n<div id=\"post-sidebar-wrap\"><ins class=\"adsbygoogle c7\" data-ad-client=\"ca-pub-2102118777505746\" data-ad-slot=\"6513972734\" data-ad-format=\"auto\" data-full-width-responsive=\"true\"\/> <\/div>\n<p>Auteur:<br \/>\n<a href=\"https:\/\/sport.tunisienumerique.com\/equipe-nationale-qui-sera-le-premier-gardien-de-but\/\">Cliquez ici pour lire l&rsquo;article depuis sa source.<\/a><\/p>\n","protected":false},"excerpt":{"rendered":"<p>By Fakhreddine Ben Malek \u00a0| Il y a 17 secondes \ud83d\udd0a \u00c9coutez l&rsquo;article Cet article vous a \u00e9t\u00e9 utile? Partagez le, il int\u00e9ressera d\u2019autres personnes. Merci! \u00a0 \u00a0 \u00a0 \u00a0 \u00a0 \u00a0 Le s\u00e9lectionneur national de l\u2019\u00e9quipe de Tunisie Mondher Kebaier a convoqu\u00e9 4 gardiens de but en pr\u00e9vision de la double confrontation face \u00e0 [&hellip;]<\/p>\n","protected":false},"author":1789,"featured_media":0,"comment_status":"closed","ping_status":"closed","sticky":false,"template":"","format":"standard","meta":{"fifu_image_url":"","fifu_image_alt":"","footnotes":""},"categories":[73,55],"tags":[],"class_list":["post-103769","post","type-post","status-publish","format-standard","hentry","category-actualite","category-tunisie"],"_links":{"self":[{"href":"https:\/\/linitiative.ca\/International\/wp-json\/wp\/v2\/posts\/103769","targetHints":{"allow":["GET"]}}],"collection":[{"href":"https:\/\/linitiative.ca\/International\/wp-json\/wp\/v2\/posts"}],"about":[{"href":"https:\/\/linitiative.ca\/International\/wp-json\/wp\/v2\/types\/post"}],"author":[{"embeddable":true,"href":"https:\/\/linitiative.ca\/International\/wp-json\/wp\/v2\/users\/1789"}],"replies":[{"embeddable":true,"href":"https:\/\/linitiative.ca\/International\/wp-json\/wp\/v2\/comments?post=103769"}],"version-history":[{"count":0,"href":"https:\/\/linitiative.ca\/International\/wp-json\/wp\/v2\/posts\/103769\/revisions"}],"wp:attachment":[{"href":"https:\/\/linitiative.ca\/International\/wp-json\/wp\/v2\/media?parent=103769"}],"wp:term":[{"taxonomy":"category","embeddable":true,"href":"https:\/\/linitiative.ca\/International\/wp-json\/wp\/v2\/categories?post=103769"},{"taxonomy":"post_tag","embeddable":true,"href":"https:\/\/linitiative.ca\/International\/wp-json\/wp\/v2\/tags?post=103769"}],"curies":[{"name":"wp","href":"https:\/\/api.w.org\/{rel}","templated":true}]}}