{"id":103774,"date":"2020-11-05T08:20:26","date_gmt":"2020-11-05T13:20:26","guid":{"rendered":"https:\/\/linitiative.ca\/International\/%ef%bb%bf1090-milliard-de-dirhams-pour-elargir-la-couverture-medicale-de-base\/"},"modified":"2020-11-05T08:20:26","modified_gmt":"2020-11-05T13:20:26","slug":"%ef%bb%bf1090-milliard-de-dirhams-pour-elargir-la-couverture-medicale-de-base","status":"publish","type":"post","link":"https:\/\/linitiative.ca\/International\/%ef%bb%bf1090-milliard-de-dirhams-pour-elargir-la-couverture-medicale-de-base\/","title":{"rendered":"\ufeff1,090 milliard de dirhams pour \u00e9largir la couverture m\u00e9dicale de base"},"content":{"rendered":"<p class=\"has-text-color has-vivid-red-color c2\"><strong>Augmentation de 5,8% du budget du minist\u00e8re de la Sant\u00e9 en 2021<\/strong><\/p>\n<p class=\"has-text-color c3\"><strong>Les fonds allou\u00e9s au minist\u00e8re de la Sant\u00e9 au titre de l\u2019exercice 2021 devront progresser de 5,8% en comparaison avec l\u2019ann\u00e9e budg\u00e9taire en cours, pour atteindre 19,774 milliards de dirhams, a indiqu\u00e9 mardi \u00e0 Rabat le ministre de la Sant\u00e9, Khalid Ait Taleb.<\/strong><\/p>\n<p>Il s\u2019agit d\u2019une augmentation de 1,090 milliard de dirhams du budget sectoriel de la Sant\u00e9, a-t-il pr\u00e9cis\u00e9 lors de la pr\u00e9sentation du projet de budget de son d\u00e9partement devant la commission des secteurs sociaux \u00e0 la Chambre des Repr\u00e9sentants, soulignant \u00e0 cet \u00e9gard le caract\u00e8re prioritaire de l\u2019\u00e9largissement de la couverture m\u00e9dicale de base. Le budget consacr\u00e9 au minist\u00e8re est r\u00e9parti en fonction des programmes du budget que sont les ressources humaines, le renforcement des capacit\u00e9s du syst\u00e8me de sant\u00e9, la planification, la programmation et la coordination, la sant\u00e9 reproductive, la sant\u00e9 de la m\u00e8re et de l\u2019enfant, ou encore les personnes \u00e0 besoins sp\u00e9cifiques.<\/p>\n<p>Il s\u2019agit aussi de la veille \u00e9pid\u00e9miologique, la s\u00e9curit\u00e9 sanitaire, la pr\u00e9vention et le contr\u00f4le des maladies, les soins de sant\u00e9 primaires, pr\u00e9hospitaliers et hospitaliers, la continuit\u00e9 de l\u2019offre de soins ainsi que la maintenance de l\u2019infrastructure et des \u00e9quipements de sant\u00e9.<\/p>\n<p>Le responsable gouvernemental a d\u2019autre part rappel\u00e9 que 69% de la population marocaine b\u00e9n\u00e9ficie de la couverture sanitaire de base jusqu\u2019en 2019, alors que le R\u00e9gime d\u2019assistance m\u00e9dicale (Ramed) couvre plus de 16,5 millions de personnes jusqu\u2019en septembre 2020. Les h\u00f4pitaux publics et les CHU ont offert plus de sept millions de prestations compte tenue des mesures prises dans la lutte contre la pand\u00e9mie de Covid-19. En outre, il a pass\u00e9 en revue les divers axes de la r\u00e9forme du syst\u00e8me de sant\u00e9, \u00e0 savoir le renforcement de l\u2019investissement public et du partenariat public-priv\u00e9, la promotion de l\u2019industrie nationale du m\u00e9dicament, la r\u00e9forme institutionnelle et la gestion proactive des programmes de sant\u00e9.<\/p>\n<p>Au volet du renforcement du r\u00e9seau hospitalier dans le cadre du programme d\u2019action 2021, M. Ait Taleb a cit\u00e9 parmi les nouveaux projets hospitaliers l\u2019augmentation de la capacit\u00e9 clinique de pr\u00e8s de 2260 lits, la reconstruction de l\u2019h\u00f4pital Ibn Sina de Rabat, la construction de Huit centres hospitaliers provinciaux, d\u2019un h\u00f4pital r\u00e9gional et 11 h\u00f4pitaux de proximit\u00e9.<\/p>\n<p>Le programme d\u2019action comprend \u00e9galement, selon lui, l\u2019extension de la couverture m\u00e9dicale de base dans la perspective d\u2019une couverture sanitaire universelle, le renforcement des programmes nationaux de sant\u00e9 et de lutte contre les maladies ainsi que la consolidation de la gouvernance du secteur entre autres.<\/p>\n<p>S\u2019agissant des r\u00e9alisations du minist\u00e8re au cours de la p\u00e9riode 2019-2020, le ministre a \u00e9voqu\u00e9 le renforcement de l\u2019offre nationale de sant\u00e9 pour faire face notamment \u00e0 la crise sanitaire li\u00e9e \u00e0 la Covid-19, mettant en avant l\u2019augmentation du nombre de laboratoires effectuant des tests de d\u00e9pistage Covid-19 ainsi que la participation du Maroc aux essais cliniques pour d\u00e9velopper un vaccin contre le virus.<\/p>\n<p>De m\u00eame, il a mis en avant l\u2019augmentation de la capacit\u00e9 clinique de quelque 1.696 lits, la protection sanitaire en milieu rural ou encore la r\u00e9duction des prix de pr\u00e8s de 1.000 m\u00e9dicaments suppl\u00e9mentaires.<\/p>\n<p>Concernant les cr\u00e9dits allou\u00e9s pour faire face \u00e0 la pand\u00e9mie de Covid 19, M. Ait Taleb a relev\u00e9 que le taux d\u2019ex\u00e9cution a atteint 74% du total des fonds.<\/p>\n<p>Auteur: M&rsquo;hammed rahal<br \/>\n<a href=\"http:\/\/albayane.press.ma\/%EF%BB%BF1090-milliard-de-dirhams-pour-elargir-la-couverture-medicale-de-base.html\">Cliquez ici pour lire l&rsquo;article depuis sa source.<\/a><\/p>\n","protected":false},"excerpt":{"rendered":"<p>Augmentation de 5,8% du budget du minist\u00e8re de la Sant\u00e9 en 2021 Les fonds allou\u00e9s au minist\u00e8re de la Sant\u00e9 au titre de l\u2019exercice 2021 devront progresser de 5,8% en comparaison avec l\u2019ann\u00e9e budg\u00e9taire en cours, pour atteindre 19,774 milliards de dirhams, a indiqu\u00e9 mardi \u00e0 Rabat le ministre de la Sant\u00e9, Khalid Ait Taleb. [&hellip;]<\/p>\n","protected":false},"author":1760,"featured_media":0,"comment_status":"closed","ping_status":"closed","sticky":false,"template":"","format":"standard","meta":{"fifu_image_url":"","fifu_image_alt":"","footnotes":""},"categories":[73,54],"tags":[],"class_list":["post-103774","post","type-post","status-publish","format-standard","hentry","category-actualite","category-maroc"],"_links":{"self":[{"href":"https:\/\/linitiative.ca\/International\/wp-json\/wp\/v2\/posts\/103774","targetHints":{"allow":["GET"]}}],"collection":[{"href":"https:\/\/linitiative.ca\/International\/wp-json\/wp\/v2\/posts"}],"about":[{"href":"https:\/\/linitiative.ca\/International\/wp-json\/wp\/v2\/types\/post"}],"author":[{"embeddable":true,"href":"https:\/\/linitiative.ca\/International\/wp-json\/wp\/v2\/users\/1760"}],"replies":[{"embeddable":true,"href":"https:\/\/linitiative.ca\/International\/wp-json\/wp\/v2\/comments?post=103774"}],"version-history":[{"count":0,"href":"https:\/\/linitiative.ca\/International\/wp-json\/wp\/v2\/posts\/103774\/revisions"}],"wp:attachment":[{"href":"https:\/\/linitiative.ca\/International\/wp-json\/wp\/v2\/media?parent=103774"}],"wp:term":[{"taxonomy":"category","embeddable":true,"href":"https:\/\/linitiative.ca\/International\/wp-json\/wp\/v2\/categories?post=103774"},{"taxonomy":"post_tag","embeddable":true,"href":"https:\/\/linitiative.ca\/International\/wp-json\/wp\/v2\/tags?post=103774"}],"curies":[{"name":"wp","href":"https:\/\/api.w.org\/{rel}","templated":true}]}}