{"id":103776,"date":"2020-11-05T06:00:59","date_gmt":"2020-11-05T11:00:59","guid":{"rendered":"https:\/\/linitiative.ca\/International\/pour-proteger-les-terres-agricoles-contre-lurbanisation-non-controlee-une-carte-agricole-specifique-a-la-region-souss-massa\/"},"modified":"2020-11-05T06:00:59","modified_gmt":"2020-11-05T11:00:59","slug":"pour-proteger-les-terres-agricoles-contre-lurbanisation-non-controlee-une-carte-agricole-specifique-a-la-region-souss-massa","status":"publish","type":"post","link":"https:\/\/linitiative.ca\/International\/pour-proteger-les-terres-agricoles-contre-lurbanisation-non-controlee-une-carte-agricole-specifique-a-la-region-souss-massa\/","title":{"rendered":"Pour prot\u00e9ger les terres agricoles contre l\u2019urbanisation non contr\u00f4l\u00e9e : Une carte agricole sp\u00e9cifique \u00e0 la r\u00e9gion Souss-Massa"},"content":{"rendered":"<p><img decoding=\"async\" class=\"post_layout_5_img\" src=\"http:\/\/aujourdhui.ma\/wp-content\/uploads\/2020\/11\/agriculture-irrigation-souss-massa.jpg\" alt=\"Pour prot&#xE9;ger les terres agricoles contre l&#x2019;urbanisation non contr&#xF4;l&#xE9;e : Une carte agricole sp&#xE9;cifique &#xE0; la r&#xE9;gion Souss-Massa\"\/><\/p>\n<p><span class=\"c5\"><strong>Ladite \u00e9tude a pour objectifs principaux de : recenser et analyser l\u2019existant en mati\u00e8re de donn\u00e9es, de proc\u00e9dures et de syst\u00e8mes d\u2019information et compl\u00e9ter les donn\u00e9es manquantes afin de disposer d\u2019un tableau de bord de suivi de l\u2019\u00e9tat des terres agricoles \u00e0 l\u2019\u00e9chelle r\u00e9gionale bas\u00e9 sur des indicateurs de surface, et d\u2019activit\u00e9.<\/strong><\/span><br \/><span id=\"more-359633\"\/><\/p>\n<p>Le d\u00e9partement de l\u2019agriculture planche sur une carte agricole r\u00e9gionale sp\u00e9cifique de la r\u00e9gion Souss-Massa pour prot\u00e9ger les terres agricoles contre l\u2019urbanisation non contr\u00f4l\u00e9e.<br \/>Dans les d\u00e9tails, le d\u00e9partement de l\u2019agriculture, au niveau central et r\u00e9gional, accorde un int\u00e9r\u00eat particulier \u00e0 la protection des terres agricoles contre l\u2019urbanisation en g\u00e9n\u00e9ral et contre l\u2019urbanisation non contr\u00f4l\u00e9e en particulier. En effet, la d\u00e9perdition des terres agricoles est devenue pr\u00e9occupante et risque de s\u2019aggraver en l\u2019absence de m\u00e9canismes de veille et d\u2019outils d\u2019aide \u00e0 la d\u00e9cision \u00e0 travers lesquels les services (centraux, r\u00e9gionaux et provinciaux) de ce d\u00e9partement peuvent jouer un r\u00f4le actif, notamment par la participation aux comit\u00e9s techniques locaux d\u2019examen des documents d\u2019urbanisme (SDAU, PA, PDAR, etc.).<\/p>\n<p>Pour ce faire, celui-ci vient de lancer un appel d\u2019offres pour la r\u00e9alisation d\u2019une \u00e9tude pour l\u2019\u00e9laboration de la carte agricole r\u00e9gionale de la r\u00e9gion de Souss-Massa vu la forte pression sur les terres agricoles \u00e0 haut potentiel et les projets d\u2019envergure qu\u2019elles abritent et la couverture assez compl\u00e8te en donn\u00e9es de base pour l\u2019\u00e9laboration de la carte agricole r\u00e9gionale envisag\u00e9e.<br \/>Ainsi, ladite \u00e9tude a pour objectifs principaux de : recenser et analyser l\u2019existant en mati\u00e8re de donn\u00e9es, de proc\u00e9dures et de syst\u00e8mes d\u2019information et compl\u00e9ter les donn\u00e9es manquantes afin de disposer d\u2019un tableau de bord de suivi de l\u2019\u00e9tat des terres agricoles \u00e0 l\u2019\u00e9chelle r\u00e9gionale bas\u00e9 sur des indicateurs de surface, et d\u2019activit\u00e9.<br \/>Elaborer un syst\u00e8me d\u2019information g\u00e9ographique permettant le suivi des terres agricoles et classer le foncier agricole \u00e0 prot\u00e9ger via un classement des terres agricoles en 3 cat\u00e9gories permettant ainsi d\u2019orienter les d\u00e9cisions d\u2019am\u00e9nagement : terres \u00e0 haut potentiel agricole (Zone d\u2019agriculture \u00e0 prot\u00e9ger), terres \u00e0 potentiel agricole moyen (Zone de sauvegarde), terres \u00e0 faible potentiel agricole (Zone \u00e0 urbaniser).<\/p>\n<p>Notons que le secteur de l\u2019agriculture constitue la pierre angulaire de l\u2019activit\u00e9 \u00e9conomique de la r\u00e9gion, et ce, malgr\u00e9 la conjugaison des facteurs climatiques et \u00e9daphiques d\u00e9favorables. L\u2019aridit\u00e9 y pr\u00e9domine et la Superficie agricole utile (SAU) ne repr\u00e9sente que 5% de la superficie totale r\u00e9gionale. La SAU de la r\u00e9gion repr\u00e9sente 8,39% de la superficie totale r\u00e9gionale (471.135 hectares).<br \/>La plaine du Souss-Massa, de par l\u2019importance de sa nappe phr\u00e9atique et la richesse de son sol, constitue l\u2019une des zones agricoles les plus d\u00e9velopp\u00e9es \u00e0 l\u2019\u00e9chelle nationale.<br \/>L\u2019agriculture moderne au niveau de cette plaine g\u00e9n\u00e8re des entr\u00e9es consid\u00e9rables en devises, occupe une main-d\u2019\u0153uvre importante et permet le d\u00e9veloppement de l\u2019industrie agroalimentaire. C\u2019est une agriculture orient\u00e9e vers l\u2019exportation et qui fait de la r\u00e9gion Souss-Massa une r\u00e9gion comp\u00e9titive ouverte sur le reste du monde.<br \/>En plus de l\u2019agriculture moderne de la plaine du Souss, et la culture extensive des c\u00e9r\u00e9ales, la r\u00e9gion Souss-Massa est marqu\u00e9e par la pr\u00e9sence d\u2019une agriculture traditionnelle importante, au niveau des zones de montagne et des oasis jouissant d\u2019un syst\u00e8me de culture sp\u00e9cifique. Les produits authentiques ou de terroir tels que le safran, les dattes, le henn\u00e9, les roses, l\u2019argan\u2026 constituent un cr\u00e9neau important \u00e0 d\u00e9velopper.<\/p>\n<p>Auteur: Mohamed Laabid<br \/>\n<a href=\"https:\/\/aujourdhui.ma\/economie\/pour-proteger-les-terres-agricoles-contre-lurbanisation-non-controlee-une-carte-agricole-specifique-a-la-region-souss-massa\">Cliquez ici pour lire l&rsquo;article depuis sa source.<\/a><\/p>\n","protected":false},"excerpt":{"rendered":"<p>Ladite \u00e9tude a pour objectifs principaux de : recenser et analyser l\u2019existant en mati\u00e8re de donn\u00e9es, de proc\u00e9dures et de syst\u00e8mes d\u2019information et compl\u00e9ter les donn\u00e9es manquantes afin de disposer d\u2019un tableau de bord de suivi de l\u2019\u00e9tat des terres agricoles \u00e0 l\u2019\u00e9chelle r\u00e9gionale bas\u00e9 sur des indicateurs de surface, et d\u2019activit\u00e9. Le d\u00e9partement de [&hellip;]<\/p>\n","protected":false},"author":1759,"featured_media":103785,"comment_status":"closed","ping_status":"closed","sticky":false,"template":"","format":"standard","meta":{"fifu_image_url":"","fifu_image_alt":"","footnotes":""},"categories":[73,54],"tags":[],"class_list":["post-103776","post","type-post","status-publish","format-standard","has-post-thumbnail","hentry","category-actualite","category-maroc"],"_links":{"self":[{"href":"https:\/\/linitiative.ca\/International\/wp-json\/wp\/v2\/posts\/103776","targetHints":{"allow":["GET"]}}],"collection":[{"href":"https:\/\/linitiative.ca\/International\/wp-json\/wp\/v2\/posts"}],"about":[{"href":"https:\/\/linitiative.ca\/International\/wp-json\/wp\/v2\/types\/post"}],"author":[{"embeddable":true,"href":"https:\/\/linitiative.ca\/International\/wp-json\/wp\/v2\/users\/1759"}],"replies":[{"embeddable":true,"href":"https:\/\/linitiative.ca\/International\/wp-json\/wp\/v2\/comments?post=103776"}],"version-history":[{"count":0,"href":"https:\/\/linitiative.ca\/International\/wp-json\/wp\/v2\/posts\/103776\/revisions"}],"wp:featuredmedia":[{"embeddable":true,"href":"https:\/\/linitiative.ca\/International\/wp-json\/"}],"wp:attachment":[{"href":"https:\/\/linitiative.ca\/International\/wp-json\/wp\/v2\/media?parent=103776"}],"wp:term":[{"taxonomy":"category","embeddable":true,"href":"https:\/\/linitiative.ca\/International\/wp-json\/wp\/v2\/categories?post=103776"},{"taxonomy":"post_tag","embeddable":true,"href":"https:\/\/linitiative.ca\/International\/wp-json\/wp\/v2\/tags?post=103776"}],"curies":[{"name":"wp","href":"https:\/\/api.w.org\/{rel}","templated":true}]}}