{"id":103782,"date":"2020-11-05T07:18:02","date_gmt":"2020-11-05T12:18:02","guid":{"rendered":"https:\/\/linitiative.ca\/International\/maroc-un-nouveau-round-de-negociations-inter-libyennes-a-bouznika\/"},"modified":"2020-11-05T07:18:02","modified_gmt":"2020-11-05T12:18:02","slug":"maroc-un-nouveau-round-de-negociations-inter-libyennes-a-bouznika","status":"publish","type":"post","link":"https:\/\/linitiative.ca\/International\/maroc-un-nouveau-round-de-negociations-inter-libyennes-a-bouznika\/","title":{"rendered":"Maroc : un nouveau round de n\u00e9gociations inter-libyennes \u00e0 Bouznika"},"content":{"rendered":"<div readability=\"32\">\n<p>Publi\u00e9 le 05.11.2020 \u00e0 13h18 par APA News<\/p>\n<\/div>\n<div readability=\"60\">\n<p>Un nouveau round de n\u00e9gociations aura lieu, jeudi dans la soir\u00e9e \u00e0 Bouznika au Maroc entre les d\u00e9l\u00e9gations du Conseil de l\u2019Etat et du Parlement libyens, apprend-on de sources officielles.Les parties libyennes avaient tenu d\u00e9j\u00e0 deux rounds de n\u00e9gociations \u00e0 Bouznika au cours desquelles elles sont parvenues \u00e0 un accord global sur les crit\u00e8res et les m\u00e9canismes transparents et objectifs pour occuper les postes de souverainet\u00e9.<\/p>\n<p>Dans un communiqu\u00e9 final sanctionnant les travaux du deuxi\u00e8me round du dialogue libyen, tenu du 2 au 6 octobre 2020 \u00e0 Bouznika, les deux parties ont soulign\u00e9 que leurs discussions \u00ab se sont d\u00e9roul\u00e9es dans un climat de responsabilit\u00e9 o\u00f9 l\u2019int\u00e9r\u00eat du pays a \u00e9t\u00e9 au-dessus de toute autre consid\u00e9ration en vue de d\u00e9passer les divisions politiques actuelles \u00bb vu que les deux parties \u00e9taient convaincues de l\u2019importance des institutions souveraines dans la gestion du pays et la protection des capacit\u00e9s du peuple libyen.<\/p>\n<p>Selon le communiqu\u00e9, les consensus convenus seront mis \u00e0 la disposition du Haut conseil d\u2019Etat libyen et du parlement libyen pour aller de l\u2019avant dans les mesures de renouvellement des structures des institutions de souverainet\u00e9.<\/p>\n<p>R\u00e9affirmant que la conf\u00e9rence de Berlin, tenue en janvier dernier, constitue un enjeu international pour une solution politique \u00e0 la crise libyenne, le communiqu\u00e9 estime que l\u2019action politique attend toujours un soutien r\u00e9el et clair de la communaut\u00e9 internationale.<\/p>\n<p>Selon le communiqu\u00e9, les rounds du dialogue tenus \u00e0 Bouznika au Maroc constitue une \u00e9tape importante pour mettre un terme aux divergences institutionnelles en Libye.<\/p>\n<\/div>\n<p>Auteur: APA News<br \/>\n<a href=\"https:\/\/www.journalducameroun.com\/maroc-un-nouveau-round-de-negociations-inter-libyennes-a-bouznika\/\">Cliquez ici pour lire l&rsquo;article depuis sa source.<\/a><\/p>\n","protected":false},"excerpt":{"rendered":"<p>Publi\u00e9 le 05.11.2020 \u00e0 13h18 par APA News Un nouveau round de n\u00e9gociations aura lieu, jeudi dans la soir\u00e9e \u00e0 Bouznika au Maroc entre les d\u00e9l\u00e9gations du Conseil de l\u2019Etat et du Parlement libyens, apprend-on de sources officielles.Les parties libyennes avaient tenu d\u00e9j\u00e0 deux rounds de n\u00e9gociations \u00e0 Bouznika au cours desquelles elles sont parvenues [&hellip;]<\/p>\n","protected":false},"author":1965,"featured_media":0,"comment_status":"closed","ping_status":"closed","sticky":false,"template":"","format":"standard","meta":{"fifu_image_url":"","fifu_image_alt":"","footnotes":""},"categories":[73,82],"tags":[],"class_list":["post-103782","post","type-post","status-publish","format-standard","hentry","category-actualite","category-cameroun"],"_links":{"self":[{"href":"https:\/\/linitiative.ca\/International\/wp-json\/wp\/v2\/posts\/103782","targetHints":{"allow":["GET"]}}],"collection":[{"href":"https:\/\/linitiative.ca\/International\/wp-json\/wp\/v2\/posts"}],"about":[{"href":"https:\/\/linitiative.ca\/International\/wp-json\/wp\/v2\/types\/post"}],"author":[{"embeddable":true,"href":"https:\/\/linitiative.ca\/International\/wp-json\/wp\/v2\/users\/1965"}],"replies":[{"embeddable":true,"href":"https:\/\/linitiative.ca\/International\/wp-json\/wp\/v2\/comments?post=103782"}],"version-history":[{"count":0,"href":"https:\/\/linitiative.ca\/International\/wp-json\/wp\/v2\/posts\/103782\/revisions"}],"wp:attachment":[{"href":"https:\/\/linitiative.ca\/International\/wp-json\/wp\/v2\/media?parent=103782"}],"wp:term":[{"taxonomy":"category","embeddable":true,"href":"https:\/\/linitiative.ca\/International\/wp-json\/wp\/v2\/categories?post=103782"},{"taxonomy":"post_tag","embeddable":true,"href":"https:\/\/linitiative.ca\/International\/wp-json\/wp\/v2\/tags?post=103782"}],"curies":[{"name":"wp","href":"https:\/\/api.w.org\/{rel}","templated":true}]}}