{"id":103786,"date":"2020-11-05T05:52:11","date_gmt":"2020-11-05T10:52:11","guid":{"rendered":"https:\/\/linitiative.ca\/International\/une-rentree-scolaire-de-tous-les-risques\/"},"modified":"2020-11-05T05:52:11","modified_gmt":"2020-11-05T10:52:11","slug":"une-rentree-scolaire-de-tous-les-risques","status":"publish","type":"post","link":"https:\/\/linitiative.ca\/International\/une-rentree-scolaire-de-tous-les-risques\/","title":{"rendered":"Une rentr\u00e9e scolaire de tous les risques"},"content":{"rendered":"<h4 class=\"title-14\">Plusieurs \u00e9coles touch\u00e9es par la Covid-19<\/h4>\n<div class=\"featured_image\"><img loading=\"lazy\" decoding=\"async\" width=\"1200\" height=\"803\" src=\"https:\/\/www.elwatan.com\/wp-content\/uploads\/2020\/11\/Rentre\u0301e-scolaire-B.-Souhil.jpg\" class=\"attachment-post-thumbnail size-post-thumbnail wp-post-image\" alt=\"\" srcset=\"https:\/\/www.elwatan.com\/wp-content\/uploads\/2020\/11\/Rentre\u0301e-scolaire-B.-Souhil.jpg 1200w, https:\/\/www.elwatan.com\/wp-content\/uploads\/2020\/11\/Rentre\u0301e-scolaire-B.-Souhil-300x201.jpg 300w, https:\/\/www.elwatan.com\/wp-content\/uploads\/2020\/11\/Rentre\u0301e-scolaire-B.-Souhil-768x514.jpg 768w, https:\/\/www.elwatan.com\/wp-content\/uploads\/2020\/11\/Rentre\u0301e-scolaire-B.-Souhil-1024x685.jpg 1024w\" sizes=\"auto, (max-width: 1200px) 100vw, 1200px\"\/><\/div>\n<p class=\"p3\"><span class=\"s2\"><strong>Hier, plus de 4 millions d\u2019\u00e9l\u00e8ves des coll\u00e8ges et lyc\u00e9es ont fait leur rentr\u00e9e. Un retour \u00e0 hauts risques, notamment avec la hausse extraordinaire\u00a0des cas de Covid-19.<\/strong><\/span><\/p>\n<p class=\"p3\"><span class=\"s2\"><strong>E<\/strong><\/span><span class=\"s1\">n effet, alors qu\u2019une nouvelle vague de la pand\u00e9mie de coronavirus s\u2019annonce tr\u00e8s proche, la 2<sup>e<\/sup> phase de la rentr\u00e9e scolaire 2020-2021 a bien eu lieu hier. Dans beaucoup d\u2019\u00e9tablissements, la rentr\u00e9e s\u2019est d\u00e9roul\u00e9e dans des conditions normales, o\u00f9 les gestes barri\u00e8res ont \u00e9t\u00e9 plus ou moins respect\u00e9s.<\/span><\/p>\n<p class=\"p6\"><span class=\"s1\">C\u2019est le cas du lyc\u00e9e Aicha Oum El Mouminine \u00e0 Hussein Dey (Alger). Distanciation sociale, prise de temp\u00e9rature et gel d\u00e9sinfectant \u00e0 disposition ont \u00e9t\u00e9 assur\u00e9s en cette premi\u00e8re journ\u00e9e de la rentr\u00e9e. Mais ce n\u2019est pas le cas partout.<\/span><\/p>\n<p class=\"p6\"><span class=\"s1\">Certains \u00e9tablissements n\u2019ont pas \u00e9t\u00e9 d\u00e9sinfect\u00e9s, tandis que dans d\u2019autres, de v\u00e9ritables foyers du virus y sont d\u00e9clar\u00e9s. D\u2019apr\u00e8s des enseignants et des syndicalistes, la situation serait tr\u00e8s grave.<\/span><\/p>\n<p class=\"p6\"><span class=\"s1\">Dans la wilaya de Blida, r\u00e9gion qui a vu le d\u00e9clenchement de la pand\u00e9mie dans le pays, plusieurs \u00e9tablissements sont touch\u00e9s. Fra\u00eechement rouverts hier, des lyc\u00e9es et des CEM comptabilisent d\u00e9j\u00e0 des cas. Pourtant, ils restent tout de m\u00eame ouverts.<\/span><\/p>\n<p class=\"p6\"><span class=\"s1\">Il s\u2019agit des lyc\u00e9es Houari Mahfoudh \u00e0 Ouled Yaich, avec 3 cas parmi le personnel administratif. Toujours dans cette commune d\u2019une densit\u00e9 d\u00e9mographique tr\u00e8s importante, il est recens\u00e9 un cas de Covid-19 dans le lyc\u00e9e des 520 Logements.<\/span><\/p>\n<p class=\"p6\"><span class=\"s1\">A quelques kilom\u00e8tres plus loin, dans le quartier de Khezrouna, dans la commune de Beni Merad, il est comptabilis\u00e9 3 cas dans le lyc\u00e9e Heni Rabah. A Boufarik, o\u00f9 l\u2019\u00e9tablissement hospitalier est d\u00e9bord\u00e9 de cas, c\u2019est au lyc\u00e9e Zidane Mohamed que 4 cas confirm\u00e9s atteint de la Covid-19 sont comptabilis\u00e9s.<\/span><\/p>\n<p class=\"p6\"><span class=\"s1\">Ce n\u2019est pas tout\u00a0! En plein c\u0153ur de la ville de Blida, le CEM Mustapha Bencherchali compte 2 cas dans le staff administratif. Malgr\u00e9 cela, la rentr\u00e9e a bien eu lieu. Les \u00e9coles primaires ne sont pas \u00e9pargn\u00e9es par cette pand\u00e9mie.<\/span><\/p>\n<p class=\"p6\"><span class=\"s1\">Beaucoup d\u2019enseignants en sont touch\u00e9s. Toujours dans la wilaya de Blida, 3 cas sont confirm\u00e9s \u00e0 l\u2019\u00e9cole Ahmed Abed, dans le quartier des Orangers en plein c\u0153ur de la ville des Roses. Une dizaine de cas est comptabilis\u00e9e dans 3 autres \u00e9coles sises \u00e0 Beni Merad, Oued El Alleug et Bouarfa. A Ain Temouchent, \u00e0 l\u2019ouest du pays, des cas sont confirm\u00e9s dans l\u2019\u00e9cole Malek Haddad.<\/span><\/p>\n<p class=\"p6\"><span class=\"s1\">Le maintien de ces \u00e9coles ouvertes est contraire aux recommandations du comit\u00e9 scientifique de suivi de l\u2019\u00e9volution de la pand\u00e9mie de la covid-19, qui pr\u00e9conise la fermeture imm\u00e9diate de l\u2019\u00e9tablissement en question apr\u00e8s la d\u00e9couverte d\u2019un seul cas. Selon le D<sup>r<\/sup> Mohamed Bekkat Berkani, le seuil de tol\u00e9rance est z\u00e9ro dans des cas pareils.<\/span><\/p>\n<p class=\"p6\"><span class=\"s1\">La crainte des cas contacts et d\u2019une contamination en masse est la cause de cette fermeture d\u2019une dur\u00e9e de 14 jours. Des syndicalistes avaient \u00e9galement mis en garde quant \u00e0 l\u2019insuffisance des moyens pour appliquer le protocole sanitaire.<\/span><\/p>\n<p class=\"p6\"><span class=\"s1\">Beaucoup d\u2019\u00e9coles primaires n\u2019auraient pas \u00e9t\u00e9 d\u00e9sinfect\u00e9es apr\u00e8s le d\u00e9roulement du r\u00e9f\u00e9rendum sur la r\u00e9vision de la Constitution. D\u2019autres n\u2019ont pas r\u00e9ussi \u00e0 appliquer le protocole dans sa totalit\u00e9 pour cause de manque de moyens humains et financiers. Au lyc\u00e9e Aicha Oum El Mouminine \u00e0 Hussein Dey, Alger, la situation \u00e9tait plus ou moins ma\u00eetris\u00e9e.<\/span><\/p>\n<p class=\"p6\"><span class=\"s1\">Financi\u00e8rement, c\u2019est le budget d\u00e9di\u00e9 \u00e0 la restauration du 3<sup>e<\/sup> trimestre de l\u2019ann\u00e9e scolaire pass\u00e9e qui a \u00e9t\u00e9 utilis\u00e9 pour doter l\u2019\u00e9tablissement en masques, gel hydroalcoolique et d\u00e9tergents. Ce n\u2019est pas le cas de tous les \u00e9tablissements scolaires de la R\u00e9publique. Les parents d\u2019\u00e9l\u00e8ves de leur c\u00f4t\u00e9 ne cachent pas leur inqui\u00e9tude.<\/span><\/p>\n<p class=\"p6\"><span class=\"s1\">Par le biais de l\u2019Organisation nationale des parents d\u2019\u00e9l\u00e8ves, dirig\u00e9e par Ali Benzina, ils ont appel\u00e9 \u00e0 la fermeture des \u00e9coles et \u00e0 trouver les moyens ad\u00e9quats pour palier \u00e0 cette rupture de la scolarit\u00e9. De plus, ce ne sont pas tous les parents d\u2019\u00e9l\u00e8ves qui peuvent se permettre d\u2019acheter des masques de protection et des gels d\u00e9sinfectants \u00e0 leur enfant tout au long de l\u2019ann\u00e9e.<\/span><\/p>\n<p class=\"p6\"><span class=\"s1\">Selon des sources au minist\u00e8re, la refermeture des \u00e9coles devraient avoir lieu. Toutefois, cela n\u2019est pas possible pour le moment, \u00e9tant donn\u00e9 que le pr\u00e9sident de la R\u00e9publique, Abdelmadjid Tebboun, unique personne habilit\u00e9e \u00e0 prendre cette d\u00e9cision, est hospitalis\u00e9 pour cause de Covid-19.<\/span><\/p>\n<p><span class=\"post-views-label\">Post Views:<\/span> <span class=\"post-views-count\">4<\/span><\/p>\n<div class=\"ichhar-moneytagnative c6\" id=\"ichhar-1495711223\">\n<p>Advertisements<\/p>\n<\/div>\n<p><br class=\"c2\"\/><br class=\"c7\"\/><\/p>\n<p>Auteur: Anis Khecheba<br \/>\n<a href=\"https:\/\/www.elwatan.com\/edition\/actualite\/une-rentree-scolaire-de-tous-les-risques-05-11-2020\">Cliquez ici pour lire l&rsquo;article depuis sa source.<\/a><\/p>\n","protected":false},"excerpt":{"rendered":"<p>Plusieurs \u00e9coles touch\u00e9es par la Covid-19 Hier, plus de 4 millions d\u2019\u00e9l\u00e8ves des coll\u00e8ges et lyc\u00e9es ont fait leur rentr\u00e9e. Un retour \u00e0 hauts risques, notamment avec la hausse extraordinaire\u00a0des cas de Covid-19. En effet, alors qu\u2019une nouvelle vague de la pand\u00e9mie de coronavirus s\u2019annonce tr\u00e8s proche, la 2e phase de la rentr\u00e9e scolaire 2020-2021 [&hellip;]<\/p>\n","protected":false},"author":1743,"featured_media":103791,"comment_status":"closed","ping_status":"closed","sticky":false,"template":"","format":"standard","meta":{"fifu_image_url":"","fifu_image_alt":"","footnotes":""},"categories":[73,53],"tags":[],"class_list":["post-103786","post","type-post","status-publish","format-standard","has-post-thumbnail","hentry","category-actualite","category-algerie"],"_links":{"self":[{"href":"https:\/\/linitiative.ca\/International\/wp-json\/wp\/v2\/posts\/103786","targetHints":{"allow":["GET"]}}],"collection":[{"href":"https:\/\/linitiative.ca\/International\/wp-json\/wp\/v2\/posts"}],"about":[{"href":"https:\/\/linitiative.ca\/International\/wp-json\/wp\/v2\/types\/post"}],"author":[{"embeddable":true,"href":"https:\/\/linitiative.ca\/International\/wp-json\/wp\/v2\/users\/1743"}],"replies":[{"embeddable":true,"href":"https:\/\/linitiative.ca\/International\/wp-json\/wp\/v2\/comments?post=103786"}],"version-history":[{"count":0,"href":"https:\/\/linitiative.ca\/International\/wp-json\/wp\/v2\/posts\/103786\/revisions"}],"wp:featuredmedia":[{"embeddable":true,"href":"https:\/\/linitiative.ca\/International\/wp-json\/"}],"wp:attachment":[{"href":"https:\/\/linitiative.ca\/International\/wp-json\/wp\/v2\/media?parent=103786"}],"wp:term":[{"taxonomy":"category","embeddable":true,"href":"https:\/\/linitiative.ca\/International\/wp-json\/wp\/v2\/categories?post=103786"},{"taxonomy":"post_tag","embeddable":true,"href":"https:\/\/linitiative.ca\/International\/wp-json\/wp\/v2\/tags?post=103786"}],"curies":[{"name":"wp","href":"https:\/\/api.w.org\/{rel}","templated":true}]}}