{"id":103792,"date":"2020-11-05T08:36:16","date_gmt":"2020-11-05T13:36:16","guid":{"rendered":"https:\/\/linitiative.ca\/International\/cameroun-les-attaques-de-hors-la-loi-les-03-et-04-novembre-au-noso-visent-a-dissuader-les-parents-denvoyer-leurs-enfants-a-lecole-mincom\/"},"modified":"2020-11-05T08:36:16","modified_gmt":"2020-11-05T13:36:16","slug":"cameroun-les-attaques-de-hors-la-loi-les-03-et-04-novembre-au-noso-visent-a-dissuader-les-parents-denvoyer-leurs-enfants-a-lecole-mincom","status":"publish","type":"post","link":"https:\/\/linitiative.ca\/International\/cameroun-les-attaques-de-hors-la-loi-les-03-et-04-novembre-au-noso-visent-a-dissuader-les-parents-denvoyer-leurs-enfants-a-lecole-mincom\/","title":{"rendered":"Cameroun: les attaques de \u00ab\u00a0hors-la-loi\u00a0\u00bb les 03 et 04 novembre au NOSO visent \u00e0 dissuader les parents d\u2019envoyer leurs enfants \u00e0 l\u2019\u00e9cole (Mincom)"},"content":{"rendered":"<div readability=\"32\">\n<p>Publi\u00e9 le 05.11.2020 \u00e0 14h36 par Ren\u00e9 Emmanuel Sadi<\/p>\n<\/div>\n<div readability=\"144\">\n<h2>L\u2019int\u00e9gralit\u00e9 de la mise au point faite par le ministre de la Communication et porte-parole du gouvernement, Ren\u00e9 Emmanuel Sadi<\/h2>\n<p>[Yaound\u00e9, 04 novembre 2020] Le gouvernement de la R\u00e9publique porte \u00e0 la connaissance de l\u2019opinion nationale et internationale, que des attaques ont \u00e9t\u00e9 perp\u00e9tr\u00e9es par des rebelles s\u00e9cessionnistes, les 03 et 04 novembre 2020, dans les r\u00e9gions du Nord-Ouest et du Sud-Ouest, respectivement dans les villes de Bamenda, Kumbo et Limb\u00e9.<\/p>\n<p>A Bamenda, dans le d\u00e9partement de la Mezam, au quartier <strong>Mankon<\/strong>, quatre (04) terroristes \u00e0 bord de motocyclettes, porteurs de fusils de guerre de type AK-47, ont fait irruption dans l\u2019\u00e9tablissement d\u2019enseignement secondaire d\u00e9nomm\u00e9 <em><strong>\u00ab\u00a0Longa Comprehensive College\u00a0\u00bb<\/strong><\/em>, aux environs de 09 heures.<\/p>\n<p>Les hors-la-loi ont ouvert le feu en direction des locaux de l\u2019\u00e9tablissement avant de s\u2019enfuir \u00e0 la vue d\u2019une patrouille de l\u2019op\u00e9ration <em><strong>\u00ab\u00a0Bamenda Clean\u00a0\u00bb<\/strong><\/em>, alert\u00e9e et promptement descendue sur les lieux.<\/p>\n<p>Il s\u2019en est suivi un mouvement de panique aussi bien des \u00e9l\u00e8ves et du corps enseignant que des parents r\u00e9sidant dans les environs, venus \u00e0 la rescousse de leurs enfants.<\/p>\n<p>Face \u00e0 la situation, l\u2019intervention du promoteur dudit coll\u00e8ge et la pr\u00e9sence rassurante des \u00e9l\u00e9ments des Forces de d\u00e9fense et de s\u00e9curit\u00e9 ont permis une reprise des cours dans cet \u00e9tablissement.<\/p>\n<p>Il y a lieu de pr\u00e9ciser qu\u2019aucun cas grave n\u2019a \u00e9t\u00e9 enregistr\u00e9, en dehors de quelques \u00e9gratignures observ\u00e9es sur certains \u00e9l\u00e8ves et enseignants, dues \u00e0 la bousculade lors du mouvement de panique.<\/p>\n<p>S\u2019agissant de l\u2019attaque survenue le m\u00eame jour, au lieu-dit <em><strong>\u00ab\u00a0Square\u00a0\u00bb<\/strong><\/em> au quartier Tobin \u00e0 Kumbo dans le d\u00e9partement du Bui, aux environs de 09 heures 30, le gouvernement indique, que plusieurs terroristes encagoul\u00e9s se sont introduits dans l\u2019enceinte du complexe <em><strong>\u00ab\u00a0Presbyterian School Nursery and Primary\u00a0\u00bb<\/strong><\/em>, en escalandant le mur arri\u00e8re, et ont kidnapp\u00e9 six (06) enseignants et dix (10) \u00e9l\u00e8ves.<\/p>\n<p>Gr\u00e2ce \u00e0 une vive r\u00e9action du r\u00e9v\u00e9rend pasteur Kwanyuy Venansius, responsable de cet \u00e9tablissement scolaire, une mobilisation spontan\u00e9e de pr\u00e8s d\u2019une cinquantaine de fid\u00e8les et de parents d\u2019\u00e9l\u00e8ves a permis \u00e0 ces derniers de prendre d\u2019assaut le lieu-dit <em><strong>\u00ab\u00a0Mbeluf\u00a0\u00bb<\/strong><\/em>, site identifi\u00e9 comme \u00e9tant une des bases des terroristes s\u00e9cessionnistes, \u00e0 environ six (06) kilom\u00e8tres du centre-ville de Kumbo, et de lib\u00e9rer les dix (10) \u00e9l\u00e8ves pris en otage.<\/p>\n<p>Les six (06) enseignants kidnapp\u00e9s demeurent entre les mains des rebelles s\u00e9cessionnistes, mais les Forces de d\u00e9fense et de s\u00e9curit\u00e9, en synergie avec les populations de Kumbo, sont \u00e0 pied d\u2019oeuvre en vue de leur lib\u00e9ration.<\/p>\n<p>Par ailleurs, ce 04 novembre 2020, dans la ville de Limb\u00e9, chef-lieu du d\u00e9partement du Fako, r\u00e9gion du Sud-Ouest, pr\u00e8s d\u2019une dizaine d\u2019individus non identifi\u00e9s, munis d\u2019armes blanches et arborant des amulettes, ont fait irruption dans l\u2019enceinte de l\u2019\u00e9tablissement d\u00e9nomm\u00e9 <em><strong>\u00ab\u00a0Kulu Memorial College\u00a0\u00bb<\/strong><\/em>, aux environs de 12 heures.<\/p>\n<p>Apr\u00e8s avoir fait subir des violences corporelles aux \u00e9l\u00e8ves et aux enseignants, les assaillants ont saccag\u00e9 les locaux et incendi\u00e9 une bonne partie de l\u2019\u00e9tablissement.<\/p>\n<p>Il y a lieu de relever qu\u2019au-del\u00e0 du grand \u00e9moi suscit\u00e9, il n\u2019y a eu aucune perte en vie humaine, ni aucun cas de blessure.<\/p>\n<p>Le gouvernement de la R\u00e9publique condamne une fois de plus avec fermet\u00e9 tous ces actes odieux et l\u00e2ches, commis contre de jeunes apprenants et leurs formateurs, dans le but de dissuader les parents d\u2019envoyer leurs enfants \u00e0 l\u2019\u00e9cole et de cr\u00e9er la psychose au sein de la communaut\u00e9 \u00e9ducative.<\/p>\n<p>Le ministre de la Communication transmet \u00e0 toute la communaut\u00e9 \u00e9ducative en g\u00e9n\u00e9ral, et particuli\u00e8rement aux \u00e9l\u00e8ves, enseignants et parents, victimes des attaques terroristes dans les \u00e9tablissements scolaires des r\u00e9gions du Nord-Ouest et du Sud-Ouest, le soutien constant du pr\u00e9sident de la R\u00e9publique, son Excellence Paul Biya, ainsi que celui de l\u2019ensemble du gouvernement et de la nation toute enti\u00e8re.<\/p>\n<p><strong>Le ministre de la Communication, porte-parole du gouvernement, Ren\u00e9 Emmanuel Sadi.<\/strong><\/p>\n<\/div>\n<p>Auteur: JournalduCameroun.com<br \/>\n<a href=\"https:\/\/www.journalducameroun.com\/cmr-attaques-hors-la-loi-03-04-nov-noso-dissuad-parents-envoyer-enfants-ecole-mincom\/\">Cliquez ici pour lire l&rsquo;article depuis sa source.<\/a><\/p>\n","protected":false},"excerpt":{"rendered":"<p>Publi\u00e9 le 05.11.2020 \u00e0 14h36 par Ren\u00e9 Emmanuel Sadi L\u2019int\u00e9gralit\u00e9 de la mise au point faite par le ministre de la Communication et porte-parole du gouvernement, Ren\u00e9 Emmanuel Sadi [Yaound\u00e9, 04 novembre 2020] Le gouvernement de la R\u00e9publique porte \u00e0 la connaissance de l\u2019opinion nationale et internationale, que des attaques ont \u00e9t\u00e9 perp\u00e9tr\u00e9es par des [&hellip;]<\/p>\n","protected":false},"author":1965,"featured_media":0,"comment_status":"closed","ping_status":"closed","sticky":false,"template":"","format":"standard","meta":{"fifu_image_url":"","fifu_image_alt":"","footnotes":""},"categories":[73,82],"tags":[],"class_list":["post-103792","post","type-post","status-publish","format-standard","hentry","category-actualite","category-cameroun"],"_links":{"self":[{"href":"https:\/\/linitiative.ca\/International\/wp-json\/wp\/v2\/posts\/103792","targetHints":{"allow":["GET"]}}],"collection":[{"href":"https:\/\/linitiative.ca\/International\/wp-json\/wp\/v2\/posts"}],"about":[{"href":"https:\/\/linitiative.ca\/International\/wp-json\/wp\/v2\/types\/post"}],"author":[{"embeddable":true,"href":"https:\/\/linitiative.ca\/International\/wp-json\/wp\/v2\/users\/1965"}],"replies":[{"embeddable":true,"href":"https:\/\/linitiative.ca\/International\/wp-json\/wp\/v2\/comments?post=103792"}],"version-history":[{"count":0,"href":"https:\/\/linitiative.ca\/International\/wp-json\/wp\/v2\/posts\/103792\/revisions"}],"wp:attachment":[{"href":"https:\/\/linitiative.ca\/International\/wp-json\/wp\/v2\/media?parent=103792"}],"wp:term":[{"taxonomy":"category","embeddable":true,"href":"https:\/\/linitiative.ca\/International\/wp-json\/wp\/v2\/categories?post=103792"},{"taxonomy":"post_tag","embeddable":true,"href":"https:\/\/linitiative.ca\/International\/wp-json\/wp\/v2\/tags?post=103792"}],"curies":[{"name":"wp","href":"https:\/\/api.w.org\/{rel}","templated":true}]}}