{"id":103795,"date":"2020-11-05T05:53:22","date_gmt":"2020-11-05T10:53:22","guid":{"rendered":"https:\/\/linitiative.ca\/International\/lepidemie-semballe-le-gouvernement-tergiverse\/"},"modified":"2020-11-05T05:53:22","modified_gmt":"2020-11-05T10:53:22","slug":"lepidemie-semballe-le-gouvernement-tergiverse","status":"publish","type":"post","link":"https:\/\/linitiative.ca\/International\/lepidemie-semballe-le-gouvernement-tergiverse\/","title":{"rendered":"L\u2019\u00e9pid\u00e9mie s\u2019emballe, le gouvernement tergiverse"},"content":{"rendered":"<h4 class=\"title-14\">Tandis que des mesures fermes avaient \u00e9t\u00e9 prises au d\u00e9but de la crise<\/h4>\n<div class=\"featured_image\"><img loading=\"lazy\" decoding=\"async\" width=\"800\" height=\"532\" src=\"https:\/\/www.elwatan.com\/wp-content\/uploads\/2020\/11\/djerad.jpg\" class=\"attachment-post-thumbnail size-post-thumbnail wp-post-image\" alt=\"\" srcset=\"https:\/\/www.elwatan.com\/wp-content\/uploads\/2020\/11\/djerad.jpg 800w, https:\/\/www.elwatan.com\/wp-content\/uploads\/2020\/11\/djerad-300x200.jpg 300w, https:\/\/www.elwatan.com\/wp-content\/uploads\/2020\/11\/djerad-768x511.jpg 768w\" sizes=\"auto, (max-width: 800px) 100vw, 800px\"\/><\/div>\n<p class=\"p4\"><span class=\"s3\"><strong>Bien que le nombre des contaminations quotidiennes au coronavirus ait \u00e0 nouveau d\u00e9pass\u00e9 les 400 cas, les autorit\u00e9s alg\u00e9riennes restent silencieuses.<\/strong><\/span><\/p>\n<p class=\"p6\"><span class=\"s3\"><strong>D<\/strong><\/span>evant l\u2019emballement de l\u2019\u00e9pid\u00e9mie du coronavirus constat\u00e9 ces derniers jours, les sp\u00e9cialistes craignent une perte de contr\u00f4le.<\/p>\n<p class=\"p7\">Bien que le nombre des contaminations quotidiennes au coronavirus ait \u00e0 nouveau d\u00e9pass\u00e9 les 400 cas<strong>,<\/strong> les autorit\u00e9s alg\u00e9riennes restent silencieuses, tranchant ainsi avec l\u2019attitude ferme et pr\u00e9cautionneuse du d\u00e9but de l\u2019\u00e9pid\u00e9mie.<\/p>\n<p class=\"p7\">Hier, alors qu\u2019il donnait le coup d\u2019envoi de l\u2019ann\u00e9e scolaire 2020\/2021 pour les cycles moyen et secondaire, le Premier ministre, Abdelaziz Djerad, a affirm\u00e9 que le gouvernement prendra des mesures \u00abs\u00e9v\u00e8res\u00bb en cas de hausse du nombre de contaminations.<\/p>\n<p class=\"p7\">Il a \u00e9galement soulign\u00e9 l\u2019importance de l\u2019accompagnement de <em>\u00abl\u2019arm\u00e9e blanche\u00bb<\/em> (le personnel m\u00e9dical) qui fait face \u00e0 ce virus, en tentant <em>\u00abd\u2019all\u00e9ger la pression\u00bb<\/em> sur elle, imputant l\u2019augmentation des cas positifs en Alg\u00e9rie au non-respect des gestes barri\u00e8res.<\/p>\n<p class=\"p7\">La seule mesure prise r\u00e9cemment aura \u00e9t\u00e9 l\u2019extension, jeudi dernier, du couvre-feu \u00e0 neuf autres wilayas, dont le nombre de cas, selon le rapport \u00e9pid\u00e9miologique, a augment\u00e9.<\/p>\n<p class=\"p7\">C\u2019est que les chiffres repartent \u00e0 la hausse au moment o\u00f9 la vie reprend son cours, avec la rentr\u00e9e graduelle des classes et la prochaine ouverture, ce vendredi, des mosqu\u00e9es.<\/p>\n<p class=\"p7\">Force est de reconna\u00eetre, par ailleurs, qu\u2019un\u00a0rel\u00e2chement a \u00e9galement \u00e9t\u00e9 constat\u00e9 parmi la population, n\u00e9gligeant les mesures sanitaires.<\/p>\n<p class=\"p7\">Le conseil scientifique charg\u00e9 de conseiller les autorit\u00e9s sur la question de la pand\u00e9mie\u00a0recommande le confinement dans certaines wilayas et le report de la rentr\u00e9e des lyc\u00e9ens et des \u00e9tudiants, dans un rapport destin\u00e9 au Premier ministre portant une s\u00e9rie de propositions.<\/p>\n<p class=\"p7\">La situation \u00e9pid\u00e9miologique y est d\u00e9crite comme <em>\u00abalarmante\u00bb<\/em>, pr\u00e9conisant le retour au confinement de certaines wilayas ayant enregistr\u00e9 des clusters et le durcissement dans l\u2019application stricte du dispositif sanitaire.<\/p>\n<p class=\"p7\">Le m\u00eame rapport plaide, selon une source proche du dossier, pour la verbalisation des contrevenants \u00e0 l\u2019\u00e9gard des mesures sanitaires, le maintien de la reprise scolaire des cycles primaires et moyens avec <em>\u00able port obligatoire du masque\u00bb<\/em> et l\u2019intensification des campagnes de sensibilisation et de communication \u00e0 l\u2019\u00e9gard de la population sur l\u2019importance des mesures sanitaires et des gestes barri\u00e8res.<\/p>\n<p class=\"p7\">Le fait est, selon les sp\u00e9cialistes, qu\u2019il y a une augmentation significative du nombre de cas diagnostiqu\u00e9s et non diagnostiqu\u00e9s et la situation est inqui\u00e9tante, car le nombre de cas d\u00e9clar\u00e9s ne refl\u00e8te pas la r\u00e9alit\u00e9 du terrain. Nombre de cas, diagnostiqu\u00e9s par scanner (TDM thoracique) ne figurent pas dans les chiffres officiels d\u2019infections journali\u00e8res, y compris en cas de d\u00e9c\u00e8s.<\/p>\n<p class=\"p7\">Il est \u00e0 se demander, \u00e0 l\u2019heure o\u00f9 le pr\u00e9sident de la R\u00e9publique est lui-m\u00eame hospitalis\u00e9 en Allemagne pour cause de Covid, si l\u2019Alg\u00e9rie d\u00e9cidera de durcir les mesures sanitaires pour contrer la propagation du virus, sachant qu\u2019un retour au reconfinement sera des plus \u00e9prouvants pour l\u2019\u00e9conomie du pays.<\/p>\n<p class=\"p7\">Cela a \u00e9t\u00e9 le choix fait par le gouvernement en mars dernier, pla\u00e7ant la sant\u00e9 des citoyens au-dessus de toute consid\u00e9ration et qui a, selon les observateurs, port\u00e9 ses fruits.<\/p>\n<p><span class=\"post-views-label\">Post Views:<\/span> <span class=\"post-views-count\">1<\/span><\/p>\n<div class=\"ichhar-moneytagnative c6\" id=\"ichhar-674164201\">\n<p>Advertisements<\/p>\n<\/div>\n<p><br class=\"c2\"\/><br class=\"c7\"\/><\/p>\n<p>Auteur: Anis Khecheba<br \/>\n<a href=\"https:\/\/www.elwatan.com\/edition\/actualite\/lepidemie-semballe-le-gouvernement-tergiverse-05-11-2020\">Cliquez ici pour lire l&rsquo;article depuis sa source.<\/a><\/p>\n","protected":false},"excerpt":{"rendered":"<p>Tandis que des mesures fermes avaient \u00e9t\u00e9 prises au d\u00e9but de la crise Bien que le nombre des contaminations quotidiennes au coronavirus ait \u00e0 nouveau d\u00e9pass\u00e9 les 400 cas, les autorit\u00e9s alg\u00e9riennes restent silencieuses. Devant l\u2019emballement de l\u2019\u00e9pid\u00e9mie du coronavirus constat\u00e9 ces derniers jours, les sp\u00e9cialistes craignent une perte de contr\u00f4le. Bien que le nombre [&hellip;]<\/p>\n","protected":false},"author":1743,"featured_media":103801,"comment_status":"closed","ping_status":"closed","sticky":false,"template":"","format":"standard","meta":{"fifu_image_url":"","fifu_image_alt":"","footnotes":""},"categories":[73,53],"tags":[],"class_list":["post-103795","post","type-post","status-publish","format-standard","has-post-thumbnail","hentry","category-actualite","category-algerie"],"_links":{"self":[{"href":"https:\/\/linitiative.ca\/International\/wp-json\/wp\/v2\/posts\/103795","targetHints":{"allow":["GET"]}}],"collection":[{"href":"https:\/\/linitiative.ca\/International\/wp-json\/wp\/v2\/posts"}],"about":[{"href":"https:\/\/linitiative.ca\/International\/wp-json\/wp\/v2\/types\/post"}],"author":[{"embeddable":true,"href":"https:\/\/linitiative.ca\/International\/wp-json\/wp\/v2\/users\/1743"}],"replies":[{"embeddable":true,"href":"https:\/\/linitiative.ca\/International\/wp-json\/wp\/v2\/comments?post=103795"}],"version-history":[{"count":0,"href":"https:\/\/linitiative.ca\/International\/wp-json\/wp\/v2\/posts\/103795\/revisions"}],"wp:featuredmedia":[{"embeddable":true,"href":"https:\/\/linitiative.ca\/International\/wp-json\/"}],"wp:attachment":[{"href":"https:\/\/linitiative.ca\/International\/wp-json\/wp\/v2\/media?parent=103795"}],"wp:term":[{"taxonomy":"category","embeddable":true,"href":"https:\/\/linitiative.ca\/International\/wp-json\/wp\/v2\/categories?post=103795"},{"taxonomy":"post_tag","embeddable":true,"href":"https:\/\/linitiative.ca\/International\/wp-json\/wp\/v2\/tags?post=103795"}],"curies":[{"name":"wp","href":"https:\/\/api.w.org\/{rel}","templated":true}]}}