{"id":103798,"date":"2020-11-05T08:39:26","date_gmt":"2020-11-05T13:39:26","guid":{"rendered":"https:\/\/linitiative.ca\/International\/intelcia-it-solutions-se-developpe-au-cameroun-et-en-cote-divoire\/"},"modified":"2020-11-05T08:39:26","modified_gmt":"2020-11-05T13:39:26","slug":"intelcia-it-solutions-se-developpe-au-cameroun-et-en-cote-divoire","status":"publish","type":"post","link":"https:\/\/linitiative.ca\/International\/intelcia-it-solutions-se-developpe-au-cameroun-et-en-cote-divoire\/","title":{"rendered":"Intelcia IT Solutions se d\u00e9veloppe au Cameroun et en C\u00f4te d\u2019Ivoire"},"content":{"rendered":"<p class=\"has-text-color c2\"><strong>Lanc\u00e9 en janvier 2020, Intelcia IT Solutions -ITS- poursuit son d\u00e9veloppement en s\u2019implantant au Cameroun et en C\u00f4te d\u2019Ivoire. Ce d\u00e9ploiement vient r\u00e9pondre \u00e0 la volont\u00e9 du Groupe d\u2019investir le march\u00e9 des services IT en Afrique de l\u2019Ouest, mais aussi au besoin croissant des groupes internationaux, notamment marocains, d\u2019avoir un infog\u00e9rant multi-pays capable de les accompagner dans leur d\u00e9veloppement.<\/strong><\/p>\n<p>Sp\u00e9cialis\u00e9e\u00a0dans l\u2019externalisation de solutions IT, Intelcia IT Solutions vise \u00e0 faire des nouvelles implantations des centres de comp\u00e9tence aux normes internationales. Sp\u00e9cialis\u00e9s par technologie, ces centres capitalisent sur les processus et les standards construits au Maroc depuis plus de 10 ans sur l\u2019infog\u00e9rance r\u00e9seau, s\u00e9curit\u00e9 et cloud, et le d\u00e9veloppement applicatif.<\/p>\n<p>Intelcia ITS continuera, \u00e0 travers ces centres de comp\u00e9tences, \u00e0 faire grandir son portefeuille de solutions. En effet, les progiciels Intelcia ITS ont su r\u00e9pondre aux besoins urgents de d\u00e9mat\u00e9rialisation des organisations, en particulier dans le contexte actuel. L\u2019exp\u00e9rience r\u00e9ussie avec le Royaume du Maroc sera utilis\u00e9e pour construire des solutions adapt\u00e9es \u00e0 d\u2019autres pays d\u2019Afrique<strong>.<\/strong><\/p>\n<p>Durant la p\u00e9riode de confinement d\u00fb au Covid-19, plusieurs outils ont \u00e9t\u00e9 d\u00e9velopp\u00e9s pour permettre aux administrations publiques la continuit\u00e9 de leurs activit\u00e9s. Au total, plus de 500 administrations ont b\u00e9n\u00e9fici\u00e9 des solutions de d\u00e9mat\u00e9rialisation. Le \u00abPortail Achats\u00bb a permis une continuit\u00e9 des achats publics et priv\u00e9s \u00e0 travers un processus d\u2019appel d\u2019offre totalement digitalis\u00e9 de la pr\u00e9paration \u00e0 l\u2019ouverture des plis. Le \u00abe-bureau\u00bb d\u2019ordre a permis l\u2019envoi et la r\u00e9ception de courrier et l\u2019acc\u00e9l\u00e9ration des circuits de validation en plein confinement, et le \u00abe-parapheur\u00bb une continuit\u00e9 des parcours de d\u00e9cisions dans les entreprises.<\/p>\n<p>\u00abPour nos nouvelles implantations en Afrique Subsaharienne, nous avons l\u2019ambition d\u2019accompagner les institutions dans leurs projets e-gov, ainsi que les entreprises locales et panafricaines. Nous avons l\u2019agilit\u00e9 et la volont\u00e9 pour nous adapter aux sp\u00e9cificit\u00e9s r\u00e9glementaires et culturelles des pays o\u00f9 nous sommes pr\u00e9sents\u00bb, affirme Malika Ahmidouch, directrice du p\u00f4le Intelcia IT Solutions.<\/p>\n<p>Dans une premi\u00e8re phase, IITS cible donc les administrations publiques, les banques et les t\u00e9l\u00e9coms, avant d\u2019adresser dans une seconde phase l\u2019ensemble des secteurs de l\u2019\u00e9conomie.\u00a0Intelcia ITS a pour ambition de s\u2019inscrire dans la m\u00eame trajectoire que le Groupe, notamment en Afrique Subsaharienne. Aujourd\u2019hui, IITS r\u00e9alise 50% de son chiffre d\u2019affaires \u00e0 l\u2019international et emploie 200 collaborateurs. \u00c0 horizon 2025, le p\u00f4le IT pr\u00e9voit d\u2019atteindre les 2000 collaborateurs, et offrir un footprint africain unique.<\/p>\n<p>Auteur: M&rsquo;hammed rahal<br \/>\n<a href=\"http:\/\/albayane.press.ma\/intelcia-it-solutions-se-developpe-au-cameroun-et-en-cote-divoire.html\">Cliquez ici pour lire l&rsquo;article depuis sa source.<\/a><\/p>\n","protected":false},"excerpt":{"rendered":"<p>Lanc\u00e9 en janvier 2020, Intelcia IT Solutions -ITS- poursuit son d\u00e9veloppement en s\u2019implantant au Cameroun et en C\u00f4te d\u2019Ivoire. Ce d\u00e9ploiement vient r\u00e9pondre \u00e0 la volont\u00e9 du Groupe d\u2019investir le march\u00e9 des services IT en Afrique de l\u2019Ouest, mais aussi au besoin croissant des groupes internationaux, notamment marocains, d\u2019avoir un infog\u00e9rant multi-pays capable de les [&hellip;]<\/p>\n","protected":false},"author":1760,"featured_media":0,"comment_status":"closed","ping_status":"closed","sticky":false,"template":"","format":"standard","meta":{"fifu_image_url":"","fifu_image_alt":"","footnotes":""},"categories":[73,54],"tags":[],"class_list":["post-103798","post","type-post","status-publish","format-standard","hentry","category-actualite","category-maroc"],"_links":{"self":[{"href":"https:\/\/linitiative.ca\/International\/wp-json\/wp\/v2\/posts\/103798","targetHints":{"allow":["GET"]}}],"collection":[{"href":"https:\/\/linitiative.ca\/International\/wp-json\/wp\/v2\/posts"}],"about":[{"href":"https:\/\/linitiative.ca\/International\/wp-json\/wp\/v2\/types\/post"}],"author":[{"embeddable":true,"href":"https:\/\/linitiative.ca\/International\/wp-json\/wp\/v2\/users\/1760"}],"replies":[{"embeddable":true,"href":"https:\/\/linitiative.ca\/International\/wp-json\/wp\/v2\/comments?post=103798"}],"version-history":[{"count":0,"href":"https:\/\/linitiative.ca\/International\/wp-json\/wp\/v2\/posts\/103798\/revisions"}],"wp:attachment":[{"href":"https:\/\/linitiative.ca\/International\/wp-json\/wp\/v2\/media?parent=103798"}],"wp:term":[{"taxonomy":"category","embeddable":true,"href":"https:\/\/linitiative.ca\/International\/wp-json\/wp\/v2\/categories?post=103798"},{"taxonomy":"post_tag","embeddable":true,"href":"https:\/\/linitiative.ca\/International\/wp-json\/wp\/v2\/tags?post=103798"}],"curies":[{"name":"wp","href":"https:\/\/api.w.org\/{rel}","templated":true}]}}