{"id":103804,"date":"2020-11-05T08:00:56","date_gmt":"2020-11-05T13:00:56","guid":{"rendered":"https:\/\/linitiative.ca\/International\/appel-a-manifestation-des-auditeurs-pour-lexamen-des-etats-financiers-du-dispositif\/"},"modified":"2020-11-05T08:00:56","modified_gmt":"2020-11-05T13:00:56","slug":"appel-a-manifestation-des-auditeurs-pour-lexamen-des-etats-financiers-du-dispositif","status":"publish","type":"post","link":"https:\/\/linitiative.ca\/International\/appel-a-manifestation-des-auditeurs-pour-lexamen-des-etats-financiers-du-dispositif\/","title":{"rendered":"Appel \u00e0 manifestation des auditeurs pour l\u2019examen des \u00e9tats financiers du dispositif"},"content":{"rendered":"<header>\n<\/header>\n<div class=\"entry-content clearfix\" readability=\"67\"><img decoding=\"async\" class=\"post_layout_5_img\" src=\"http:\/\/aujourdhui.ma\/wp-content\/uploads\/2020\/11\/La-Cour-des-comptes.jpg\" alt=\"Appel &#xE0; manifestation des auditeurs pour l&#x2019;examen des &#xE9;tats financiers du dispositif\"\/><\/p>\n<p><span class=\"c5\"><strong>Cl\u00f4ture du projet de renforcement des capacit\u00e9s de la Cour des comptes<\/strong><\/span> <span id=\"more-359632\"\/><\/p>\n<p><span class=\"c6\">\u00abL\u2019objectif de l\u2019examen des \u00e9tats financiers du projet (EFP) et d\u2019obtenir une assurance que les EFP pris dans leur ensemble ne comportent pas d\u2019anomalies significatives, exprimer une opinion et produire un rapport sur les \u00e9tats financiers\u00bb.<\/span><\/p>\n<p>La Cour des comptes sollicite les services de consultants pour une mission d\u2019audit de cl\u00f4ture du projet d\u2019appui au renforcement de ses capacit\u00e9s. La mission \u00e9tant d\u2019examiner les \u00e9tats financiers du projet relatifs \u00e0 la p\u00e9riode du projet, soit du 7 juin 2016 au 31 d\u00e9cembre 2020 (date de cl\u00f4ture). A cet effet, un avis \u00e0 manifestation d\u2019int\u00e9r\u00eat est officiellement lanc\u00e9 invitant les consultants \u00e0 pr\u00e9senter leurs candidatures au plus tard le 24 novembre courant. Les profils int\u00e9ress\u00e9s sont appel\u00e9s \u00e0 produire des informations d\u00e9montrant qu\u2019ils sont qualifi\u00e9s pour r\u00e9aliser la mission. Ils doivent ainsi \u00eatre inscrits au tableau d\u2019un ordre des experts-comptables reconnu au plan national ou r\u00e9gional. Ils doivent \u00e9galement pr\u00e9senter leurs qualifications et exp\u00e9riences du cabinet.<\/p>\n<p>Les crit\u00e8res d\u2019\u00e9ligibilit\u00e9, l\u2019\u00e9tablissement de la liste restreinte et la proc\u00e9dure de s\u00e9lection seront conformes aux \u00abr\u00e8gles et proc\u00e9dures pour l\u2019utilisation des consultants\u00bb de la Banque africaine de d\u00e9veloppement qui sont disponibles sur le site web de la Banque. La mission \u00e9tant d\u2019examiner les \u00e9tats financiers relatifs \u00e0 la p\u00e9riode du projet, soit du 7 juin 2016 au 31 d\u00e9cembre 2020 (date de cl\u00f4ture). \u00abL\u2019objectif de l\u2019examen des \u00e9tats financiers du projet (EFP) et d\u2019obtenir une assurance que les EFP pris dans leur ensemble ne comportent pas d\u2019anomalies significatives, exprimer une opinion et produire un rapport sur les \u00e9tats financiers conform\u00e9ment \u00e0 la Norme internationale de missions d\u2019examen (ISRE) 2400 et aux Termes de r\u00e9f\u00e9rence de la mission\u00bb, rel\u00e8ve-t-on d\u2019un communiqu\u00e9 conjoint de la Cour des comptes et la Banque africaine de d\u00e9veloppement (BAD).<\/p>\n<p>L\u2019auditeur est ainsi appel\u00e9 \u00e0 v\u00e9rifier que les EFP ont \u00e9t\u00e9 \u00e9tablis conform\u00e9ment aux normes comptables convenues et donnent une image fid\u00e8le de la situation financi\u00e8re du projet \u00e0 la date consid\u00e9r\u00e9e. L\u2019auditeur doit, par ailleurs, v\u00e9rifier et s\u2019assurer que les EFP ont \u00e9t\u00e9 pr\u00e9sent\u00e9s en utilisant la monnaie fonctionnelle de l\u2019emprunteur. \u00abLorsque la monnaie fonctionnelle n\u2019est pas utilis\u00e9e aux fins de la pr\u00e9sentation des EFP, il est n\u00e9cessaire de proc\u00e9der \u00e0 une conversion int\u00e9grale des monnaies. L\u2019auditeur doit obtenir de la direction les raisons justifiant l\u2019utilisation dans la pr\u00e9sentation des \u00e9tats financiers d\u2019une monnaie diff\u00e9rente de la monnaie fonctionnelle\u00bb, rel\u00e8ve-t-on des deux parties. Il est \u00e0 souligner que le Maroc a re\u00e7u en 2016 un don de la BAD pour le financement du projet d\u2019appui au renforcement des capacit\u00e9s de la Cour des comptes du Maroc.<\/p>\n<p>Ce projet a pour objectif d\u2019am\u00e9liorer le contr\u00f4le externe de la gestion des finances publiques \u00e0 travers le renforcement des capacit\u00e9s de la Cour des comptes. Deux principaux objectifs ont \u00e9t\u00e9 d\u00e9finis dans ce sens. Citons \u00e0 cet effet l\u2019\u00e9laboration et la mise en \u0153uvre d\u2019une strat\u00e9gie de renforcement des capacit\u00e9s des auditeurs et des magistrats ainsi que l\u2019appui \u00e0 l\u2019op\u00e9rationnalisation du centre de formation sp\u00e9cialis\u00e9 audit public.<\/p>\n<\/div>\n<p>Auteur: Kawtar Tali<br \/>\n<a href=\"https:\/\/aujourdhui.ma\/economie\/appel-a-manifestation-des-auditeurs-pour-lexamen-des-etats-financiers-du-dispositif\">Cliquez ici pour lire l&rsquo;article depuis sa source.<\/a><\/p>\n","protected":false},"excerpt":{"rendered":"<p>Cl\u00f4ture du projet de renforcement des capacit\u00e9s de la Cour des comptes \u00abL\u2019objectif de l\u2019examen des \u00e9tats financiers du projet (EFP) et d\u2019obtenir une assurance que les EFP pris dans leur ensemble ne comportent pas d\u2019anomalies significatives, exprimer une opinion et produire un rapport sur les \u00e9tats financiers\u00bb. La Cour des comptes sollicite les services [&hellip;]<\/p>\n","protected":false},"author":1759,"featured_media":103810,"comment_status":"closed","ping_status":"closed","sticky":false,"template":"","format":"standard","meta":{"fifu_image_url":"","fifu_image_alt":"","footnotes":""},"categories":[73,54],"tags":[],"class_list":["post-103804","post","type-post","status-publish","format-standard","has-post-thumbnail","hentry","category-actualite","category-maroc"],"_links":{"self":[{"href":"https:\/\/linitiative.ca\/International\/wp-json\/wp\/v2\/posts\/103804","targetHints":{"allow":["GET"]}}],"collection":[{"href":"https:\/\/linitiative.ca\/International\/wp-json\/wp\/v2\/posts"}],"about":[{"href":"https:\/\/linitiative.ca\/International\/wp-json\/wp\/v2\/types\/post"}],"author":[{"embeddable":true,"href":"https:\/\/linitiative.ca\/International\/wp-json\/wp\/v2\/users\/1759"}],"replies":[{"embeddable":true,"href":"https:\/\/linitiative.ca\/International\/wp-json\/wp\/v2\/comments?post=103804"}],"version-history":[{"count":0,"href":"https:\/\/linitiative.ca\/International\/wp-json\/wp\/v2\/posts\/103804\/revisions"}],"wp:featuredmedia":[{"embeddable":true,"href":"https:\/\/linitiative.ca\/International\/wp-json\/"}],"wp:attachment":[{"href":"https:\/\/linitiative.ca\/International\/wp-json\/wp\/v2\/media?parent=103804"}],"wp:term":[{"taxonomy":"category","embeddable":true,"href":"https:\/\/linitiative.ca\/International\/wp-json\/wp\/v2\/categories?post=103804"},{"taxonomy":"post_tag","embeddable":true,"href":"https:\/\/linitiative.ca\/International\/wp-json\/wp\/v2\/tags?post=103804"}],"curies":[{"name":"wp","href":"https:\/\/api.w.org\/{rel}","templated":true}]}}