{"id":103805,"date":"2020-11-05T05:55:58","date_gmt":"2020-11-05T10:55:58","guid":{"rendered":"https:\/\/linitiative.ca\/International\/si-ce-relachement-persiste-nous-allons-inevitablement-vers-la-deuxieme-vague\/"},"modified":"2020-11-05T05:55:58","modified_gmt":"2020-11-05T10:55:58","slug":"si-ce-relachement-persiste-nous-allons-inevitablement-vers-la-deuxieme-vague","status":"publish","type":"post","link":"https:\/\/linitiative.ca\/International\/si-ce-relachement-persiste-nous-allons-inevitablement-vers-la-deuxieme-vague\/","title":{"rendered":"\u00abSi ce rel\u00e2chement persiste, nous allons in\u00e9vitablement vers la deuxi\u00e8me vague\u00bb"},"content":{"rendered":"<h4 class=\"title-14\">Dr Mohamed Yousfi. Chef de service des maladies infectieuses au Chu de Boufarik et pr\u00e9sident du SNPSSP<\/h4>\n<div class=\"featured_image\"><img loading=\"lazy\" decoding=\"async\" width=\"400\" height=\"395\" src=\"https:\/\/www.elwatan.com\/wp-content\/uploads\/2020\/11\/Mohamed-Yousfi.jpg\" class=\"attachment-post-thumbnail size-post-thumbnail wp-post-image\" alt=\"\" srcset=\"https:\/\/www.elwatan.com\/wp-content\/uploads\/2020\/11\/Mohamed-Yousfi.jpg 400w, https:\/\/www.elwatan.com\/wp-content\/uploads\/2020\/11\/Mohamed-Yousfi-300x296.jpg 300w\" sizes=\"auto, (max-width: 400px) 100vw, 400px\"\/><\/div>\n<p class=\"p4\"><em><strong><span class=\"s3\">\u2013 Nous assistons \u00e0 un rebond des cas de contamination \u00e0 la Covid-19 dans notre pays. La situation est-elle alarmante\u00a0? Est-ce le retour \u00e0 la case d\u00e9part\u00a0?<\/span><\/strong><\/em><\/p>\n<p class=\"p4\"><span class=\"s3\">La situation n\u2019est pas dramatique, mais elle tr\u00e8s inqui\u00e9tante pour la simple raison qu\u2019actuellement il y a une recrudescence des cas de contamination et, ces derni\u00e8res semaines, il y a une recrudescence tr\u00e8s rapide. Pourquoi la situation est-elle inqui\u00e9tante\u00a0?<\/span><\/p>\n<p class=\"p4\"><span class=\"s3\">Parce que d\u2019abord le personnel de sant\u00e9 est \u00e9puis\u00e9. Je parle notamment pour la wilaya de Blida et plus particuli\u00e8rement \u00e0 Boufarik o\u00f9 j\u2019exerce.<\/span><\/p>\n<p class=\"p4\"><span class=\"s3\">Ce personnel n\u2019a pas eu le temps de se reposer, nous sommes sur le front depuis 8 huit mois et, au moment o\u00f9 on croyait \u00e0 une accalmie, on assiste \u00e0 une reprise des contaminations. Actuellement, il y a une saturation des structures sanitaires, le personnel est \u00e0 plat, et c\u2019est l\u00e0 notre inqui\u00e9tude.<\/span><\/p>\n<p class=\"p4\"><span class=\"s3\">Maintenant, du point de vue \u00e9pid\u00e9miologique et en termes de gravit\u00e9 de l\u2019\u00e9pid\u00e9mie, je peux dire que pour l\u2019instant nous ne sommes pas encore au stade des mois de mars ou avril, mais nous allons droit vers cette situation dramatique. En plus du personnel \u00e9puis\u00e9, nous avons une population qui ne respecte pas les mesures barri\u00e8res. C\u2019est l\u2019insouciance totale, pour ne pas dire autre chose. C\u2019est ce qui nous inqui\u00e8te.<\/span><\/p>\n<p class=\"p4\"><em><strong><span class=\"s3\">\u2013 Les \u00e9tablissements sanitaires sont satur\u00e9s, il y a un manque flagrant de lits d\u2019hospitalisation. Pourtant, les pouvoirs publics ont promis d\u2019\u00e9quiper les h\u00f4pitaux en lits et en mat\u00e9riels ad\u00e9quats\u2026<\/span><\/strong><\/em><\/p>\n<p class=\"p4\"><span class=\"s3\">Pour moi, il s\u2019agit d\u2019un probl\u00e8me d\u2019organisation au niveau des \u00e9tablissements et dans chaque wilaya. Je rappelle que les directives du mois de mars sont claires et toujours en vigueur.<\/span><\/p>\n<p class=\"p4\"><span class=\"s3\">Nous avons re\u00e7u instruction de mobiliser toutes les structures pour la prise en charge des cas Covid, et ce, de mani\u00e8re progressive, notamment lorsque il y a une recrudescence, comme c\u2019est le cas aujourd\u2019hui. Nous devons juste \u00e9pargner les urgences chirurgico-m\u00e9dicales.<\/span><\/p>\n<p class=\"p4\"><span class=\"s3\">Donc, tout ce qui est froid, c\u2019est-\u00e0-dire les autres pathologies, est report\u00e9 et cela se fait dans tous les pays du monde. Nous avons suffisamment de lits en Alg\u00e9rie.<\/span><\/p>\n<p class=\"p4\"><span class=\"s3\">Au d\u00e9but de l\u2019\u00e9pid\u00e9mie, nous avions eu, certes, un probl\u00e8me de disponibilit\u00e9 de lits, il fallait y rem\u00e9dier en mettant toutes les unit\u00e9s \u00e0 la disposition de la Covid-19. Aujourd\u2019hui, il faudrait que ces \u00e9tablissements mettent plus de lits et, dans ce cas, ce sont malheureusement les malades non Covid qui seront p\u00e9nalis\u00e9s.<\/span><\/p>\n<p class=\"p4\"><span class=\"s3\">Mais la situation l\u2019impose. Il faut que tout le monde s\u2019implique. Les directives sont claires et elles doivent \u00eatre appliqu\u00e9es pour avoir plus de lits, et il faut une r\u00e9partition \u00e9quitable pour la prise en charge de cette pand\u00e9mie quelle que soit la sp\u00e9cialit\u00e9.<\/span><\/p>\n<p class=\"p4\"><span class=\"s3\">Tous, nous devons participer \u00e0 la prise en charge de cette \u00e9pid\u00e9mie. En r\u00e9alit\u00e9, le probl\u00e8me ne se pose pas en mati\u00e8re de lits d\u2019hospitalisation, mais pour les lits de r\u00e9animation. Et cette \u00e9pineuse question, nous l\u2019avons de tout temps soulev\u00e9e.<\/span><\/p>\n<p class=\"p4\"><span class=\"s3\">Aujourd\u2019hui, en se consacrant au coronavirus, toutes les \u00e9quipes de r\u00e9animateurs et anesth\u00e9sistes seront d\u00e9di\u00e9es \u00e0 la Covid et, automatiquement, l\u2019on augmentera le nombre des lits.<\/span><\/p>\n<p class=\"p4\"><span class=\"s3\">Maintenant pour parer \u00e0 cette \u00e9pid\u00e9mie, surtout avec ce rebond des cas de contamination, nous devons mettre tous les moyens \u00e0 la disposition des services Covid. Et c\u2019est ainsi que l\u2019on pourra relever le d\u00e9fi, mais il faut que cela soit fait par tous.<\/span><\/p>\n<p class=\"p4\"><span class=\"s3\">A Boufarik, tous les services sont d\u00e9di\u00e9s \u00e0 la prise en charge des cas Covid, \u00e0 l\u2019exception de la maternit\u00e9. Les directives sont claires et ont \u00e9t\u00e9 rappel\u00e9es \u00e0 plusieurs reprises afin de ne pas renvoyer les malades chez eux. C\u2019est ce qui se fait \u00e0 l\u2019\u00e9tranger.<\/span><\/p>\n<p class=\"p4\"><span class=\"s3\">Avec la diminution des cas, certains structures ont repris leurs activit\u00e9s initiales, mais l\u00e0, avec la reprise des contaminations et la courbe ascendante des cas test\u00e9s positifs, il faudra progressivement remettre des lits Covid, c\u2019est aussi simple que cela, mais il faut l\u2019appliquer sur le terrain. Ecoutez, il n\u2019est pas normal de recevoir \u00e0 Boufarik des malades venus d\u2019Alger\u00a0!<\/span><\/p>\n<p class=\"p4\"><span class=\"s3\">Nous avons une \u00e9pid\u00e9mie qui est plus importante \u00e0 Blida compar\u00e9e \u00e0 la population et on a des structures nettement moins importantes que la capitale, qui compte 4 CHU. C\u2019est hallucinant. Il faudrait revoir le dispositif et le mettre en ad\u00e9quation avec l\u2019\u00e9volution de l\u2019\u00e9pid\u00e9mie.<\/span><\/p>\n<p class=\"p4\"><em><strong><span class=\"s3\">\u2013 Ce rel\u00e2chement co\u00efncide avec la rentr\u00e9e scolaire et universitaire. Cette recrudescence va-t-elle durer dans le temps\u00a0?<\/span><\/strong><\/em><\/p>\n<p class=\"p4\"><span class=\"s3\">Malheureusement, il n\u2019y a pas seulement un rel\u00e2chement, mais un laisser-aller inimaginable, les gens ont oubli\u00e9 les mesures barri\u00e8res et les pouvoirs publics ont oubli\u00e9 de s\u00e9vir pour faire respecter ces mesures. Il n\u2019y a plus de contr\u00f4le ni dans les transports ni dans les commerces.<\/span><\/p>\n<p class=\"p4\"><span class=\"s3\">Nous sommes appel\u00e9s \u00e0 vivre avec ce coronavirus, donc ces mesures barri\u00e8res doivent nous pr\u00e9munir non seulement contre le coronavirus, mais contre les autres maladies. Maintenant, personne ne peut pr\u00e9dire comment la situation va \u00e9voluer. Beaucoup de pays vivent actuellement la deuxi\u00e8me vague alors qu\u2019ils n\u2019ont rien vu venir.<\/span><\/p>\n<p class=\"p4\"><span class=\"s3\">Nous avons eu la chance d\u2019avoir une situation \u00e9pid\u00e9miologique tr\u00e8s favorable, notamment par rapport \u00e0 l\u2019Europe et aux pays voisins, malheureusement nous n\u2019avons pas su pr\u00e9server cela. Et qui paye ce rel\u00e2chement ? Ce sont les professionnels de sant\u00e9 et les malades chroniques non Covid.<\/span><\/p>\n<p class=\"p4\"><em><strong><span class=\"s3\">\u2013 Faut-il s\u2019attendre \u00e0 une deuxi\u00e8me vague\u00a0?<\/span><\/strong><\/em><\/p>\n<p class=\"p4\"><span class=\"s3\">On \u00e9tait dans la premi\u00e8re vague, toutefois, si cela continue ainsi, nous allons in\u00e9vitablement vers la deuxi\u00e8me vague. Nous sommes dans une situation interm\u00e9diaire du point de vue \u00e9pid\u00e9miologique, c\u2019est ce qui s\u2019est pass\u00e9 dans les pays europ\u00e9ens. Ils ont \u00e9t\u00e9 surpris par l\u2019acc\u00e9l\u00e9ration des contaminations.<\/span><\/p>\n<p class=\"p4\"><span class=\"s3\">Ils attendaient la deuxi\u00e8me vague vers l\u2019hiver, mais l\u00e0, beaucoup de pays ont \u00e9t\u00e9 contraints de reconfiner leur population.<\/span><\/p>\n<p class=\"p4\"><span class=\"s3\">On va y arriver. Ce n\u2019est pas pour alarmer la population, mais il faudrait que les gens s\u2019assument et que les pouvoirs publics assument leurs responsabilit\u00e9s pour essayer de contenir cette nouvelle flamb\u00e9e et \u00e0 tout le moins pour pouvoir prendre en charge les autres malades.<\/span><\/p>\n<p class=\"p4\"><em><span class=\"s3\">\u2013<span class=\"Apple-converted-space\">\u00a0<\/span> Un reconfinement total ou partiel de la population sera-t-il impos\u00e9 si la situation s\u2019aggrave\u00a0?<\/span><\/em><\/p>\n<p class=\"p4\"><span class=\"s3\">Personne n\u2019est en mesure de pr\u00e9dire l\u2019\u00e9volution de l\u2019\u00e9pid\u00e9mie. Maintenant, cette question est tributaire du comportement des Alg\u00e9riens. Si tout le monde joue le jeu et s\u2019implique, on peut analyser la situation du point du vue \u00e9pid\u00e9miologique et selon les wilayas.<\/span><\/p>\n<p class=\"p4\"><span class=\"s3\">Pour l\u2019instant, avant d\u2019en arriver au reconfinement total, il faudrait s\u2019assurer que<span class=\"Apple-converted-space\">\u00a0<\/span> les mesures barri\u00e8res soient d\u2019abord appliqu\u00e9es. Dans le cas contraire et au regard de la saturation des structures hospitali\u00e8res, on sera dans l\u2019obligation de reconfiner. Si l\u2019on met les moyens et on prend en charge les malades, nous n\u2019avons pas besoin de recourir au reconfinement.<\/span><\/p>\n<p class=\"p4\"><span class=\"s3\">Mais je persiste et signe : aujourd\u2019hui, la situation est tr\u00e8s inqui\u00e9tante et la responsabilit\u00e9 est partag\u00e9e par les deux parties\u00a0: le citoyen auquel nous demandons de respecter les mesures barri\u00e8res, et ce, dans l\u2019int\u00e9r\u00eat de sa famille, de la soci\u00e9t\u00e9. Le port du masque, la distanciation, le lavage des mains ne d\u00e9rangent pas.<\/span><\/p>\n<p class=\"p4\"><span class=\"s3\">Et aux pouvoirs publics de faire leur travail\u2026 Lorsque je vois les cort\u00e8ges de mariage passer devant les barrages de police, je ne comprends pas l\u2019attitude des autorit\u00e9s, alors que plus tard nous, nous recevons des familles enti\u00e8res contamin\u00e9es en raison de ces f\u00eates. L\u2019autre fait choquant ce sont les transports, o\u00f9 le protocole sanitaire n\u2019est pas respect\u00e9.<\/span><\/p>\n<p><span class=\"post-views-label\">Post Views:<\/span> <span class=\"post-views-count\">0<\/span><\/p>\n<div class=\"ichhar-moneytagnative c6\" id=\"ichhar-894399662\">\n<p>Advertisements<\/p>\n<\/div>\n<p><br class=\"c2\"\/><br class=\"c7\"\/><\/p>\n<p>Auteur: Anis Khecheba<br \/>\n<a href=\"https:\/\/www.elwatan.com\/edition\/actualite\/si-ce-relachement-persiste-nous-allons-inevitablement-vers-la-deuxieme-vague-05-11-2020\">Cliquez ici pour lire l&rsquo;article depuis sa source.<\/a><\/p>\n","protected":false},"excerpt":{"rendered":"<p>Dr Mohamed Yousfi. Chef de service des maladies infectieuses au Chu de Boufarik et pr\u00e9sident du SNPSSP \u2013 Nous assistons \u00e0 un rebond des cas de contamination \u00e0 la Covid-19 dans notre pays. La situation est-elle alarmante\u00a0? Est-ce le retour \u00e0 la case d\u00e9part\u00a0? La situation n\u2019est pas dramatique, mais elle tr\u00e8s inqui\u00e9tante pour la [&hellip;]<\/p>\n","protected":false},"author":1743,"featured_media":103812,"comment_status":"closed","ping_status":"closed","sticky":false,"template":"","format":"standard","meta":{"fifu_image_url":"","fifu_image_alt":"","footnotes":""},"categories":[73,53],"tags":[],"class_list":["post-103805","post","type-post","status-publish","format-standard","has-post-thumbnail","hentry","category-actualite","category-algerie"],"_links":{"self":[{"href":"https:\/\/linitiative.ca\/International\/wp-json\/wp\/v2\/posts\/103805","targetHints":{"allow":["GET"]}}],"collection":[{"href":"https:\/\/linitiative.ca\/International\/wp-json\/wp\/v2\/posts"}],"about":[{"href":"https:\/\/linitiative.ca\/International\/wp-json\/wp\/v2\/types\/post"}],"author":[{"embeddable":true,"href":"https:\/\/linitiative.ca\/International\/wp-json\/wp\/v2\/users\/1743"}],"replies":[{"embeddable":true,"href":"https:\/\/linitiative.ca\/International\/wp-json\/wp\/v2\/comments?post=103805"}],"version-history":[{"count":0,"href":"https:\/\/linitiative.ca\/International\/wp-json\/wp\/v2\/posts\/103805\/revisions"}],"wp:featuredmedia":[{"embeddable":true,"href":"https:\/\/linitiative.ca\/International\/wp-json\/"}],"wp:attachment":[{"href":"https:\/\/linitiative.ca\/International\/wp-json\/wp\/v2\/media?parent=103805"}],"wp:term":[{"taxonomy":"category","embeddable":true,"href":"https:\/\/linitiative.ca\/International\/wp-json\/wp\/v2\/categories?post=103805"},{"taxonomy":"post_tag","embeddable":true,"href":"https:\/\/linitiative.ca\/International\/wp-json\/wp\/v2\/tags?post=103805"}],"curies":[{"name":"wp","href":"https:\/\/api.w.org\/{rel}","templated":true}]}}