{"id":103818,"date":"2020-11-05T10:00:53","date_gmt":"2020-11-05T15:00:53","guid":{"rendered":"https:\/\/linitiative.ca\/International\/les-atlantics-dialogues-demarrent-leurs-travaux-la-covid-19-vole-la-vedette\/"},"modified":"2020-11-05T10:00:53","modified_gmt":"2020-11-05T15:00:53","slug":"les-atlantics-dialogues-demarrent-leurs-travaux-la-covid-19-vole-la-vedette","status":"publish","type":"post","link":"https:\/\/linitiative.ca\/International\/les-atlantics-dialogues-demarrent-leurs-travaux-la-covid-19-vole-la-vedette\/","title":{"rendered":"Les \u00abAtlantics Dialogues\u00bb d\u00e9marrent leurs travaux : La Covid-19 vole la vedette"},"content":{"rendered":"<p><img decoding=\"async\" class=\"post_layout_5_img\" src=\"http:\/\/aujourdhui.ma\/wp-content\/uploads\/2020\/11\/Atlantics-Dialogues.jpg\" alt=\"Les &#xAB;Atlantics Dialogues&#xBB; d&#xE9;marrent leurs travaux : La Covid-19 vole la vedette\"\/><\/p>\n<p><span class=\"c5\"><strong>La crise de la Covid-19 rebat les cartes dans plusieurs domaines. Elle a exacerb\u00e9 les incertitudes qui planaient depuis d\u00e9j\u00e0 quelques temps sur l\u2019avenir du monde.<\/strong><\/span><\/p>\n<p>N\u00e9anmoins, elle a d\u00e9voil\u00e9 les transformations \u00e0 l\u2019\u0153uvre sur la sc\u00e8ne internationale. C\u2019est dans ce contexte que se tient la conf\u00e9rence annuelle des \u00abAtlantic Dialogues\u00bb du 3 novembre au 22 d\u00e9cembre 2020 par visioconf\u00e9rence sous le th\u00e8me \u00abLa Crise Covid-19 vue depuis l\u2019Atlantique Sud\u00bb.<br \/>Organis\u00e9s par le think tank marocain, Policy For the New South, pas moins de 15 webinaires sont programm\u00e9s tout au long de ces deux mois dans le cadre des AD Talks 2020 avec des experts et des participants des quatre coins du monde afin d\u2019\u00e9changer autour de cette th\u00e9matique cruciale.<br \/>\u00ab Nous vivons actuellement dans un monde de grandes incertitudes avec des dynamiques compliqu\u00e9es et des changements structurels profonds qui affectent nos soci\u00e9t\u00e9s, notre avenir et celui de nos enfants \u00bb, souligne Karim El Aynaoui, Pr\u00e9sident du Policy For The New South lors de la s\u00e9ance d\u2019ouverture de cet \u00e9v\u00e8nement.<br \/>Au cours de ces \u00e9changes, la question de l\u2019\u00e9cart entre le Nord et le Sud, entre l\u2019Occident et le reste du monde, dans la gestion de cette triple crise \u00e0 la fois sanitaire, \u00e9conomique et sociale, prend une place centrale. La domination du mod\u00e8le occidental est-elle r\u00e9volue ? Faut-il s\u2019attendre \u00e0 une red\u00e9finition des rapports Nord-Sud ? Comment la rivalit\u00e9 sino-am\u00e9ricaine et la mont\u00e9e en puissance de la Chine modifieront-t-elles l\u2019\u00e9cart existant entre les pays d\u00e9velopp\u00e9s et en d\u00e9veloppement ? Quel est l\u2019avenir d\u2019une mondialisation d\u00e9sormais contest\u00e9e au Nord comme au Sud ? Autant de questions ont \u00e9t\u00e9 abord\u00e9s par les pan\u00e9listes de cette premi\u00e8re s\u00e9ance.<\/p>\n<p><span class=\"c6\"><strong>Changer de regard sur l\u2019Afrique<\/strong><\/span><\/p>\n<p>L\u2019Afrique connait de grands changements. Elle repr\u00e9sente un potentiel grandissant pour le Nord mais aussi une opportunit\u00e9 pour les \u00e9changes commerciaux entre les pays qui en font partie. Lors de son intervention, Aminata Tour\u00e9, l\u2019ancienne Premier ministre du S\u00e9n\u00e9gal a expliqu\u00e9 qu\u2019il faut d\u2019abord revisiter le concept de monde occidentale. Elle est revenue sur les \u00e9volutions qu\u2019a connu le monde durant ces vingt derni\u00e8res ann\u00e9es et les r\u00e9\u00e9quilibrages des diff\u00e9rentes puissances g\u00e9ographiques.<br \/>A cet \u00e9gard, l\u2019\u00e9mergence de la Chine marque la p\u00e9riode pass\u00e9e et les possibilit\u00e9s d\u2019acc\u00e8s aux march\u00e9s de financements offertes par ce pays a red\u00e9fini les relations entre le Nord et le Sud. Dans ce sens, les Brics se sont fait une place dans l\u2019\u00e9chiquier international. Pour l\u2019ancienne premier ministre du S\u00e9n\u00e9gal, il est important de d\u00e9passer les difficult\u00e9s postcoloniales entre le Nord et le Sud pour aller vers de nouveaux concepts de coop\u00e9ration bas\u00e9s sur de vrais partenariats gagnant-gagnant.<br \/>Il faut aussi aller au-del\u00e0 des st\u00e9r\u00e9otypes comme ce fut le cas pendant la p\u00e9riode de la Covid-19 o\u00f9 l\u2019Afrique a \u00e9t\u00e9 annonc\u00e9 comme un continent qui connaitrait des millions de morts \u00e0 cause de la pand\u00e9mie. Jusque l\u00e0, le continent reste moins touch\u00e9 que d\u2019autres parce que les pays africains ont mis en place des politiques qui ont renforc\u00e9 sa r\u00e9silience. Pour Aminata Tour\u00e9, il est essentiel que l\u2019Occident et les pays du reste du monde changent leur regard sur l\u2019Afrique. Parall\u00e8lement \u00e0 cela, elle a mis l\u2019accent sur le fait que les pays africains eux-m\u00eames doivent s\u2019inscrire dans une dynamique collective \u00e9conomique. Elle fait r\u00e9f\u00e9rence \u00e0 la Zone de libre-\u00e9change continentale africaine (ZELCA). Pour que les pays africains puissent r\u00e9ussir cette \u00e9tape, il va falloir d\u00e9finir les r\u00e8gles du jeu. Pour ce faire, il faut renforcer le niveau d\u2019\u00e9change intra-africain (qui n\u2019est que de 20%) et changer de paradigme pour am\u00e9liorer la comp\u00e9titivit\u00e9 des entreprises africaines.<\/p>\n<p><span class=\"c6\"><strong>G\u00e9rer la rivalit\u00e9 entre les Etats-Unis et la Chine<\/strong><\/span><\/p>\n<p>Faire une \u00e9valuation de la gestion de la Covid-19 est n\u00e9cessaire. Pour Hubert Vedrine l\u2019ancien ministre Fran\u00e7ais des Affaires \u00e9trang\u00e8res, l\u2019humanit\u00e9 a int\u00e9r\u00eat \u00e0 tirer des le\u00e7ons de ce que nous vivons actuellement pour mieux agir collectivement dans l\u2019avenir. Dans son intervention, il explique que c\u2019est dans le multilat\u00e9ralisme que l\u2019humanit\u00e9 pourra rebondir. Il indique par ailleurs que la tension entre la Chine et les Etats-Unis va dominer durant les prochaines d\u00e9cennies.<br \/>Certains pays du monde arriveront \u00e0 g\u00e9rer cette rivalit\u00e9 entre ces deux puissances gardant de bons rapports avec elles alors que par exemple les pays europ\u00e9ens pourraient se trouver dans une situation difficile. Pour lui, les grandes entreprises europ\u00e9ennes ne peuvent ni se passer de la technologie am\u00e9ricaine, ni des march\u00e9s chinois.<\/p>\n<p>Auteur: Ouchagour Leila<br \/>\n<a href=\"https:\/\/aujourdhui.ma\/societe\/les-atlantics-dialogues-demarrent-leurs-travaux-la-covid-19-vole-la-vedette\">Cliquez ici pour lire l&rsquo;article depuis sa source.<\/a><\/p>\n","protected":false},"excerpt":{"rendered":"<p>La crise de la Covid-19 rebat les cartes dans plusieurs domaines. Elle a exacerb\u00e9 les incertitudes qui planaient depuis d\u00e9j\u00e0 quelques temps sur l\u2019avenir du monde. N\u00e9anmoins, elle a d\u00e9voil\u00e9 les transformations \u00e0 l\u2019\u0153uvre sur la sc\u00e8ne internationale. C\u2019est dans ce contexte que se tient la conf\u00e9rence annuelle des \u00abAtlantic Dialogues\u00bb du 3 novembre au [&hellip;]<\/p>\n","protected":false},"author":1759,"featured_media":103819,"comment_status":"closed","ping_status":"closed","sticky":false,"template":"","format":"standard","meta":{"fifu_image_url":"","fifu_image_alt":"","footnotes":""},"categories":[73,54],"tags":[],"class_list":["post-103818","post","type-post","status-publish","format-standard","has-post-thumbnail","hentry","category-actualite","category-maroc"],"_links":{"self":[{"href":"https:\/\/linitiative.ca\/International\/wp-json\/wp\/v2\/posts\/103818","targetHints":{"allow":["GET"]}}],"collection":[{"href":"https:\/\/linitiative.ca\/International\/wp-json\/wp\/v2\/posts"}],"about":[{"href":"https:\/\/linitiative.ca\/International\/wp-json\/wp\/v2\/types\/post"}],"author":[{"embeddable":true,"href":"https:\/\/linitiative.ca\/International\/wp-json\/wp\/v2\/users\/1759"}],"replies":[{"embeddable":true,"href":"https:\/\/linitiative.ca\/International\/wp-json\/wp\/v2\/comments?post=103818"}],"version-history":[{"count":0,"href":"https:\/\/linitiative.ca\/International\/wp-json\/wp\/v2\/posts\/103818\/revisions"}],"wp:featuredmedia":[{"embeddable":true,"href":"https:\/\/linitiative.ca\/International\/wp-json\/"}],"wp:attachment":[{"href":"https:\/\/linitiative.ca\/International\/wp-json\/wp\/v2\/media?parent=103818"}],"wp:term":[{"taxonomy":"category","embeddable":true,"href":"https:\/\/linitiative.ca\/International\/wp-json\/wp\/v2\/categories?post=103818"},{"taxonomy":"post_tag","embeddable":true,"href":"https:\/\/linitiative.ca\/International\/wp-json\/wp\/v2\/tags?post=103818"}],"curies":[{"name":"wp","href":"https:\/\/api.w.org\/{rel}","templated":true}]}}