{"id":103822,"date":"2020-11-05T10:39:57","date_gmt":"2020-11-05T15:39:57","guid":{"rendered":"https:\/\/linitiative.ca\/International\/covid-19-prolongation-de-letat-durgence-sanitaire-jusquau-10-decembre-2020\/"},"modified":"2020-11-05T10:39:57","modified_gmt":"2020-11-05T15:39:57","slug":"covid-19-prolongation-de-letat-durgence-sanitaire-jusquau-10-decembre-2020","status":"publish","type":"post","link":"https:\/\/linitiative.ca\/International\/covid-19-prolongation-de-letat-durgence-sanitaire-jusquau-10-decembre-2020\/","title":{"rendered":"Covid-19 : Prolongation de l\u2019\u00e9tat d\u2019urgence  sanitaire jusqu\u2019au 10 d\u00e9cembre 2020"},"content":{"rendered":"<header>\n<\/header>\n<div class=\"entry-content clearfix\" readability=\"65\"><img decoding=\"async\" class=\"post_layout_5_img\" src=\"http:\/\/aujourdhui.ma\/wp-content\/uploads\/2020\/09\/Etat-durgence-sanitaire-Confinement-Casablanca.jpg\" alt=\"Covid-19 : Prolongation de l&#x2019;&#xE9;tat d&#x2019;urgence sanitaire jusqu&#x2019;au 10 d&#xE9;cembre 2020\"\/><\/p>\n<p><span class=\"c5\"><strong>Un projet de d\u00e9cret adopt\u00e9 par le Conseil de gouvernement<\/strong><\/span><span id=\"more-359652\"\/><\/p>\n<p>Le Conseil de gouvernement, r\u00e9uni jeudi \u00e0 Rabat, a d\u00e9cid\u00e9 de prolonger l\u2019\u00e9tat d\u2019urgence sanitaire sur l\u2019ensemble du territoire national jusqu\u2019au 10 d\u00e9cembre 2020, et ce dans le cadre des efforts de lutte contre la propagation de la pand\u00e9mie du nouveau Coronavirus.<\/p>\n<p>Le Conseil de gouvernement a examin\u00e9 et adopt\u00e9 le projet de d\u00e9cret N\u00b02.20.788, pr\u00e9sent\u00e9 par le ministre de l\u2019Int\u00e9rieur, portant prolongation de la p\u00e9riode de validit\u00e9 de l\u2019\u00e9tat d\u2019urgence sanitaire sur l\u2019ensemble du territoire national pour faire face \u00e0 la propagation du Covid-19, a indiqu\u00e9 le ministre de l\u2019\u00c9ducation nationale, de la formation professionnelle, de l\u2019enseignement sup\u00e9rieur et de la recherche scientifique, porte-parole du gouvernement, Saaid Amzazi, dans un communiqu\u00e9 lu lors d\u2019un point de presse \u00e0 l\u2019issue de la r\u00e9union hebdomadaire du Conseil tenue sous la pr\u00e9sidence du chef du gouvernement Saad Dine El Otmani.Dans un souci de permettre aux autorit\u00e9s publiques de continuer \u00e0 garantir l\u2019efficacit\u00e9 et l\u2019efficience des mesures prises dans le cadre de la lutte contre la propagation de la pand\u00e9mie li\u00e9e au Covid-19, ce projet de d\u00e9cret prolonge l\u2019\u00e9tat d\u2019urgence sanitaire sur l\u2019ensemble du territoire national du mardi 10 novembre 2020 \u00e0 18H00 jusqu\u2019au jeudi 10 d\u00e9cembre \u00e0 18H00, a soulign\u00e9 M. Amzazi.<\/p>\n<p>Il a affirm\u00e9 que compte tenu de la n\u00e9cessit\u00e9 de veiller \u00e0 ce que les dispositions et les mesures prises soient ad\u00e9quates avec l\u2019\u00e9volution de la situation \u00e9pid\u00e9miologique dans les diff\u00e9rentes r\u00e9gions et provinces du Royaume, le projet de d\u00e9cret pr\u00e9voit des dispositions permettant \u00e0 l\u2019autorit\u00e9 gouvernementale charg\u00e9e de l\u2019Int\u00e9rieur de prendre, \u00e0 la lumi\u00e8re de la situation \u00e9pid\u00e9miologique, toutes les mesures ad\u00e9quates \u00e0 l\u2019\u00e9chelle nationale, et aux walis des r\u00e9gions gouverneurs des pr\u00e9fectures et des provinces de prendre toutes les mesures ex\u00e9cutives pour pr\u00e9server l\u2019ordre public sanitaire au niveau d\u2019une pr\u00e9fecture, d\u2019une province, d\u2019une commune ou plus.<\/p>\n<\/div>\n<p>Auteur: ALM<br \/>\n<a href=\"https:\/\/aujourdhui.ma\/actualite\/covid-19-prolongation-de-letat-durgence-sanitaire-jusquau-10-decembre-2020\">Cliquez ici pour lire l&rsquo;article depuis sa source.<\/a><\/p>\n","protected":false},"excerpt":{"rendered":"<p>Un projet de d\u00e9cret adopt\u00e9 par le Conseil de gouvernement Le Conseil de gouvernement, r\u00e9uni jeudi \u00e0 Rabat, a d\u00e9cid\u00e9 de prolonger l\u2019\u00e9tat d\u2019urgence sanitaire sur l\u2019ensemble du territoire national jusqu\u2019au 10 d\u00e9cembre 2020, et ce dans le cadre des efforts de lutte contre la propagation de la pand\u00e9mie du nouveau Coronavirus. Le Conseil de [&hellip;]<\/p>\n","protected":false},"author":1759,"featured_media":103823,"comment_status":"closed","ping_status":"closed","sticky":false,"template":"","format":"standard","meta":{"fifu_image_url":"","fifu_image_alt":"","footnotes":""},"categories":[73,54],"tags":[],"class_list":["post-103822","post","type-post","status-publish","format-standard","has-post-thumbnail","hentry","category-actualite","category-maroc"],"_links":{"self":[{"href":"https:\/\/linitiative.ca\/International\/wp-json\/wp\/v2\/posts\/103822","targetHints":{"allow":["GET"]}}],"collection":[{"href":"https:\/\/linitiative.ca\/International\/wp-json\/wp\/v2\/posts"}],"about":[{"href":"https:\/\/linitiative.ca\/International\/wp-json\/wp\/v2\/types\/post"}],"author":[{"embeddable":true,"href":"https:\/\/linitiative.ca\/International\/wp-json\/wp\/v2\/users\/1759"}],"replies":[{"embeddable":true,"href":"https:\/\/linitiative.ca\/International\/wp-json\/wp\/v2\/comments?post=103822"}],"version-history":[{"count":0,"href":"https:\/\/linitiative.ca\/International\/wp-json\/wp\/v2\/posts\/103822\/revisions"}],"wp:featuredmedia":[{"embeddable":true,"href":"https:\/\/linitiative.ca\/International\/wp-json\/"}],"wp:attachment":[{"href":"https:\/\/linitiative.ca\/International\/wp-json\/wp\/v2\/media?parent=103822"}],"wp:term":[{"taxonomy":"category","embeddable":true,"href":"https:\/\/linitiative.ca\/International\/wp-json\/wp\/v2\/categories?post=103822"},{"taxonomy":"post_tag","embeddable":true,"href":"https:\/\/linitiative.ca\/International\/wp-json\/wp\/v2\/tags?post=103822"}],"curies":[{"name":"wp","href":"https:\/\/api.w.org\/{rel}","templated":true}]}}