{"id":103824,"date":"2020-11-05T10:41:43","date_gmt":"2020-11-05T15:41:43","guid":{"rendered":"https:\/\/linitiative.ca\/International\/lassemblee-annuelle-fmi-banque-mondiale-a-marrakech-repoussee-a-2022\/"},"modified":"2020-11-05T10:41:43","modified_gmt":"2020-11-05T15:41:43","slug":"lassemblee-annuelle-fmi-banque-mondiale-a-marrakech-repoussee-a-2022","status":"publish","type":"post","link":"https:\/\/linitiative.ca\/International\/lassemblee-annuelle-fmi-banque-mondiale-a-marrakech-repoussee-a-2022\/","title":{"rendered":"L\u2019assembl\u00e9e annuelle FMI-Banque Mondiale \u00e0 Marrakech repouss\u00e9e \u00e0 2022"},"content":{"rendered":"<header>\n<\/header>\n<div class=\"entry-content clearfix\" readability=\"68\"><img decoding=\"async\" class=\"post_layout_5_img\" src=\"http:\/\/aujourdhui.ma\/wp-content\/uploads\/2020\/11\/dt.common.streams.StreamServer.jpeg\" alt=\"L&#x2019;assembl&#xE9;e annuelle FMI-Banque Mondiale &#xE0; Marrakech repouss&#xE9;e &#xE0; 2022\"\/><\/p>\n<p><span class=\"c6\"><span class=\"c5\"><strong>L\u2019assembl\u00e9e annuelle de la Banque mondiale et du Fonds mon\u00e9taire international qui devait se tenir \u00e0 Marrakech en octobre 2021, a \u00e9t\u00e9 report\u00e9e \u00e0 2022, selon un communiqu\u00e9 rendu public jeudi \u00e0 Washington.<\/strong><\/span> <span id=\"more-359654\"\/><\/span><\/p>\n<p>\u00ab\u00a0Le Royaume du Maroc, le Groupe de la Banque mondiale et le Fonds mon\u00e9taire international (FMI) ont annonc\u00e9 aujourd\u2019hui que l\u2019assembl\u00e9e annuelle du Groupe de la Banque mondiale et du FMI qui devait se d\u00e9rouler \u00e0 Marrakech en octobre 2021 sera report\u00e9e de 12 mois jusqu\u2019en 2022, en raison de la pand\u00e9mie de COVID-19\u00a0\u00bb, indique le communiqu\u00e9 publi\u00e9 par le FMI.<\/p>\n<p>Ce conclave qui r\u00e9unit des milliers de d\u00e9l\u00e9gu\u00e9s venant des quatre coins du monde, se tiendra dans la capitale f\u00e9d\u00e9rale am\u00e9ricaine o\u00f9 si\u00e8gent les deux institutions financi\u00e8res internationales.<\/p>\n<p>Les assembl\u00e9es annuelles se tiennent g\u00e9n\u00e9ralement pendant deux ann\u00e9es cons\u00e9cutives au si\u00e8ge du Groupe de la Banque mondiale et du FMI \u00e0 Washington D.C., et tous les trois ans dans un autre pays membre.<\/p>\n<p>Les assembl\u00e9es annuelles r\u00e9unissent des directeurs des banques centrales, des ministres des finances et du d\u00e9veloppement, des cadres du secteur priv\u00e9, la soci\u00e9t\u00e9 civile, des m\u00e9dias et des universitaires pour discuter de questions d\u2019int\u00e9r\u00eat mondial, notamment les perspectives \u00e9conomiques mondiales, la stabilit\u00e9 financi\u00e8re mondiale, l\u2019\u00e9radication de la pauvret\u00e9, la croissance \u00e9conomique inclusive et la cr\u00e9ation d\u2019emplois, ou encore le changement climatique.<\/p>\n<\/div>\n<p>Auteur: ALM<br \/>\n<a href=\"https:\/\/aujourdhui.ma\/economie\/lassemblee-annuelle-fmi-banque-mondiale-a-marrakech-repoussee-a-2022\">Cliquez ici pour lire l&rsquo;article depuis sa source.<\/a><\/p>\n","protected":false},"excerpt":{"rendered":"<p>L\u2019assembl\u00e9e annuelle de la Banque mondiale et du Fonds mon\u00e9taire international qui devait se tenir \u00e0 Marrakech en octobre 2021, a \u00e9t\u00e9 report\u00e9e \u00e0 2022, selon un communiqu\u00e9 rendu public jeudi \u00e0 Washington. \u00ab\u00a0Le Royaume du Maroc, le Groupe de la Banque mondiale et le Fonds mon\u00e9taire international (FMI) ont annonc\u00e9 aujourd\u2019hui que l\u2019assembl\u00e9e annuelle [&hellip;]<\/p>\n","protected":false},"author":1759,"featured_media":103825,"comment_status":"closed","ping_status":"closed","sticky":false,"template":"","format":"standard","meta":{"fifu_image_url":"","fifu_image_alt":"","footnotes":""},"categories":[73,54],"tags":[],"class_list":["post-103824","post","type-post","status-publish","format-standard","has-post-thumbnail","hentry","category-actualite","category-maroc"],"_links":{"self":[{"href":"https:\/\/linitiative.ca\/International\/wp-json\/wp\/v2\/posts\/103824","targetHints":{"allow":["GET"]}}],"collection":[{"href":"https:\/\/linitiative.ca\/International\/wp-json\/wp\/v2\/posts"}],"about":[{"href":"https:\/\/linitiative.ca\/International\/wp-json\/wp\/v2\/types\/post"}],"author":[{"embeddable":true,"href":"https:\/\/linitiative.ca\/International\/wp-json\/wp\/v2\/users\/1759"}],"replies":[{"embeddable":true,"href":"https:\/\/linitiative.ca\/International\/wp-json\/wp\/v2\/comments?post=103824"}],"version-history":[{"count":0,"href":"https:\/\/linitiative.ca\/International\/wp-json\/wp\/v2\/posts\/103824\/revisions"}],"wp:featuredmedia":[{"embeddable":true,"href":"https:\/\/linitiative.ca\/International\/wp-json\/"}],"wp:attachment":[{"href":"https:\/\/linitiative.ca\/International\/wp-json\/wp\/v2\/media?parent=103824"}],"wp:term":[{"taxonomy":"category","embeddable":true,"href":"https:\/\/linitiative.ca\/International\/wp-json\/wp\/v2\/categories?post=103824"},{"taxonomy":"post_tag","embeddable":true,"href":"https:\/\/linitiative.ca\/International\/wp-json\/wp\/v2\/tags?post=103824"}],"curies":[{"name":"wp","href":"https:\/\/api.w.org\/{rel}","templated":true}]}}