{"id":103826,"date":"2020-11-05T10:53:42","date_gmt":"2020-11-05T15:53:42","guid":{"rendered":"https:\/\/linitiative.ca\/International\/4-candidats-a-limmigration-clandestine-trouvent-la-mort-a-nador\/"},"modified":"2020-11-05T10:53:42","modified_gmt":"2020-11-05T15:53:42","slug":"4-candidats-a-limmigration-clandestine-trouvent-la-mort-a-nador","status":"publish","type":"post","link":"https:\/\/linitiative.ca\/International\/4-candidats-a-limmigration-clandestine-trouvent-la-mort-a-nador\/","title":{"rendered":"4 candidats \u00e0 l\u2019immigration  clandestine trouvent la mort \u00e0 Nador"},"content":{"rendered":"<header>\n<\/header>\n<div class=\"entry-content clearfix\" readability=\"54\"><img decoding=\"async\" class=\"post_layout_5_img\" src=\"http:\/\/aujourdhui.ma\/wp-content\/uploads\/2017\/03\/Ambulance-protection-Civile.jpg\" alt=\"4 candidats &#xE0; l&#x2019;immigration clandestine trouvent la mort &#xE0; Nador\"\/><\/p>\n<p><span class=\"c6\"><strong><span class=\"c5\">Ils tentaient de s\u2019introduire dans le pr\u00e9side occup\u00e9 de Melilia via un canal des eaux us\u00e9es<\/span><\/strong><\/span><span id=\"more-359659\"\/><\/p>\n<p>Quatre candidats \u00e0 l\u2019immigration clandestine ont trouv\u00e9 la mort, mercredi, alors qu\u2019ils tentaient de s\u2019introduire dans le pr\u00e9side occup\u00e9 de Melilia, \u00e0 travers un canal d\u2019eaux us\u00e9es, depuis la station portuaire de Beni Ensar, a-t-on appris aupr\u00e8s des autorit\u00e9s locales de la province de Nador.<\/p>\n<p>Aussit\u00f4t avis\u00e9s par cet incident, les services de la protection civile sont parvenus \u00e0 rep\u00eacher un jeune homme du canal d\u2019eaux us\u00e9es, pr\u00e9cise la m\u00eame source, notant que ce dernier a \u00e9t\u00e9 transport\u00e9 \u00e0 l\u2019h\u00f4pital El Hassani de la ville de Nador mais il y a rendu l\u2019\u00e2me.<\/p>\n<p>Les d\u00e9pouilles des trois autres victimes ont \u00e9t\u00e9 rep\u00each\u00e9es et plac\u00e9es \u00e0 la morgue. Une enqu\u00eate a \u00e9t\u00e9 diligent\u00e9e par les autorit\u00e9s s\u00e9curitaires sous la supervision du parquet comp\u00e9tent pour d\u00e9terminer les tenants et aboutissants de cet incident, conclut la source.<\/p>\n<\/div>\n<p>Auteur: ALM<br \/>\n<a href=\"https:\/\/aujourdhui.ma\/faits-divers\/4-candidats-a-limmigration-clandestine-trouvent-la-mort-a-nador\">Cliquez ici pour lire l&rsquo;article depuis sa source.<\/a><\/p>\n","protected":false},"excerpt":{"rendered":"<p>Ils tentaient de s\u2019introduire dans le pr\u00e9side occup\u00e9 de Melilia via un canal des eaux us\u00e9es Quatre candidats \u00e0 l\u2019immigration clandestine ont trouv\u00e9 la mort, mercredi, alors qu\u2019ils tentaient de s\u2019introduire dans le pr\u00e9side occup\u00e9 de Melilia, \u00e0 travers un canal d\u2019eaux us\u00e9es, depuis la station portuaire de Beni Ensar, a-t-on appris aupr\u00e8s des autorit\u00e9s [&hellip;]<\/p>\n","protected":false},"author":1759,"featured_media":103827,"comment_status":"closed","ping_status":"closed","sticky":false,"template":"","format":"standard","meta":{"fifu_image_url":"","fifu_image_alt":"","footnotes":""},"categories":[73,54],"tags":[],"class_list":["post-103826","post","type-post","status-publish","format-standard","has-post-thumbnail","hentry","category-actualite","category-maroc"],"_links":{"self":[{"href":"https:\/\/linitiative.ca\/International\/wp-json\/wp\/v2\/posts\/103826","targetHints":{"allow":["GET"]}}],"collection":[{"href":"https:\/\/linitiative.ca\/International\/wp-json\/wp\/v2\/posts"}],"about":[{"href":"https:\/\/linitiative.ca\/International\/wp-json\/wp\/v2\/types\/post"}],"author":[{"embeddable":true,"href":"https:\/\/linitiative.ca\/International\/wp-json\/wp\/v2\/users\/1759"}],"replies":[{"embeddable":true,"href":"https:\/\/linitiative.ca\/International\/wp-json\/wp\/v2\/comments?post=103826"}],"version-history":[{"count":0,"href":"https:\/\/linitiative.ca\/International\/wp-json\/wp\/v2\/posts\/103826\/revisions"}],"wp:featuredmedia":[{"embeddable":true,"href":"https:\/\/linitiative.ca\/International\/wp-json\/"}],"wp:attachment":[{"href":"https:\/\/linitiative.ca\/International\/wp-json\/wp\/v2\/media?parent=103826"}],"wp:term":[{"taxonomy":"category","embeddable":true,"href":"https:\/\/linitiative.ca\/International\/wp-json\/wp\/v2\/categories?post=103826"},{"taxonomy":"post_tag","embeddable":true,"href":"https:\/\/linitiative.ca\/International\/wp-json\/wp\/v2\/tags?post=103826"}],"curies":[{"name":"wp","href":"https:\/\/api.w.org\/{rel}","templated":true}]}}