{"id":103830,"date":"2020-11-05T09:24:06","date_gmt":"2020-11-05T14:24:06","guid":{"rendered":"https:\/\/linitiative.ca\/International\/%ef%bb%bfun-projet-gigantesque-pour-faire-entendre-la-voix-de-lafrique\/"},"modified":"2020-11-05T09:24:06","modified_gmt":"2020-11-05T14:24:06","slug":"%ef%bb%bfun-projet-gigantesque-pour-faire-entendre-la-voix-de-lafrique","status":"publish","type":"post","link":"https:\/\/linitiative.ca\/International\/%ef%bb%bfun-projet-gigantesque-pour-faire-entendre-la-voix-de-lafrique\/","title":{"rendered":"\ufeffUn \u00abProjet gigantesque\u00bb pour faire entendre la voix de l\u2019Afrique"},"content":{"rendered":"<p class=\"has-text-color has-vivid-red-color c2\"><strong>Saison Africa2020 en France<\/strong><\/p>\n<p class=\"has-text-color c3\"><strong>Un \u00abpoint de vue africain sur le monde\u00bb \u00e0 travers 200 \u00e9v\u00e9nements organis\u00e9s pendant six mois dans toute la France: Saison Africa2020, pr\u00e9sent\u00e9e mercredi \u00e0 Paris, reste suspendue \u00e0 la situation sanitaire, mais sa commissaire g\u00e9n\u00e9rale N\u2019Gon\u00e9 Fall esp\u00e8re toujours lancer ce \u00ab projet gigantesque \u00bb avant No\u00ebl. Initi\u00e9e par le pr\u00e9sident fran\u00e7ais Emmanuel Macron lors de son discours de Ouagadougou en 2017, Saison Africa2020 regroupe des participants de 54 pays africains qui, via les arts, les sciences, l\u2019\u00e9conomie, l\u2019\u00e9ducation, d\u00e9battent des enjeux majeurs du XXIe si\u00e8cle, explique la commissaire s\u00e9n\u00e9galaise dans un entretien \u00e0 l\u2019AFP.<\/strong><\/p>\n<p class=\"has-text-color has-vivid-red-color\"><strong>Quelle est la philosophie du projet ?<\/strong><\/p>\n<p>N\u2019Gon\u00e9 Fall : C\u2019est une invitation \u00e0 regarder le monde d\u2019un point de vue africain. Certains parlent de saison africaine, de saison culturelle\u2026 mais non! Il s\u2019agit du positionnement des Africains sur des th\u00e9matiques majeures, comme la diffusion des connaissances, l\u2019\u00e9mancipation \u00e9conomique, la circulation des personnes, des id\u00e9es, l\u2019engagement citoyen\u2026<\/p>\n<p>Chaque projet s\u2019appuie sur un ou plusieurs de ces th\u00e8mes pour d\u00e9rouler un propos et un message. On n\u2019est pas l\u00e0 pour diffuser des spectacles de danse, de films, pour divertir je ne sais qui.<\/p>\n<p>A chaque fois qu\u2019on pense \u00e0 l\u2019Afrique et qu\u2019on parle de saison culturelle, on s\u2019imagine des groupes de danse et de th\u00e9\u00e2tre avec des acteurs aux beaux sourires, v\u00eatus en boubous, mais ce n\u2019est absolument pas \u00e7a !<\/p>\n<p>Qu\u2019est-ce que \u00e7a veut dire la citoyennet\u00e9 au XXIe si\u00e8cle quand on est \u00e0 Bobo Dioulasso, Dar es Salam, Alexandrie, Paris, Lyon ou la Creuse, est-ce qu\u2019on peut parler de ces questions ensemble ?<\/p>\n<p>A quoi aspirent les peuples ? Nous, habitants d\u2019un continent de plus d\u2019un milliard d\u2019habitants, qu\u2019avons-nous en commun, qu\u2019avons-nous r\u00e9ussi ou rat\u00e9 ensemble ? Ce sont tous ces questionnements qui vont \u00eatre abord\u00e9s.<\/p>\n<p class=\"has-text-color has-vivid-red-color\"><strong>Le but est-il aussi de changer le regard que peuvent porter les Fran\u00e7ais sur l\u2019Afrique et les Africains ?<\/strong><\/p>\n<p>Ca, c\u2019est le souhait du Pr\u00e9sident de la R\u00e9publique. Honn\u00eatement, je pense qu\u2019il faut plus de 7 mois de programmation. Mais \u00e7a peut peut-\u00eatre cr\u00e9er une amorce.<\/p>\n<p>Notre but est de faire en sorte que les voix, les prises de position de la soci\u00e9t\u00e9 civile africaine, soient entendues. Saison Africa2020 est donc port\u00e9e par cette soci\u00e9t\u00e9 civile, et pas par des Etats ou par des institutions fran\u00e7aises. On nous a assez d\u00e9finis et analys\u00e9s pendant des si\u00e8cles \u00e0 travers l\u2019aventure coloniale et les \u00e9tudes ethnographiques. Est-ce qu\u2019on peut parler de nous-m\u00eames, de nos imaginaires et de nos r\u00e9alit\u00e9s ? C\u2019est fondamental car il y a aujourd\u2019hui une jeunesse qui ne supporte plus qu\u2019on pense, qu\u2019on parle, qu\u2019on agisse et d\u00e9cide \u00e0 sa place.<\/p>\n<p>C\u2019est le pacte de confiance que j\u2019ai pass\u00e9 avec cette soci\u00e9t\u00e9 civile.<\/p>\n<p>D\u2019o\u00f9 cette volont\u00e9 d\u2019avoir des QG, 15 sur le territoire fran\u00e7ais, des sortes de centres culturels temporaires qui pendant plusieurs semaines d\u00e9roulent une programmation totalement pluridisciplinaire, avec projections, d\u00e9bats, expositions, spectacles\u2026 Pour que le public fran\u00e7ais comprenne comment nous, en Afrique, on fonctionne.<\/p>\n<p class=\"has-text-color has-vivid-red-color\"><strong>La manifestation a d\u00e9j\u00e0 \u00e9t\u00e9 report\u00e9e, et elle est cens\u00e9e \u00eatre lanc\u00e9e le 1er d\u00e9cembre. Pensez-vous pouvoir l\u2019organiser malgr\u00e9 la situation sanitaire?<\/strong><\/p>\n<p>Depuis le premier confinement, on s\u2019adapte. En bonne Dakaroise\/S\u00e9n\u00e9galaise\/Africaine, s\u2019adapter au contexte et faire preuve de r\u00e9silience, c\u2019est dans mon ADN.<\/p>\n<p>La saison, qui devait d\u00e9marrer le 1er d\u00e9cembre, est d\u00e9cal\u00e9e d\u2019une quinzaine de jours. Toutes les dates sont susceptibles de changer, mais globalement on reste sur d\u00e9cembre 2020-juillet 2021. L\u2019objectif est de lancer tout \u00e7a avant No\u00ebl.<\/p>\n<p>Jusqu\u2019\u00e0 pr\u00e9sent le message que j\u2019ai des partenaires, des m\u00e9c\u00e8nes, c\u2019est: on veut rester dans la saison. Ils y croient et n\u2019envisagent pas de retirer leur soutien financier. L\u2019engagement est intact.<\/p>\n<p>Des \u00e9quipes sont d\u00e9j\u00e0 arriv\u00e9es entre septembre et octobre et sont pr\u00e9sentes dans diff\u00e9rentes villes. Le dispositif mis en place n\u2019est pas remis en question.<\/p>\n<p>Auteur: M&rsquo;hammed rahal<br \/>\n<a href=\"http:\/\/albayane.press.ma\/%EF%BB%BFun-projet-gigantesque-pour-faire-entendre-la-voix-de-lafrique.html\">Cliquez ici pour lire l&rsquo;article depuis sa source.<\/a><\/p>\n","protected":false},"excerpt":{"rendered":"<p>Saison Africa2020 en France Un \u00abpoint de vue africain sur le monde\u00bb \u00e0 travers 200 \u00e9v\u00e9nements organis\u00e9s pendant six mois dans toute la France: Saison Africa2020, pr\u00e9sent\u00e9e mercredi \u00e0 Paris, reste suspendue \u00e0 la situation sanitaire, mais sa commissaire g\u00e9n\u00e9rale N\u2019Gon\u00e9 Fall esp\u00e8re toujours lancer ce \u00ab projet gigantesque \u00bb avant No\u00ebl. Initi\u00e9e par le [&hellip;]<\/p>\n","protected":false},"author":1760,"featured_media":0,"comment_status":"closed","ping_status":"closed","sticky":false,"template":"","format":"standard","meta":{"fifu_image_url":"","fifu_image_alt":"","footnotes":""},"categories":[73,54],"tags":[],"class_list":["post-103830","post","type-post","status-publish","format-standard","hentry","category-actualite","category-maroc"],"_links":{"self":[{"href":"https:\/\/linitiative.ca\/International\/wp-json\/wp\/v2\/posts\/103830","targetHints":{"allow":["GET"]}}],"collection":[{"href":"https:\/\/linitiative.ca\/International\/wp-json\/wp\/v2\/posts"}],"about":[{"href":"https:\/\/linitiative.ca\/International\/wp-json\/wp\/v2\/types\/post"}],"author":[{"embeddable":true,"href":"https:\/\/linitiative.ca\/International\/wp-json\/wp\/v2\/users\/1760"}],"replies":[{"embeddable":true,"href":"https:\/\/linitiative.ca\/International\/wp-json\/wp\/v2\/comments?post=103830"}],"version-history":[{"count":0,"href":"https:\/\/linitiative.ca\/International\/wp-json\/wp\/v2\/posts\/103830\/revisions"}],"wp:attachment":[{"href":"https:\/\/linitiative.ca\/International\/wp-json\/wp\/v2\/media?parent=103830"}],"wp:term":[{"taxonomy":"category","embeddable":true,"href":"https:\/\/linitiative.ca\/International\/wp-json\/wp\/v2\/categories?post=103830"},{"taxonomy":"post_tag","embeddable":true,"href":"https:\/\/linitiative.ca\/International\/wp-json\/wp\/v2\/tags?post=103830"}],"curies":[{"name":"wp","href":"https:\/\/api.w.org\/{rel}","templated":true}]}}