{"id":103836,"date":"2020-11-05T09:43:46","date_gmt":"2020-11-05T14:43:46","guid":{"rendered":"https:\/\/linitiative.ca\/International\/participation-distinguee-au-concours-defi-de-la-lecture-arabe\/"},"modified":"2020-11-05T09:43:46","modified_gmt":"2020-11-05T14:43:46","slug":"participation-distinguee-au-concours-defi-de-la-lecture-arabe","status":"publish","type":"post","link":"https:\/\/linitiative.ca\/International\/participation-distinguee-au-concours-defi-de-la-lecture-arabe\/","title":{"rendered":"Participation distingu\u00e9e au concours \u00ab\u00a0D\u00e9fi de la lecture arabe\u00a0\u00bb"},"content":{"rendered":"<div readability=\"35\">\n<p>Marrakech- L\u2019Acad\u00e9mie R\u00e9gionale de l\u2019Education et de la Formation (AREF) de Marrakech-Safi s\u2019est distingu\u00e9e lors de sa participation \u00e0 la comp\u00e9tition nationale comptant pour la 5\u00e8me \u00e9dition du concours \u00ab\u00a0D\u00e9fi de la lecture arabe\u00a0\u00bb et qualificative aux finales qui seront organis\u00e9es \u00e0 distance aux Emirats Arabes Unis.<\/p>\n<\/div>\n<div readability=\"107\">\n<p>Les r\u00e9sultats de cette comp\u00e9tition ont permis aux \u00e9l\u00e8ves Khaoula El Filahi (lyc\u00e9e qualifiant Kachkate \u00e0 El Youssoufia) et Samira Achaqi (lyc\u00e9e Mohamed Belhassan El Ouazzani \u00e0 Safi) d\u2019occuper, respectivement, les 5\u00e8me et 7\u00e8me places \u00e0 l\u2019\u00e9chelle nationale, sachant que le premier rang est revenu \u00e0 Sara Daif, issue de la province de Taroudant, qui va repr\u00e9senter le Maroc \u00e0 cette 5\u00e8me \u00e9dition.<\/p>\n<p>Avec cette performance, l\u2019AREF de\u00a0Marrakech-Safi a \u00e9t\u00e9 la seule acad\u00e9mie dont les repr\u00e9sentants ont pu d\u00e9crocher deux des dix places de cette finale \u00e0 l\u2019\u00e9chelle du Royaume.<\/p>\n<p>Un total de 969 \u00e9tablissements scolaires au niveau de la r\u00e9gion avec 43.874 \u00e9l\u00e8ves ont pris part \u00e0 ce concours, dont 9.221 ont r\u00e9ussi la lecture de 50 livres, ce qui a permis \u00e0 ladite AREF de se classer \u00e0 la 4\u00e8me position au niveau national.<\/p>\n<p>Dans une d\u00e9claration \u00e0 la MAP, le directeur de l\u2019AREF de\u00a0Marrakech-Safi, Moulay Ahmed Karimi, a indiqu\u00e9 que de grands efforts ont \u00e9t\u00e9 consentis par les diff\u00e9rents acteurs du syst\u00e8me \u00e9ducatif au niveau de la r\u00e9gion pour bien pr\u00e9parer cette nouvelle \u00e9dition du concours et ce, \u00e0 travers la mise en place d\u2019une strat\u00e9gie ayant permis d\u2019identifier les potentialit\u00e9s existantes \u00e0 l\u2019\u00e9chelle r\u00e9gionale et de toucher le plus grand nombre des \u00e9tablissements scolaires participants.<\/p>\n<p>Ces efforts, a-t-il pr\u00e9cis\u00e9, ont permis \u00e0 l\u2019Acad\u00e9mie et \u00e0 ses cadres de mettre en \u00e9vidence le potentiel de plusieurs \u00e9l\u00e8ves (filles et gar\u00e7ons) qui ont d\u00e9montr\u00e9 leur passion pour la lecture, leur savoir et leur culture g\u00e9n\u00e9rale, ainsi que leur art de l\u2019\u00e9loquence, \u00e0 m\u00eame de briller sur les plans provincial, r\u00e9gional et national.<\/p>\n<p>Et M. Karimi de conclure qu\u2019apr\u00e8s la r\u00e9ussite du d\u00e9fi de la lecture arabe, l\u2019Acad\u00e9mie va pers\u00e9v\u00e9rer sur la m\u00eame voie, en oeuvrant avec synergie sur d\u2019autres chantiers \u00e0 caract\u00e8re \u00e9ducatif et p\u00e9dagogique.<\/p>\n<p>A noter qu\u2019une rencontre a \u00e9t\u00e9 organis\u00e9e, mardi, au si\u00e8ge de l\u2019AREF de\u00a0Marrakech-Safi pour suivre \u00e0 distance la c\u00e9r\u00e9monie de cl\u00f4ture de la comp\u00e9tition nationale du concours \u00ab\u00a0D\u00e9fi de la lecture arabe\u00a0\u00bb, pr\u00e9sid\u00e9e \u00e0 Rabat par le ministre de l\u2019Education nationale, de la formation professionnelle, de l\u2019enseignement sup\u00e9rieur et de la recherche scientifique, porte-parole du gouvernement, Saaid Amzazi.<\/p>\n<p>A cette occasion, le ministre a annonc\u00e9 que l\u2019\u00e9l\u00e8ve Sara Daif, qui poursuit ses \u00e9tudes au tronc commun au lyc\u00e9e \u00ab\u00a0Ibn Souleiman Erroudani\u00a0\u00bb, relevant de la direction provinciale de Taroudant (AREF de Souss-Massa), repr\u00e9sentera le Maroc \u00e0 la 5\u00e8me \u00e9dition de l&rsquo;\u00a0\u00bbArab Reading Challenge\u00a0\u00bb (D\u00e9fi de la lecture arabe).<\/p>\n<p>Compte tenu des conditions exceptionnelles que traverse le monde, il a \u00e9t\u00e9 d\u00e9cid\u00e9, cette ann\u00e9e, d\u2019organiser la c\u00e9r\u00e9monie de cl\u00f4ture des finales, g\u00e9n\u00e9ralement tenues \u00e0 Duba\u00ef aux Emirats Arabes Unis, en novembre 2020 \u00e0 distance, sous la supervision d\u2019un jury issu de pays arabes.<\/p>\n<\/div>\n<p>Auteur: Mohammed KOURSI<br \/>\n<a href=\"http:\/\/www.mapmarrakech.ma\/fr\/participation-distinguee-au-concours-defi-de-la-lecture-arabe\/\">Cliquez ici pour lire l&rsquo;article depuis sa source.<\/a><\/p>\n","protected":false},"excerpt":{"rendered":"<p>Marrakech- L\u2019Acad\u00e9mie R\u00e9gionale de l\u2019Education et de la Formation (AREF) de Marrakech-Safi s\u2019est distingu\u00e9e lors de sa participation \u00e0 la comp\u00e9tition nationale comptant pour la 5\u00e8me \u00e9dition du concours \u00ab\u00a0D\u00e9fi de la lecture arabe\u00a0\u00bb et qualificative aux finales qui seront organis\u00e9es \u00e0 distance aux Emirats Arabes Unis. Les r\u00e9sultats de cette comp\u00e9tition ont permis aux [&hellip;]<\/p>\n","protected":false},"author":1788,"featured_media":0,"comment_status":"closed","ping_status":"closed","sticky":false,"template":"","format":"standard","meta":{"fifu_image_url":"","fifu_image_alt":"","footnotes":""},"categories":[54,76],"tags":[],"class_list":["post-103836","post","type-post","status-publish","format-standard","hentry","category-maroc","category-regions"],"_links":{"self":[{"href":"https:\/\/linitiative.ca\/International\/wp-json\/wp\/v2\/posts\/103836","targetHints":{"allow":["GET"]}}],"collection":[{"href":"https:\/\/linitiative.ca\/International\/wp-json\/wp\/v2\/posts"}],"about":[{"href":"https:\/\/linitiative.ca\/International\/wp-json\/wp\/v2\/types\/post"}],"author":[{"embeddable":true,"href":"https:\/\/linitiative.ca\/International\/wp-json\/wp\/v2\/users\/1788"}],"replies":[{"embeddable":true,"href":"https:\/\/linitiative.ca\/International\/wp-json\/wp\/v2\/comments?post=103836"}],"version-history":[{"count":0,"href":"https:\/\/linitiative.ca\/International\/wp-json\/wp\/v2\/posts\/103836\/revisions"}],"wp:attachment":[{"href":"https:\/\/linitiative.ca\/International\/wp-json\/wp\/v2\/media?parent=103836"}],"wp:term":[{"taxonomy":"category","embeddable":true,"href":"https:\/\/linitiative.ca\/International\/wp-json\/wp\/v2\/categories?post=103836"},{"taxonomy":"post_tag","embeddable":true,"href":"https:\/\/linitiative.ca\/International\/wp-json\/wp\/v2\/tags?post=103836"}],"curies":[{"name":"wp","href":"https:\/\/api.w.org\/{rel}","templated":true}]}}