{"id":103837,"date":"2020-11-05T10:06:52","date_gmt":"2020-11-05T15:06:52","guid":{"rendered":"https:\/\/linitiative.ca\/International\/la-relance-du-tourisme-un-brin-despoir-pour-les-professionnels\/"},"modified":"2020-11-05T10:06:52","modified_gmt":"2020-11-05T15:06:52","slug":"la-relance-du-tourisme-un-brin-despoir-pour-les-professionnels","status":"publish","type":"post","link":"https:\/\/linitiative.ca\/International\/la-relance-du-tourisme-un-brin-despoir-pour-les-professionnels\/","title":{"rendered":"La relance du tourisme, un brin d\u2019espoir pour les professionnels"},"content":{"rendered":"<p><iframe loading=\"lazy\" width=\"1170\" height=\"658\" src=\"https:\/\/www.youtube.com\/embed\/TK_vrqsMIdU?feature=oembed\" frameborder=\"0\" allow=\"accelerometer; autoplay; clipboard-write; encrypted-media; gyroscope; picture-in-picture\" allowfullscreen=\"\">[embedded content]<\/iframe><\/p>\n<div class=\"single-post-excerpt post-excerpt-bc\" readability=\"39\">\n<p>Avec l\u2019arriv\u00e9e des premiers touristes \u00e9trangers, signe rassurant d\u2019une relance progressive de l\u2019activit\u00e9 touristique \u00e0 Marrakech, les professionnels du secteur comme les habitants de la cit\u00e9 ocre ne cessent, depuis, de nourrir un brin d\u2019espoir et d\u2019optimisme pour un demain qui ne pourrait \u00eatre que meilleur.<\/p>\n<\/div>\n<p>Auteur: Mohammed KOURSI<br \/>\n<a href=\"http:\/\/www.mapmarrakech.ma\/fr\/la-relance-du-tourisme-un-brin-despoir-pour-les-professionnels-2\/\">Cliquez ici pour lire l&rsquo;article depuis sa source.<\/a><\/p>\n","protected":false},"excerpt":{"rendered":"<p>[embedded content] Avec l\u2019arriv\u00e9e des premiers touristes \u00e9trangers, signe rassurant d\u2019une relance progressive de l\u2019activit\u00e9 touristique \u00e0 Marrakech, les professionnels du secteur comme les habitants de la cit\u00e9 ocre ne cessent, depuis, de nourrir un brin d\u2019espoir et d\u2019optimisme pour un demain qui ne pourrait \u00eatre que meilleur. Auteur: Mohammed KOURSI Cliquez ici pour lire [&hellip;]<\/p>\n","protected":false},"author":1788,"featured_media":0,"comment_status":"closed","ping_status":"closed","sticky":false,"template":"","format":"standard","meta":{"fifu_image_url":"","fifu_image_alt":"","footnotes":""},"categories":[54,76],"tags":[],"class_list":["post-103837","post","type-post","status-publish","format-standard","hentry","category-maroc","category-regions"],"_links":{"self":[{"href":"https:\/\/linitiative.ca\/International\/wp-json\/wp\/v2\/posts\/103837","targetHints":{"allow":["GET"]}}],"collection":[{"href":"https:\/\/linitiative.ca\/International\/wp-json\/wp\/v2\/posts"}],"about":[{"href":"https:\/\/linitiative.ca\/International\/wp-json\/wp\/v2\/types\/post"}],"author":[{"embeddable":true,"href":"https:\/\/linitiative.ca\/International\/wp-json\/wp\/v2\/users\/1788"}],"replies":[{"embeddable":true,"href":"https:\/\/linitiative.ca\/International\/wp-json\/wp\/v2\/comments?post=103837"}],"version-history":[{"count":0,"href":"https:\/\/linitiative.ca\/International\/wp-json\/wp\/v2\/posts\/103837\/revisions"}],"wp:attachment":[{"href":"https:\/\/linitiative.ca\/International\/wp-json\/wp\/v2\/media?parent=103837"}],"wp:term":[{"taxonomy":"category","embeddable":true,"href":"https:\/\/linitiative.ca\/International\/wp-json\/wp\/v2\/categories?post=103837"},{"taxonomy":"post_tag","embeddable":true,"href":"https:\/\/linitiative.ca\/International\/wp-json\/wp\/v2\/tags?post=103837"}],"curies":[{"name":"wp","href":"https:\/\/api.w.org\/{rel}","templated":true}]}}