{"id":103838,"date":"2020-11-05T10:20:16","date_gmt":"2020-11-05T15:20:16","guid":{"rendered":"https:\/\/linitiative.ca\/International\/la-grotte-goran-une-merveille-speleologique-en-quete-de-valorisation\/"},"modified":"2020-11-05T10:20:16","modified_gmt":"2020-11-05T15:20:16","slug":"la-grotte-goran-une-merveille-speleologique-en-quete-de-valorisation","status":"publish","type":"post","link":"https:\/\/linitiative.ca\/International\/la-grotte-goran-une-merveille-speleologique-en-quete-de-valorisation\/","title":{"rendered":"La Grotte \u00ab\u00a0Goran\u00a0\u00bb, une merveille sp\u00e9l\u00e9ologique en qu\u00eate de valorisation"},"content":{"rendered":"<div readability=\"40\">\n<p>Par : Fouad BENJLIKA<\/p>\n<p>Safi- Situ\u00e9e au coeur du site touristique Cap Beddouza, \u00e0 quelque 27 Km au nord de la ville de Safi, la grotte \u00ab\u00a0Goran\u00a0\u00bb a le m\u00e9rite de repr\u00e9senter, aujourd\u2019hui, une v\u00e9ritable merveille sp\u00e9l\u00e9ologique d\u2019une importance scientifique et \u00e9cologique consid\u00e9rable d\u2019o\u00f9, l\u2019imp\u00e9ratif majeur de sa valorisation.<\/p>\n<\/div>\n<div readability=\"145\">\n<p>D\u00e9couverte en 1934 par les \u00c9claireurs de France, ce site offre une importante niche \u00e0 haute valeur ajout\u00e9e, \u00e0 m\u00eame de g\u00e9n\u00e9rer un impact social direct sur la vie des populations locales, \u00e9tant donn\u00e9 que les exp\u00e9riences ont d\u00e9montr\u00e9 que le tourisme \u00e9cologique serait le mieux adapt\u00e9 avec la crise sanitaire actuelle induite par la propagation de la Covid-19.<\/p>\n<p>Cette importance de la Grotte \u00ab\u00a0Goran\u00a0\u00bb est justifi\u00e9e par le fait que des pi\u00e8ces arch\u00e9ologiques ont \u00e9t\u00e9 signal\u00e9es sur le site lors de sa premi\u00e8re d\u00e9couverte, alors que des gravures rupestres auraient \u00e9t\u00e9 \u00e9galement retrouv\u00e9es.<\/p>\n<p>N\u00e9anmoins, ce Site g\u00e9ologique est devenu un lieu \u00ab\u00a0fragile\u00a0\u00bb et \u00ab\u00a0vuln\u00e9rable\u00a0\u00bb, en raison de la pollution r\u00e9sultant d\u2019une part, des comportements inciviques auxquels se livrent certains de ses visiteurs et d\u2019autre part, \u00ab\u00a0des actes de vandalisme\u00a0\u00bb repr\u00e9sent\u00e9s par des graffitis dessin\u00e9s sur ses parois.<\/p>\n<p>Ainsi, dans le cadre des efforts men\u00e9s en vue de la pr\u00e9servation de ce Site, \u00ab\u00a0l\u2019Association de l\u2019exploration et du tourisme montagneux et environnemental\u00a0\u00bb m\u00e8ne une v\u00e9ritable plaidoirie aupr\u00e8s des services concern\u00e9s, dans le but de valoriser et de sauvegarder ce site naturel, \u00e0 m\u00eame de l\u2019\u00e9riger en \u00ab\u00a0une adresse\u00a0\u00bb incontournable aussi bien pour les touristes que pour les chercheurs, arch\u00e9ologues et scientifiques.<\/p>\n<p>Pour ce faire, ladite association a organis\u00e9 courant cette ann\u00e9e, une exp\u00e9dition scientifique qui s\u2019est fix\u00e9e comme objectifs de valoriser le patrimoine sp\u00e9l\u00e9ologique de la Grotte \u00ab\u00a0Goran\u00a0\u00bb \u00e0 travers cinq \u00e9l\u00e9ments majeurs.<\/p>\n<p>Il s\u2019agit du nettoyage de la Grotte, son exploration et l\u2019\u00e9tablissement d\u2019un \u00e9tat des lieux, soumettre une partie de la grotte \u00e0 des travaux de topographie et sensibiliser la soci\u00e9t\u00e9 civile locale voire m\u00eame r\u00e9gionale au besoin urgent de pr\u00e9server le patrimoine cavernicole de la r\u00e9gion de Beddouza et enfin exhorter les autorit\u00e9s locales et r\u00e9gionales \u00e0 prot\u00e9ger la Grotte \u00ab\u00a0Goran\u00a0\u00bb.<\/p>\n<p>L\u2019effort porte aussi sur la proposition de solutions simples pour optimiser l\u2019exploitation de ce patrimoine par la population locale et prot\u00e9ger ce site touristique contre toutes d\u00e9gradations.<\/p>\n<p>Approch\u00e9 par la MAP, le pr\u00e9sident de cette association, Redouane Guermate, croit dur comme ferme que la valorisation de cette merveille sp\u00e9l\u00e9ologique permettrait, sans nul conteste, de d\u00e9velopper un g\u00e9o-tourisme durable et combien m\u00eame, respectueux de l\u2019environnement ainsi que des diff\u00e9rentes sp\u00e9cificit\u00e9s intrins\u00e8ques \u00e0 ce Site.<\/p>\n<p>Cet acteur associatif n\u2019a pas manqu\u00e9 de mettre l\u2019accent sur l\u2019importance de concocter un programme \u00e9ducatif riche en activit\u00e9s de formation et de sensibilisation au profit des populations locales, ce qui permettrait, a-t-il enchain\u00e9, de renforcer ce sentiment d\u2019appartenance \u00e0 cette r\u00e9gion si riche et diversifi\u00e9e, et les aideraient \u00e0 s\u2019impliquer davantage et d\u2019une mani\u00e8re efficace dans tous les efforts \u00e0 entreprendre pour la promotion et le d\u00e9veloppement du territoire.<\/p>\n<p>M. Guermate recommande aussi d\u2019organiser des rencontres avec la population riveraine pour la sensibiliser et mieux l\u2019informer sur la valeur \u00ab\u00a0r\u00e9elle\u00a0\u00bb de ce patrimoine et ce, dans l\u2019optique de mettre sur pied une approche participative, \u00e0 m\u00eame de favoriser la protection et la gestion idoine de ce Site.<\/p>\n<p>\u00ab\u00a0La grotte \u00ab\u00a0Goran\u00a0\u00bb, dont la longueur est estim\u00e9e \u00e0 2.000 m\u00e8tres de galerie, est une merveille sp\u00e9l\u00e9ologique dont les atouts sont multiples, surtout pour le d\u00e9veloppement d\u2019un tourisme vert \u00ab\u00a0eco-friendly\u00a0\u00bb et scientifique, qui pourra engendrer des retomb\u00e9es \u00e9conomiques sur la r\u00e9gion toute enti\u00e8re comme sur les autochtones\u00a0\u00bb, a-t-il estim\u00e9.<\/p>\n<p>Dans ce sens, M. Guermate a pr\u00e9conis\u00e9 la mise en oeuvre d\u2019une kyrielle de mesures drastiques destin\u00e9e \u00e0 faire face aux actes de vandalisme, dont fait l\u2019objet ce site sp\u00e9l\u00e9ologique, estimant indispensable l\u2019\u00e9tablissement par les autorit\u00e9s comp\u00e9tentes, d\u2019un proc\u00e9d\u00e9 d\u2019identification de toute personne \u00e9trang\u00e8re d\u00e9sireuse d\u2019acc\u00e9der \u00e0 ce site.<\/p>\n<p>Dans la foul\u00e9e, Il a plaid\u00e9 en faveur de la construction d\u2019un mur de protection autour de la grotte et d\u2019un grillage renforc\u00e9 \u00e0 son entr\u00e9e sans alt\u00e9rer l\u2019aspect paysager du site, se disant \u00e9galement en faveur d\u2019un r\u00e9am\u00e9nagement de la route menant vers cette Grotte.<\/p>\n<p>M. Guermate a tenu \u00e0 rappeler que le nouveau balisage de la Grotte \u00ab\u00a0Goran\u00a0\u00bb, entam\u00e9 par l\u2019association suite aux actes de vandalisme men\u00e9s par certains individus qui m\u00e9connaissent la valeur du patrimoine, permettrait de prot\u00e9ger et de sauvegarder ce joyau naturel et patrimonial.<\/p>\n<p>La valorisation de ce site naturel passe aussi par la construction d\u2019\u00e9co-Lodges \u00e0 proximit\u00e9 du site, qui seront de nature \u00e0 favoriser le tourisme \u00e9cologique, \u00e0 dynamiser l\u2019\u00e9conomie de la r\u00e9gion, \u00e0 cr\u00e9er de nouveaux emplois pour les jeunes et \u00e0 contribuer ainsi \u00e0 la r\u00e9duction du ch\u00f4mage, a-t-il conclu.<\/p>\n<\/div>\n<p>Auteur: Mohammed KOURSI<br \/>\n<a href=\"http:\/\/www.mapmarrakech.ma\/fr\/la-grotte-goran-une-merveille-speleologique-en-quete-de-valorisation\/\">Cliquez ici pour lire l&rsquo;article depuis sa source.<\/a><\/p>\n","protected":false},"excerpt":{"rendered":"<p>Par : Fouad BENJLIKA Safi- Situ\u00e9e au coeur du site touristique Cap Beddouza, \u00e0 quelque 27 Km au nord de la ville de Safi, la grotte \u00ab\u00a0Goran\u00a0\u00bb a le m\u00e9rite de repr\u00e9senter, aujourd\u2019hui, une v\u00e9ritable merveille sp\u00e9l\u00e9ologique d\u2019une importance scientifique et \u00e9cologique consid\u00e9rable d\u2019o\u00f9, l\u2019imp\u00e9ratif majeur de sa valorisation. D\u00e9couverte en 1934 par les \u00c9claireurs [&hellip;]<\/p>\n","protected":false},"author":1788,"featured_media":0,"comment_status":"closed","ping_status":"closed","sticky":false,"template":"","format":"standard","meta":{"fifu_image_url":"","fifu_image_alt":"","footnotes":""},"categories":[54,76],"tags":[],"class_list":["post-103838","post","type-post","status-publish","format-standard","hentry","category-maroc","category-regions"],"_links":{"self":[{"href":"https:\/\/linitiative.ca\/International\/wp-json\/wp\/v2\/posts\/103838","targetHints":{"allow":["GET"]}}],"collection":[{"href":"https:\/\/linitiative.ca\/International\/wp-json\/wp\/v2\/posts"}],"about":[{"href":"https:\/\/linitiative.ca\/International\/wp-json\/wp\/v2\/types\/post"}],"author":[{"embeddable":true,"href":"https:\/\/linitiative.ca\/International\/wp-json\/wp\/v2\/users\/1788"}],"replies":[{"embeddable":true,"href":"https:\/\/linitiative.ca\/International\/wp-json\/wp\/v2\/comments?post=103838"}],"version-history":[{"count":0,"href":"https:\/\/linitiative.ca\/International\/wp-json\/wp\/v2\/posts\/103838\/revisions"}],"wp:attachment":[{"href":"https:\/\/linitiative.ca\/International\/wp-json\/wp\/v2\/media?parent=103838"}],"wp:term":[{"taxonomy":"category","embeddable":true,"href":"https:\/\/linitiative.ca\/International\/wp-json\/wp\/v2\/categories?post=103838"},{"taxonomy":"post_tag","embeddable":true,"href":"https:\/\/linitiative.ca\/International\/wp-json\/wp\/v2\/tags?post=103838"}],"curies":[{"name":"wp","href":"https:\/\/api.w.org\/{rel}","templated":true}]}}