{"id":103839,"date":"2020-11-05T10:47:04","date_gmt":"2020-11-05T15:47:04","guid":{"rendered":"https:\/\/linitiative.ca\/International\/marche-verte-serie-dactivites-culturelles-et-artistiques\/"},"modified":"2020-11-05T10:47:04","modified_gmt":"2020-11-05T15:47:04","slug":"marche-verte-serie-dactivites-culturelles-et-artistiques","status":"publish","type":"post","link":"https:\/\/linitiative.ca\/International\/marche-verte-serie-dactivites-culturelles-et-artistiques\/","title":{"rendered":"Marche Verte: S\u00e9rie d\u2019activit\u00e9s culturelles et artistiques"},"content":{"rendered":"<div readability=\"37\">\n<p>El Kela\u00e2 des Sraghna- Les \u00e9tablissements scolaires relevant de la Direction provinciale du minist\u00e8re de l\u2019\u00e9ducation nationale \u00e0 El Kela\u00e2 des Sraghna organisent jusqu\u2019au 07 novembre courant, une s\u00e9rie d\u2019activit\u00e9s culturelles et artistiques riches et \u00e9clectiques et ce, \u00e0 l\u2019occasion de la c\u00e9l\u00e9bration du 45\u00e8 anniversaire de la Glorieuse Marche Verte.<\/p>\n<\/div>\n<div readability=\"72\">\n<p>Dans ce cadre, les \u00e9tablissements scolaires de la province ont programm\u00e9 une s\u00e9rie d\u2019activit\u00e9s scind\u00e9e en plusieurs concours de peinture et de po\u00e9sie, des spectacles artistiques et culturelles, outre la pr\u00e9sentation, sur sc\u00e8ne, de pi\u00e8ces th\u00e9\u00e2trales, tout en veillant au respect strict du protocole sanitaire adopt\u00e9 pour enrayer la propagation du nouveau coronavirus (Covid-19) en milieu scolaire.<\/p>\n<p>Dans une d\u00e9claration \u00e0 la MAP, le directeur provincial du minist\u00e8re de l\u2019Education Nationale, Alami Qoraichi, a soulign\u00e9 l\u2019importance que rev\u00eat la c\u00e9l\u00e9bration de la Glorieuse Marche Verte qui co\u00efncide, cette ann\u00e9e, avec le 45\u00e8 anniversaire du recouvrement de nos provinces du sud du Royaume.<\/p>\n<p>M. Qoraichi a incit\u00e9, dans ce sens, l\u2019ensemble des \u00e9tablissements scolaires \u00e0 l\u2019\u00e9chelle provinciale \u00e0 programmer des activit\u00e9s diverses (\u00e0 distance et en pr\u00e9sentiel), \u00e0 m\u00eame de permettre de c\u00e9l\u00e9brer cette glorieuse \u00e9pop\u00e9e dans l\u2019histoire du Maroc et de mettre en exergue ses significations profondes. Une grande f\u00eate nationale si ch\u00e8re \u00e0 l\u2019ensemble des Marocains et une occasion pour renouveler l\u2019attachement \u00e0 la patrie et consacrer les valeurs de citoyennet\u00e9, a-t-il dit.<\/p>\n<p>Ainsi, les \u00e9tablissements scolaires consacreront des plages-horaire au sein des classes pour se rem\u00e9morer cette \u00e9pop\u00e9e de l\u2019histoire moderne et rayonnante du Maroc, \u00e0 travers l\u2019organisation d\u2019activit\u00e9s culturelles, d\u2019ateliers artistiques et des spectacles de divertissement au profit des \u00e9l\u00e8ves.<\/p>\n<p>La programmation se d\u00e9clinera \u00e9galement en projection de films et de documentaires qui relatent les moments forts de cette \u00e9pop\u00e9e, outre des t\u00e9moignages sur cet \u00e9v\u00e9nement historique marquant.<\/p>\n<\/div>\n<p>Auteur: Mohammed KOURSI<br \/>\n<a href=\"http:\/\/www.mapmarrakech.ma\/fr\/marche-verte-serie-dactivites-culturelles-et-artistiques\/\">Cliquez ici pour lire l&rsquo;article depuis sa source.<\/a><\/p>\n","protected":false},"excerpt":{"rendered":"<p>El Kela\u00e2 des Sraghna- Les \u00e9tablissements scolaires relevant de la Direction provinciale du minist\u00e8re de l\u2019\u00e9ducation nationale \u00e0 El Kela\u00e2 des Sraghna organisent jusqu\u2019au 07 novembre courant, une s\u00e9rie d\u2019activit\u00e9s culturelles et artistiques riches et \u00e9clectiques et ce, \u00e0 l\u2019occasion de la c\u00e9l\u00e9bration du 45\u00e8 anniversaire de la Glorieuse Marche Verte. Dans ce cadre, les [&hellip;]<\/p>\n","protected":false},"author":1788,"featured_media":0,"comment_status":"closed","ping_status":"closed","sticky":false,"template":"","format":"standard","meta":{"fifu_image_url":"","fifu_image_alt":"","footnotes":""},"categories":[54,76],"tags":[],"class_list":["post-103839","post","type-post","status-publish","format-standard","hentry","category-maroc","category-regions"],"_links":{"self":[{"href":"https:\/\/linitiative.ca\/International\/wp-json\/wp\/v2\/posts\/103839","targetHints":{"allow":["GET"]}}],"collection":[{"href":"https:\/\/linitiative.ca\/International\/wp-json\/wp\/v2\/posts"}],"about":[{"href":"https:\/\/linitiative.ca\/International\/wp-json\/wp\/v2\/types\/post"}],"author":[{"embeddable":true,"href":"https:\/\/linitiative.ca\/International\/wp-json\/wp\/v2\/users\/1788"}],"replies":[{"embeddable":true,"href":"https:\/\/linitiative.ca\/International\/wp-json\/wp\/v2\/comments?post=103839"}],"version-history":[{"count":0,"href":"https:\/\/linitiative.ca\/International\/wp-json\/wp\/v2\/posts\/103839\/revisions"}],"wp:attachment":[{"href":"https:\/\/linitiative.ca\/International\/wp-json\/wp\/v2\/media?parent=103839"}],"wp:term":[{"taxonomy":"category","embeddable":true,"href":"https:\/\/linitiative.ca\/International\/wp-json\/wp\/v2\/categories?post=103839"},{"taxonomy":"post_tag","embeddable":true,"href":"https:\/\/linitiative.ca\/International\/wp-json\/wp\/v2\/tags?post=103839"}],"curies":[{"name":"wp","href":"https:\/\/api.w.org\/{rel}","templated":true}]}}