{"id":103840,"date":"2020-11-05T11:00:32","date_gmt":"2020-11-05T16:00:32","guid":{"rendered":"https:\/\/linitiative.ca\/International\/aid-al-mawlid-ceremonie-religieuse-a-la-zaouia-des-regraga\/"},"modified":"2020-11-05T11:00:32","modified_gmt":"2020-11-05T16:00:32","slug":"aid-al-mawlid-ceremonie-religieuse-a-la-zaouia-des-regraga","status":"publish","type":"post","link":"https:\/\/linitiative.ca\/International\/aid-al-mawlid-ceremonie-religieuse-a-la-zaouia-des-regraga\/","title":{"rendered":"A\u00efd Al Mawlid: C\u00e9r\u00e9monie religieuse \u00e0 la Zaouia des Regraga"},"content":{"rendered":"<div readability=\"39\">\n<p>Essaouira- La zaouia des Regraga a organis\u00e9, mercredi soir \u00e0 Essaouira, une c\u00e9r\u00e9monie religieuse en comm\u00e9moration de A\u00efd Al Mawlid Annabaoui Acharif, dans le strict respect des mesures pr\u00e9ventives et du protocole sanitaire en vigueur, en vue d\u2019enrayer la propagation de la pand\u00e9mie du nouveau coronavirus (Covid-19).<\/p>\n<\/div>\n<div readability=\"84\">\n<p>Cette veill\u00e9e religieuse s\u2019est d\u00e9roul\u00e9e apr\u00e8s la pri\u00e8re d\u2019Al Maghrib, dans une ambiance empreinte de pi\u00e9t\u00e9 et de recueillement, \u00e0 la mosqu\u00e9e-zaouia des Regraga, en pr\u00e9sence notamment du Moqadem de ladite zaouia, M. Abdelaziz El Moqaddem, du pr\u00e9sident du Conseil local des Oul\u00e9mas, M. Mohamed Menguit, du d\u00e9l\u00e9gu\u00e9 provincial des Affaires islamiques, M. Karim Benabbad, de repr\u00e9sentants des Regraga au niveau de la province, d\u2019adeptes et de mourides ainsi que d\u2019autres personnalit\u00e9s.<\/p>\n<p>Elle a \u00e9t\u00e9 marqu\u00e9e par la d\u00e9clamation de versets du Saint Coran et de pan\u00e9gyriques et louanges \u00e0 la gloire du proph\u00e8te Sidna Mohammed (PSSL).<\/p>\n<p>Cette c\u00e9r\u00e9monie a \u00e9t\u00e9 aussi l\u2019occasion, \u00e0 travers des mots de circonstance prononc\u00e9s, de se rem\u00e9morer et de mettre en \u00e9vidence les valeurs et principes supr\u00eames instaur\u00e9s par le proph\u00e8te Sidna Mohammed (PSSL) et la religion musulmane qui pr\u00f4nent la tol\u00e9rance et les bonnes vertus, ainsi que de condamner fermement les offenses injurieuses de la Sainte religion et du proph\u00e8te.<\/p>\n<p>Elle a \u00e9galement permis de jeter la lumi\u00e8re sur la place particuli\u00e8re du sceau des messagers (PSSL) dans la religion musulmane, Ses grandes qualit\u00e9s, Sa moralit\u00e9, Ses vertus ainsi que sur la Sira Nabawiya.<\/p>\n<p>L\u2019assistance a, en outre, d\u00e9nonc\u00e9 vigoureusement la publication de caricatures outrageuses \u00e0 l\u2019Islam et au Proph\u00e8te Sidna Mohammed (PSSL), estimant que ces actes ne contribuent nullement \u00e0 la diffusion de la culture et des valeurs de tol\u00e9rance entre les religions, alors que le sceau des proph\u00e8tes et la Sainte religion ont toujours pr\u00f4n\u00e9 les valeurs d\u2019entente, de tol\u00e9rance et de coexistence entre les \u00eatres humains, quels que soient leur religion, rite ou doctrine.<\/p>\n<p>A l\u2019issue de cette veill\u00e9e religieuse, des pri\u00e8res ont \u00e9t\u00e9 \u00e9lev\u00e9es implorant le Tout-Puissant de pr\u00e9server SM le Roi Mohammed VI, Amir Al Mouminine, de perp\u00e9tuer Sa gloire et de combler le Souverain en les personnes de Son Altesse Royale le Prince H\u00e9ritier Moulay El Hassan, de Son Altesse Royale le Prince Moulay Rachid et de l\u2019ensemble de l\u2019illustre Famille Royale.<\/p>\n<\/div>\n<p>Auteur: Mohammed KOURSI<br \/>\n<a href=\"http:\/\/www.mapmarrakech.ma\/fr\/zaouia-des-regraga-ceremonie-religieuse-a-loccasion-de-aid-al-mawlid\/\">Cliquez ici pour lire l&rsquo;article depuis sa source.<\/a><\/p>\n","protected":false},"excerpt":{"rendered":"<p>Essaouira- La zaouia des Regraga a organis\u00e9, mercredi soir \u00e0 Essaouira, une c\u00e9r\u00e9monie religieuse en comm\u00e9moration de A\u00efd Al Mawlid Annabaoui Acharif, dans le strict respect des mesures pr\u00e9ventives et du protocole sanitaire en vigueur, en vue d\u2019enrayer la propagation de la pand\u00e9mie du nouveau coronavirus (Covid-19). Cette veill\u00e9e religieuse s\u2019est d\u00e9roul\u00e9e apr\u00e8s la pri\u00e8re [&hellip;]<\/p>\n","protected":false},"author":1788,"featured_media":0,"comment_status":"closed","ping_status":"closed","sticky":false,"template":"","format":"standard","meta":{"fifu_image_url":"","fifu_image_alt":"","footnotes":""},"categories":[54,76],"tags":[],"class_list":["post-103840","post","type-post","status-publish","format-standard","hentry","category-maroc","category-regions"],"_links":{"self":[{"href":"https:\/\/linitiative.ca\/International\/wp-json\/wp\/v2\/posts\/103840","targetHints":{"allow":["GET"]}}],"collection":[{"href":"https:\/\/linitiative.ca\/International\/wp-json\/wp\/v2\/posts"}],"about":[{"href":"https:\/\/linitiative.ca\/International\/wp-json\/wp\/v2\/types\/post"}],"author":[{"embeddable":true,"href":"https:\/\/linitiative.ca\/International\/wp-json\/wp\/v2\/users\/1788"}],"replies":[{"embeddable":true,"href":"https:\/\/linitiative.ca\/International\/wp-json\/wp\/v2\/comments?post=103840"}],"version-history":[{"count":0,"href":"https:\/\/linitiative.ca\/International\/wp-json\/wp\/v2\/posts\/103840\/revisions"}],"wp:attachment":[{"href":"https:\/\/linitiative.ca\/International\/wp-json\/wp\/v2\/media?parent=103840"}],"wp:term":[{"taxonomy":"category","embeddable":true,"href":"https:\/\/linitiative.ca\/International\/wp-json\/wp\/v2\/categories?post=103840"},{"taxonomy":"post_tag","embeddable":true,"href":"https:\/\/linitiative.ca\/International\/wp-json\/wp\/v2\/tags?post=103840"}],"curies":[{"name":"wp","href":"https:\/\/api.w.org\/{rel}","templated":true}]}}