{"id":103843,"date":"2020-11-05T11:00:00","date_gmt":"2020-11-05T16:00:00","guid":{"rendered":"https:\/\/linitiative.ca\/International\/un-professeur-tunisien-parmi-les-meilleurs-enseignants-du-monde\/"},"modified":"2020-11-05T11:00:00","modified_gmt":"2020-11-05T16:00:00","slug":"un-professeur-tunisien-parmi-les-meilleurs-enseignants-du-monde","status":"publish","type":"post","link":"https:\/\/linitiative.ca\/International\/un-professeur-tunisien-parmi-les-meilleurs-enseignants-du-monde\/","title":{"rendered":"Un professeur tunisien parmi  les meilleurs enseignants du monde"},"content":{"rendered":"<p class=\"p1 c5\"><span class=\"c4\"><span class=\"c3\"><span class=\"s1 c2\"><strong>Le Temps &#8211; Kamel BOUAOUINA<\/strong><\/span><\/span><\/span><\/p>\n<p class=\"p2 c6\"><span class=\"c4\"><span class=\"c3\"><strong>Hamad Karous, professeur tunisien en Belgique vient d&rsquo;\u00eatre choisi parmi les meilleurs enseignants du monde. Il fait partie des vainqueurs du Global Teacher Awards, un concours international r\u00e9compensant l&rsquo;implication d&rsquo;enseignants aux m\u00e9thodes \u00e9ducatives r\u00e9volutionnaires, auquel participent des enseignants de 110 pays. Hamad chercheur dans le domaine de la didactique de la chimie \u00e0 l&rsquo;universit\u00e9 de Li\u00e8ge a bien voulu nous parler de son itin\u00e9raire et de cette distinction internationale<\/strong><\/span><\/span><\/p>\n<p class=\"p2 c6\">\u00a0<\/p>\n<p class=\"p1 c5\"><span class=\"c4\"><span class=\"c3\"><strong>\u2022 Le Temps : Vous faites partie des vainqueurs du Global Teacher Awards 2020. Que repr\u00e9sente pour vous cette distinction ?<\/strong><\/span><\/span><\/p>\n<p class=\"p1 c5\"><span class=\"c4\"><span class=\"c3\">Hamad Karous : Etant chercheur dans le domaine de la didactique de la chimie \u00e0 l&rsquo;universit\u00e9 de Li\u00e8ge, j&rsquo;essaie de me mettre toujours \u00e0 la page lorsqu&rsquo;il s&rsquo;agit d&rsquo;actualit\u00e9s concernant le monde de l&rsquo;enseignement. J&rsquo;essaie de m&rsquo;impliquer au maximum en participant \u00e0 des \u00e9v\u00e8nements qu&rsquo;ils soient nationaux ou internationaux pour partager mes id\u00e9es et d\u00e9fendre mes projets de recherche. Un jour, revenant de l&rsquo;un de ces \u00e9v\u00e9nements, je suis tomb\u00e9 sur un appel \u00e0 candidature et je n\u2019ai alors pas h\u00e9sit\u00e9 \u00e0 tenter ma chance. Etant donn\u00e9 le nombre de participants, je ne m&rsquo;attendais pas \u00e0 un retour positif, mais il semble que ma candidature ait tap\u00e9e dans l&rsquo;\u0153il du jury qui m&rsquo;a alors nomin\u00e9 pour cette distinction. Bien s\u00fbr, Cette nomination est tr\u00e8s valorisante pour moi.<\/span><\/span><\/p>\n<p class=\"p2 c7\">\u00a0<\/p>\n<p class=\"p1 c5\"><span class=\"c4\"><span class=\"c3\"><strong>\u2022 En quoi consiste votre projet \u00ab Discover Science \u00bb?<\/strong><\/span><\/span><\/p>\n<p class=\"p1 c5\"><span class=\"c4\"><span class=\"c3\">DiscoverScience est un projet que j&rsquo;ai mis en place afin de vulgariser de ph\u00e9nom\u00e8nes scientifiques. Je cherche \u00e0 faire comprendre et \u00e0 donner une meilleure vision aux enfants et aux adolescents du monde qui les entoure.<\/span><\/span><\/p>\n<p class=\"p2 c7\">\u00a0<\/p>\n<p class=\"p1 c5\"><span class=\"c4\"><span class=\"c3\"><strong>\u2022 Am\u00e9liorer et moderniser l\u2019enseignement, est-ce votre objectif ?<\/strong><\/span><\/span><\/p>\n<p class=\"p1 c5\"><span class=\"c4\"><span class=\"c3\">Exactement, am\u00e9liorer l&rsquo;enseignement est l&rsquo;objectif principal.<span class=\"Apple-converted-space\">\u00a0<\/span> Il faut savoir que tous les efforts consentis visent \u00e0 rendre l&rsquo;apprentissage plus b\u00e9n\u00e9fique pour la soci\u00e9t\u00e9. On vise l&rsquo;\u00e9l\u00e8ve, qui est au centre du syst\u00e8me \u00e9ducatif, en tentant de d\u00e9velopper son envie d&rsquo;apprendre et sa curiosit\u00e9 intellectuelle. Dans ma nouvelle approche d&rsquo;apprentissage, j&rsquo;essaie de transmettre le savoir \u00e0 travers de petits projets, concours, \u2026 en proposant aussi des exp\u00e9riences originales, \u00e9ducatives et ludiques afin de stimuler l\u2019\u00e9l\u00e8ve. Pour moi, l&rsquo;apprentissage ne s&rsquo;arr\u00eate pas aux portes de l&rsquo;\u00e9cole, l&rsquo;objectif est de placer chaque individu en situation permanente d&rsquo;apprentissage, peu importe le milieu dans lequel il se trouve.<\/span><\/span><\/p>\n<p class=\"p2 c7\">\u00a0<\/p>\n<p class=\"p1 c5\"><span class=\"c4\"><span class=\"c3\"><strong>\u2022 En tant que tunisien r\u00e9sidant en Belgique, comptez-vous apporter votre savoir-faire \u00e0 votre pays ?<\/strong><\/span><\/span><\/p>\n<p class=\"p1 c5\"><span class=\"c4\"><span class=\"c3\">Naturellement, je serais enti\u00e8rement enchant\u00e9 de pouvoir partager mes comp\u00e9tences p\u00e9dagogiques avec mon pays natal. J&rsquo;ai effectivement pu d\u00e9velopper plusieurs outils et moyens techniques qui peuvent \u00eatre utiles pour mes coll\u00e8gues en Tunisie. Il faut noter que la r\u00e9ussite d&rsquo;un mod\u00e8le \u00e9ducatif ne doit rien au hasard, il faut \u00e9laborer une strat\u00e9gie \u00e9ducative syst\u00e9mique qui vise \u00e0 rendre l\u2019\u00e9l\u00e8ve plus actif \u00e0 travers divers projets (progr\u00e8s, probl\u00e8mes, comp\u00e9titions,), \u00e0 accorder plus d&rsquo;autonomie aux enseignants et \u00e0 faciliter l\u2019encadrement \u00e0 l&rsquo;\u00e9chelle nationale et internationale, ainsi qu\u2019\u00e0 favoriser une communication entre les diff\u00e9rents secteurs de la soci\u00e9t\u00e9.<span class=\"Apple-converted-space\">\u00a0<\/span><\/span><\/span><\/p>\n<p class=\"p2 c6\">\u00a0<\/p>\n<p class=\"p3 c8\"><span class=\"c4\"><span class=\"c3\"><strong>K.B.<\/strong><\/span><\/span><\/p>\n<p>Auteur: letemps1<br \/>\n<a href=\"http:\/\/www.letemps.com.tn\/article\/117934\/un-professeur-tunisien-parmi-les-meilleurs-enseignants-du-monde\">Cliquez ici pour lire l&rsquo;article depuis sa source.<\/a><\/p>\n","protected":false},"excerpt":{"rendered":"<p>Le Temps &#8211; Kamel BOUAOUINA Hamad Karous, professeur tunisien en Belgique vient d&rsquo;\u00eatre choisi parmi les meilleurs enseignants du monde. Il fait partie des vainqueurs du Global Teacher Awards, un concours international r\u00e9compensant l&rsquo;implication d&rsquo;enseignants aux m\u00e9thodes \u00e9ducatives r\u00e9volutionnaires, auquel participent des enseignants de 110 pays. Hamad chercheur dans le domaine de la didactique de [&hellip;]<\/p>\n","protected":false},"author":1773,"featured_media":0,"comment_status":"closed","ping_status":"closed","sticky":false,"template":"","format":"standard","meta":{"fifu_image_url":"","fifu_image_alt":"","footnotes":""},"categories":[73,55],"tags":[],"class_list":["post-103843","post","type-post","status-publish","format-standard","hentry","category-actualite","category-tunisie"],"_links":{"self":[{"href":"https:\/\/linitiative.ca\/International\/wp-json\/wp\/v2\/posts\/103843","targetHints":{"allow":["GET"]}}],"collection":[{"href":"https:\/\/linitiative.ca\/International\/wp-json\/wp\/v2\/posts"}],"about":[{"href":"https:\/\/linitiative.ca\/International\/wp-json\/wp\/v2\/types\/post"}],"author":[{"embeddable":true,"href":"https:\/\/linitiative.ca\/International\/wp-json\/wp\/v2\/users\/1773"}],"replies":[{"embeddable":true,"href":"https:\/\/linitiative.ca\/International\/wp-json\/wp\/v2\/comments?post=103843"}],"version-history":[{"count":0,"href":"https:\/\/linitiative.ca\/International\/wp-json\/wp\/v2\/posts\/103843\/revisions"}],"wp:attachment":[{"href":"https:\/\/linitiative.ca\/International\/wp-json\/wp\/v2\/media?parent=103843"}],"wp:term":[{"taxonomy":"category","embeddable":true,"href":"https:\/\/linitiative.ca\/International\/wp-json\/wp\/v2\/categories?post=103843"},{"taxonomy":"post_tag","embeddable":true,"href":"https:\/\/linitiative.ca\/International\/wp-json\/wp\/v2\/tags?post=103843"}],"curies":[{"name":"wp","href":"https:\/\/api.w.org\/{rel}","templated":true}]}}