{"id":103847,"date":"2020-11-05T11:02:00","date_gmt":"2020-11-05T16:02:00","guid":{"rendered":"https:\/\/linitiative.ca\/International\/la-pleine-conscience-et-le-partage\/"},"modified":"2020-11-05T11:02:00","modified_gmt":"2020-11-05T16:02:00","slug":"la-pleine-conscience-et-le-partage","status":"publish","type":"post","link":"https:\/\/linitiative.ca\/International\/la-pleine-conscience-et-le-partage\/","title":{"rendered":"La pleine conscience et le partage"},"content":{"rendered":"<p class=\"p1 c4\"><span class=\"c3\"><span class=\"c2\"><strong>Le Temps &#8211; Lotfi Ben Khalifa<\/strong><\/span><\/span><\/p>\n<p class=\"p1 c4\"><span class=\"c3\"><span class=\"c2\"><strong>En visitant la premi\u00e8re exposition personnelle de Sawsen Laouiti<span class=\"Apple-converted-space\">\u00a0<\/span> intitul\u00e9e : \u00ab Mindfulness \u00bb qu\u2019elle tient depuis le 31 octobre et jusqu\u2019au 15<span class=\"Apple-converted-space\">\u00a0<\/span> novembre \u00e0 la galerie Saladin, \u00e0 Sidi Bou Sa\u00efd, on effectue une immersion imm\u00e9diate dans le monde de la cr\u00e9ation artistique \u00e0 partir du papier, soit<span class=\"Apple-converted-space\">\u00a0<\/span> avec le proc\u00e9d\u00e9 de l\u2019origami. Une mani\u00e8re de cr\u00e9er gr\u00e2ce au jeu du pliage h\u00e9rit\u00e9e de l\u2019Extr\u00eame Orient et du Japon, plus exactement.<\/strong><\/span><\/span><\/p>\n<p class=\"p1 c5\"><span class=\"c3\"><span class=\"c2\">Mais le jeu, si on ose l\u2019appeler ainsi, ne se pr\u00e9sente pas au premier degr\u00e9 et<span class=\"Apple-converted-space\">\u00a0<\/span> ne s\u2019arr\u00eate pas en si bon chemin. Cela se passe sur un autre niveau. Sawsen Laouiti affectionne, en effet, ce travail pour donner \u00e0 voir des tableaux en figures<span class=\"Apple-converted-space\">\u00a0<\/span> g\u00e9om\u00e9triques superpos\u00e9es en bas relief et en multiples couleurs. Le r\u00e9sultat est fascinant avec des compositions r\u00e9alis\u00e9es avec ce mat\u00e9riau. <span class=\"Apple-converted-space\">\u00a0<\/span><\/span><\/span><\/p>\n<p class=\"p1 c5\"><span class=\"c3\"><span class=\"c2\">L\u2019artiste s\u2019y adonne \u00e0 c\u0153ur- joie et fait partager sa passion avec les autres. D\u2019o\u00f9 le titre \u00ab Mindfulness \u00bb de cette exposition qu\u2019on traduirait par (pleine conscience) pour percevoir le monde dans sa pl\u00e9nitude. Pourquoi pas ? D\u2019autant plus qu\u2019\u00e0 force de cr\u00e9er avec beaucoup de talent et d\u2019aboutir \u00e0 des formes inattendues, on gagne cette pl\u00e9nitude que notre artiste voudrait partager avec autrui.<span class=\"Apple-converted-space\">\u00a0<\/span><\/span><\/span><\/p>\n<p class=\"p1 c5\"><span class=\"c3\"><span class=\"c2\">Un voyage color\u00e9 auquel Sawsen Laouiti invite les visiteurs de son exposition \u00e0 effectuer par le truchement de l\u2019observation et de l\u2019appr\u00e9ciation. Il s\u2019agit \u00e9galement d\u2019une op\u00e9ration de recyclage de la mati\u00e8re utilis\u00e9e, soit le papier. Elle ajoute \u00e0 tout cela une installation a\u00e9rienne. Des oiseaux suspendus qui occupent une aire de la galerie et qui invitent \u00e9galement au voyage. Et selon Rim Benboubaker, Commissaire de l\u2019exposition, l\u2019artiste \u00ab invite \u00e0 un voyage onirique dans son univers fait d\u2019origamis et de papier\u2026Le papier \u00e9tonne par sa robustesse et les possibilit\u00e9s infinies qu\u2019il offre. \u00bb Une exposition \u00e0 visiter absolument.<span class=\"Apple-converted-space\">\u00a0<\/span> L\u2019accueil se fait sur rendez-vous pour respecter le protocole sanitaire afin de pr\u00e9venir le Covid-19.<\/span><\/span><\/p>\n<p class=\"p1 c4\">\u00a0<\/p>\n<p class=\"p2 c6\"><span class=\"c3\"><span class=\"c2\"><strong>L.B.K<\/strong><\/span><\/span><\/p>\n<p>Auteur: letemps1<br \/>\n<a href=\"http:\/\/www.letemps.com.tn\/article\/117938\/la-pleine-conscience-et-le-partage\">Cliquez ici pour lire l&rsquo;article depuis sa source.<\/a><\/p>\n","protected":false},"excerpt":{"rendered":"<p>Le Temps &#8211; Lotfi Ben Khalifa En visitant la premi\u00e8re exposition personnelle de Sawsen Laouiti\u00a0 intitul\u00e9e : \u00ab Mindfulness \u00bb qu\u2019elle tient depuis le 31 octobre et jusqu\u2019au 15\u00a0 novembre \u00e0 la galerie Saladin, \u00e0 Sidi Bou Sa\u00efd, on effectue une immersion imm\u00e9diate dans le monde de la cr\u00e9ation artistique \u00e0 partir du papier, soit\u00a0 [&hellip;]<\/p>\n","protected":false},"author":1773,"featured_media":0,"comment_status":"closed","ping_status":"closed","sticky":false,"template":"","format":"standard","meta":{"fifu_image_url":"","fifu_image_alt":"","footnotes":""},"categories":[73,55],"tags":[],"class_list":["post-103847","post","type-post","status-publish","format-standard","hentry","category-actualite","category-tunisie"],"_links":{"self":[{"href":"https:\/\/linitiative.ca\/International\/wp-json\/wp\/v2\/posts\/103847","targetHints":{"allow":["GET"]}}],"collection":[{"href":"https:\/\/linitiative.ca\/International\/wp-json\/wp\/v2\/posts"}],"about":[{"href":"https:\/\/linitiative.ca\/International\/wp-json\/wp\/v2\/types\/post"}],"author":[{"embeddable":true,"href":"https:\/\/linitiative.ca\/International\/wp-json\/wp\/v2\/users\/1773"}],"replies":[{"embeddable":true,"href":"https:\/\/linitiative.ca\/International\/wp-json\/wp\/v2\/comments?post=103847"}],"version-history":[{"count":0,"href":"https:\/\/linitiative.ca\/International\/wp-json\/wp\/v2\/posts\/103847\/revisions"}],"wp:attachment":[{"href":"https:\/\/linitiative.ca\/International\/wp-json\/wp\/v2\/media?parent=103847"}],"wp:term":[{"taxonomy":"category","embeddable":true,"href":"https:\/\/linitiative.ca\/International\/wp-json\/wp\/v2\/categories?post=103847"},{"taxonomy":"post_tag","embeddable":true,"href":"https:\/\/linitiative.ca\/International\/wp-json\/wp\/v2\/tags?post=103847"}],"curies":[{"name":"wp","href":"https:\/\/api.w.org\/{rel}","templated":true}]}}