{"id":103848,"date":"2020-11-05T15:13:13","date_gmt":"2020-11-05T20:13:13","guid":{"rendered":"https:\/\/linitiative.ca\/International\/international-edf-aouar-les-explications-de-deschamps\/"},"modified":"2020-11-05T15:13:13","modified_gmt":"2020-11-05T20:13:13","slug":"international-edf-aouar-les-explications-de-deschamps","status":"publish","type":"post","link":"https:\/\/linitiative.ca\/International\/international-edf-aouar-les-explications-de-deschamps\/","title":{"rendered":"International : EdF : Aouar, les explications de Deschamps"},"content":{"rendered":"<div readability=\"32\">\n<p>Auteur : <span class=\"time\">jeudi 05 novembre 2020 20:31<\/span><\/p>\n<\/div>\n<div id=\"post_core\" readability=\"44\">\n<p>Pour le rassemblement de novembre, le s\u00e9lectionneur de l&rsquo;\u00e9quipe de France Didier Deschamps a d\u00e9cid\u00e9 de convoquer le milieu offensif du Betis S\u00e9ville Nabil Fekir, pr\u00e9f\u00e9r\u00e9 au joueur de l&rsquo;Olympique Lyonnais Houssem Aouar. Devant les m\u00e9dias ce jeudi, le technicien fran\u00e7ais a justifi\u00e9 l&rsquo;absence du Lyonnais: \u00ab\u00a0Aouar ? C\u2019est une question de rentabilit\u00e9 par rapport \u00e0 d\u2019autres joueurs, qui ont le m\u00eame profil et m\u2019apportent plus de garanties. Il est venu, mais se trouve \u00e0 la disposition de Sylvain Ripoll et des espoirs. J\u2019ai Nabil Fekir dans ce profil, il a un niveau de performance et un v\u00e9cu. Houssem est venu, on a vu certaines choses. Dans ce registre plus sp\u00e9cifique, je consid\u00e8re que Nabil donne plus de garanties\u00a0\u00bb, a lanc\u00e9 Deschamps. Autant dire qu&rsquo;Aouar n&rsquo;a pas marqu\u00e9 des points en octobre rapporte Maxifoot.fr.<\/p>\n<p><strong>Publi\u00e9 dans :<\/strong> <span>deschamps<\/span><\/p>\n<\/div>\n<p>Auteur:<br \/>\n<a href=\"http:\/\/www.lebuteur.com\/article\/detail?titre=edf-aouar-les-explications-de-deschamps&#038;id=97851&#038;utm_source=feedburner&#038;utm_medium=feed&#038;utm_campaign=Feed%3A+GalerieFArtciles+%28Les+derniers+articles++-+lebuteur.com%29\">Cliquez ici pour lire l&rsquo;article depuis sa source.<\/a><\/p>\n","protected":false},"excerpt":{"rendered":"<p>Auteur : jeudi 05 novembre 2020 20:31 Pour le rassemblement de novembre, le s\u00e9lectionneur de l&rsquo;\u00e9quipe de France Didier Deschamps a d\u00e9cid\u00e9 de convoquer le milieu offensif du Betis S\u00e9ville Nabil Fekir, pr\u00e9f\u00e9r\u00e9 au joueur de l&rsquo;Olympique Lyonnais Houssem Aouar. Devant les m\u00e9dias ce jeudi, le technicien fran\u00e7ais a justifi\u00e9 l&rsquo;absence du Lyonnais: \u00ab\u00a0Aouar ? [&hellip;]<\/p>\n","protected":false},"author":1738,"featured_media":103849,"comment_status":"closed","ping_status":"closed","sticky":false,"template":"","format":"standard","meta":{"fifu_image_url":"","fifu_image_alt":"","footnotes":""},"categories":[53,75],"tags":[],"class_list":["post-103848","post","type-post","status-publish","format-standard","has-post-thumbnail","hentry","category-algerie","category-sport"],"_links":{"self":[{"href":"https:\/\/linitiative.ca\/International\/wp-json\/wp\/v2\/posts\/103848","targetHints":{"allow":["GET"]}}],"collection":[{"href":"https:\/\/linitiative.ca\/International\/wp-json\/wp\/v2\/posts"}],"about":[{"href":"https:\/\/linitiative.ca\/International\/wp-json\/wp\/v2\/types\/post"}],"author":[{"embeddable":true,"href":"https:\/\/linitiative.ca\/International\/wp-json\/wp\/v2\/users\/1738"}],"replies":[{"embeddable":true,"href":"https:\/\/linitiative.ca\/International\/wp-json\/wp\/v2\/comments?post=103848"}],"version-history":[{"count":0,"href":"https:\/\/linitiative.ca\/International\/wp-json\/wp\/v2\/posts\/103848\/revisions"}],"wp:featuredmedia":[{"embeddable":true,"href":"https:\/\/linitiative.ca\/International\/wp-json\/"}],"wp:attachment":[{"href":"https:\/\/linitiative.ca\/International\/wp-json\/wp\/v2\/media?parent=103848"}],"wp:term":[{"taxonomy":"category","embeddable":true,"href":"https:\/\/linitiative.ca\/International\/wp-json\/wp\/v2\/categories?post=103848"},{"taxonomy":"post_tag","embeddable":true,"href":"https:\/\/linitiative.ca\/International\/wp-json\/wp\/v2\/tags?post=103848"}],"curies":[{"name":"wp","href":"https:\/\/api.w.org\/{rel}","templated":true}]}}