{"id":103856,"date":"2020-11-05T10:20:00","date_gmt":"2020-11-05T15:20:00","guid":{"rendered":"https:\/\/linitiative.ca\/International\/le-miel-de-bruyere-de-kroumirie-mogods-labellise\/"},"modified":"2020-11-05T10:20:00","modified_gmt":"2020-11-05T15:20:00","slug":"le-miel-de-bruyere-de-kroumirie-mogods-labellise","status":"publish","type":"post","link":"https:\/\/linitiative.ca\/International\/le-miel-de-bruyere-de-kroumirie-mogods-labellise\/","title":{"rendered":"Le miel de bruy\u00e8re de Kroumirie-Mogods labellis\u00e9"},"content":{"rendered":"<p>La lecture du Journal Officiel est souvent instructive pour les amateurs de produits bio. C\u2019est ainsi que le fameux miel de bruy\u00e8re de Kroumirie-Mogods vient de b\u00e9n\u00e9ficier d\u2019un arr\u00eat\u00e9 sp\u00e9cifiant les conditions de b\u00e9n\u00e9fice de l\u2019appellation d\u2019origine contr\u00f4l\u00e9e.<\/p>\n<p>Les facteurs d\u00e9terminants sont la zone g\u00e9ographique, d\u00e9limit\u00e9e par la r\u00e9gion de Kroumirie-Mogods, bord\u00e9e par la mer M\u00e9diterran\u00e9e au Nord, l\u2019oued Medjerda au Sud, la fronti\u00e8re alg\u00e9rienne \u00e0 l\u2019Ouest et la plaine de Bizerte-Mateur \u00e0 l\u2019Est, le produit lui-m\u00eame devant provenir de nectars butin\u00e9s par les abeilles sur les associations v\u00e9g\u00e9tales spontan\u00e9es et naturelles de bruy\u00e8re de la r\u00e9gion et des caract\u00e9ristiques physico-chimiques pr\u00e9cises. Le miel de bruy\u00e8re de Kroumirie-Mogods se distingue par son odeur li\u00e9e aux plantes sp\u00e9cifiques \u00e0 la r\u00e9gion telles que la bruy\u00e8re arborescente (Erica Arborea) et la bruy\u00e8re \u00e0 nombreuses fleurs (Erica multiflora). L\u2019aire g\u00e9ographique est caract\u00e9ris\u00e9e par la pr\u00e9sence d\u2019un massif montagneux tr\u00e8s diversifi\u00e9, repr\u00e9sent\u00e9 par les cha\u00eenons de Kroumirie et Mogods ayant des altitudes atteignant les 1 150 m et du lentisque pistachier qui est abondant \u00e0 une altitude de 800 \u00e0 1 000 m\u00e8tres au Nord de la Tunisie, \u00e0 450 m d\u2019altitude sur les versants nord des Kroumirie et 550 m sur les versants sud.<\/p>\n<p class=\"c2\"><strong><a href=\"https:\/\/www.leaders.com.tn\/le_mensuel_abonnez_vous\" target=\"_blank\" rel=\"noopener noreferrer\"><img loading=\"lazy\" decoding=\"async\" src=\"\/uploads\/FCK_files\/Bondou(12).jpg\" alt=\"\" width=\"500\" vspace=\"5\" hspace=\"5\" height=\"128\" align=\"middle\"\/><\/a><\/strong><\/p>\n<p>Auteur:<br \/>\n<a href=\"https:\/\/www.leaders.com.tn\/article\/30866-le-miel-de-bruyere-de-kroumirie-mogods-labellise\">Cliquez ici pour lire l&rsquo;article depuis sa source.<\/a><\/p>\n","protected":false},"excerpt":{"rendered":"<p>La lecture du Journal Officiel est souvent instructive pour les amateurs de produits bio. C\u2019est ainsi que le fameux miel de bruy\u00e8re de Kroumirie-Mogods vient de b\u00e9n\u00e9ficier d\u2019un arr\u00eat\u00e9 sp\u00e9cifiant les conditions de b\u00e9n\u00e9fice de l\u2019appellation d\u2019origine contr\u00f4l\u00e9e. Les facteurs d\u00e9terminants sont la zone g\u00e9ographique, d\u00e9limit\u00e9e par la r\u00e9gion de Kroumirie-Mogods, bord\u00e9e par la mer [&hellip;]<\/p>\n","protected":false},"author":1772,"featured_media":103857,"comment_status":"closed","ping_status":"closed","sticky":false,"template":"","format":"standard","meta":{"fifu_image_url":"","fifu_image_alt":"","footnotes":""},"categories":[73,55],"tags":[],"class_list":["post-103856","post","type-post","status-publish","format-standard","has-post-thumbnail","hentry","category-actualite","category-tunisie"],"_links":{"self":[{"href":"https:\/\/linitiative.ca\/International\/wp-json\/wp\/v2\/posts\/103856","targetHints":{"allow":["GET"]}}],"collection":[{"href":"https:\/\/linitiative.ca\/International\/wp-json\/wp\/v2\/posts"}],"about":[{"href":"https:\/\/linitiative.ca\/International\/wp-json\/wp\/v2\/types\/post"}],"author":[{"embeddable":true,"href":"https:\/\/linitiative.ca\/International\/wp-json\/wp\/v2\/users\/1772"}],"replies":[{"embeddable":true,"href":"https:\/\/linitiative.ca\/International\/wp-json\/wp\/v2\/comments?post=103856"}],"version-history":[{"count":0,"href":"https:\/\/linitiative.ca\/International\/wp-json\/wp\/v2\/posts\/103856\/revisions"}],"wp:featuredmedia":[{"embeddable":true,"href":"https:\/\/linitiative.ca\/International\/wp-json\/"}],"wp:attachment":[{"href":"https:\/\/linitiative.ca\/International\/wp-json\/wp\/v2\/media?parent=103856"}],"wp:term":[{"taxonomy":"category","embeddable":true,"href":"https:\/\/linitiative.ca\/International\/wp-json\/wp\/v2\/categories?post=103856"},{"taxonomy":"post_tag","embeddable":true,"href":"https:\/\/linitiative.ca\/International\/wp-json\/wp\/v2\/tags?post=103856"}],"curies":[{"name":"wp","href":"https:\/\/api.w.org\/{rel}","templated":true}]}}