{"id":103858,"date":"2020-11-05T10:59:00","date_gmt":"2020-11-05T15:59:00","guid":{"rendered":"https:\/\/linitiative.ca\/International\/ahmed-kedidi-lislam-est-en-crise-la-republique-aussi\/"},"modified":"2020-11-05T10:59:00","modified_gmt":"2020-11-05T15:59:00","slug":"ahmed-kedidi-lislam-est-en-crise-la-republique-aussi","status":"publish","type":"post","link":"https:\/\/linitiative.ca\/International\/ahmed-kedidi-lislam-est-en-crise-la-republique-aussi\/","title":{"rendered":"Ahmed Kedidi: L&rsquo;islam est en crise! La r\u00e9publique aussi!"},"content":{"rendered":"<p><span class=\"c3\"><span class=\"c2\"><em><strong><img decoding=\"async\" src=\"\/uploads\/FCK_files\/Ahmed-Kdidi.jpg\" alt=\"\" width=\"20%\" vspace=\"5\" hspace=\"5\" align=\"left\"\/>Par Ahmed Kedidi &#8211;<\/strong><\/em><\/span><\/span> Des actes terroristes condamnables sans aucune h\u00e9sitation ont frapp\u00e9 la soci\u00e9t\u00e9 fran\u00e7aise jusqu&rsquo;au c\u0153ur de sa fiert\u00e9: son \u00e9cole, \u00e0 laquelle je dois l&rsquo;\u00e9ducation la\u00efque de mes enfants. Le Pr\u00e9sident Macron avait parl\u00e9 d&rsquo;un Islam en crise, ce qui n&rsquo;est pas faux, mais incomplet. Ce sont les musulmans qui sont effectivement en crise, en France, beaucoup plus qu&rsquo;ailleurs, car, la soci\u00e9t\u00e9 fran\u00e7aise est \u00e9galement en crise. J&rsquo;en \u00e9tais t\u00e9moin depuis les ann\u00e9es de ma vie estudiantine \u00e0 la Sorbonne \u00e0 la fin des ann\u00e9es 70 lorsque, pendant que je travaillais sur ma th\u00e8se de doctorat d&rsquo;\u00c9tat, sous la direction de mon Maitre le Professeur Dominique Chevallier, ayant pour titre: (La r\u00e9surgence de l&rsquo;Islam politique, vue et analys\u00e9e par la presse fran\u00e7aise), un \u00e9v\u00e8nement majeur est venu couronner ma th\u00e8se comme une recherche acad\u00e9mique refl\u00e9tant l&rsquo;histoire instantan\u00e9e. Cet \u00e9v\u00e8nement comme vous le devinez fut l&rsquo;atterrissage du Boeing 747 d&rsquo;air France \u00e0 T\u00e9h\u00e9ran, le 19 d\u00e9cembre 1979, ramenant de Paris l&rsquo;Ayatollah Khomeini, annon\u00e7ant ainsi le d\u00e9but, sanglant et exclusif d&rsquo;une r\u00e9volution, qualifi\u00e9e par Michel Foucault, de \u00ab\u00a0plus grand \u00e9v\u00e8nement du 20eme si\u00e8cle\u00a0\u00bb. Un Islam politique est n\u00e9 du fin fond d&rsquo;une Perse shiite, mais cette r\u00e9volution a visage religieux, n&rsquo;\u00e9tait en r\u00e9alit\u00e9 qu&rsquo;un aboutissement f\u00e9roce d&rsquo;une guerre de classes, longtemps masqu\u00e9e par les fastes insolents des festivit\u00e9s historiques des 5000 ans de l&#8217;empire persan, sur fond de cadeaux fabuleux offerts aux chefs d&rsquo;\u00c9tats du monde entier, pr\u00e9sents a Pers\u00e9polis, pour donner aux caprices du Shah et de son \u00e9pouse Farah Diba, l&rsquo;aura et la cr\u00e9dibilit\u00e9, au moment ou des millions d&rsquo;iraniens vivaient dans la mis\u00e8re.<\/p>\n<p>La France, sous Giscard avait collabor\u00e9, avec les USA, \u00e0 instaurer la R\u00e9publique islamique en Iran et ainsi \u00e0 montrer aux peuples musulmans, sans le savoir, le chemin de la r\u00e9volution. Mais l&rsquo;\u00e9trange et curieuse contradiction fut que la France, les USA, et l&rsquo;Occident en g\u00e9n\u00e9ral avait continu\u00e9 \u00e0 soutenir des dictatures d&rsquo;un autre \u00e2ge, tout en voulant, secr\u00e8tement, les d\u00e9tr\u00f4ner! Mr Chirac, dans sa visite officielle a son ami Ben Ali, au moment ou le dictateur tuait sous la torture 48 d\u00e9tenus politiques, d\u00e9clarait que \u00ab\u00a0les v\u00e9ritables droits de l&rsquo;homme sont ceux de se nourrir, d&rsquo;aller \u00e0 l&rsquo;\u00e9cole et d&rsquo;avoir la s\u00e9curit\u00e9\u00a0\u00bb.<\/p>\n<p>Par ailleurs, la R\u00e9publique, depuis 1970, n&rsquo;a pas su g\u00e9rer l&rsquo;\u00e9pineux probl\u00e8me des communaut\u00e9s musulmanes, et des immigr\u00e9s. Gaullistes et socialistes avaient tour \u00e0 tour approch\u00e9 ces drames soci\u00e9taux sans strat\u00e9gie. Des g\u00e9n\u00e9rations de ces communaut\u00e9s n&rsquo;avaient connu que le discours haineux et d\u00e9magogique de Jean Marie Le Pen, car il \u00e9tait le plus r\u00e9pandu et le mieux diffus\u00e9. Un racisme ordinaire cohabitait avec les pr\u00e9rogatives de l&rsquo;\u00c9tat de droit! Des cites-HLM- poulaillers de confinement social (et communautaristes forcement) sont construites autour des m\u00e9tropoles, o\u00f9 pullulaient les drogues, les r\u00e9voltes sourdes, et enfin une radicalisation n\u00e9faste et incontr\u00f4l\u00e9e. Des r\u00e9gimes obscurantistes comme le Saoudien, sont venus (par charit\u00e9 na\u00efve et criminelle) en doctriner les enfants de ces banlieues, pr\u00e9par\u00e9s \u00e0 un lavage de cerveau, planifi\u00e9 depuis Riadh! Avec la b\u00e9n\u00e9diction des maires, qui, a l&rsquo;\u00e9poque, ne voyaient pas venir l&rsquo;Hydre du s\u00e9paratisme, qu&rsquo;\u00e9voque en 2020 le Pr\u00e9sident Macron!<\/p>\n<p>Il est vrai, donc que les musulmans sont en crise, et non l&rsquo;Islam, et que l&rsquo;\u00e9lite politique fran\u00e7aise est en crise, et non la R\u00e9publique! Le malentendu profond et mill\u00e9naire entre les deux cultures est de retour.<\/p>\n<p>La R\u00e9publique, qui avait \u00e9rig\u00e9 une loi (Gayssot, du 13 juillet 1990) pour prot\u00e9ger la m\u00e9moire de la Shoa juive, n&rsquo;a pas pu \u00e9riger une loi, prot\u00e9geant le sacr\u00e9 des diff\u00e9rentes fois et religions, dont l&rsquo;Islam. Je ne comprends pas l&rsquo;aveuglement des pouvoirs publics devant une caricature pr\u00e9sentant le Proph\u00e8te Mohamed, avec en guise de turban, une bombe avec sa m\u00e8che allum\u00e9e!Cette caricature \u00e9tait capable de semer la confusion, et de pr\u00e9senter chaque musulman aux yeux des citoyens, comme un terroriste. L&rsquo;extr\u00eame droite en a fait \u00ab\u00a0un symbole\u00a0\u00bb, d\u00e9tournant le principe de la libert\u00e9 d&rsquo;expression, vers une libert\u00e9 de designer chaque jeune fran\u00e7ais musulman, comme terroriste, puisque son Proph\u00e8ten&rsquo;est qu&rsquo;une bombe pr\u00eate \u00e0 tuer!<\/p>\n<p>Je suis d&rsquo;accord avec Hugo Micheron (de Princeton) lorsqu&rsquo;il dit aujourd&rsquo;hui: \u00ab\u00a0la salafisation de l&rsquo;Islam est en cours\u00a0\u00bb et j&rsquo;ajoute que \u00ab\u00a0l&rsquo;aveuglement des \u00e9lites politiques en Occident est \u00e9galement en cours\u00a0\u00bb. La v\u00e9ritable crise est celle d&rsquo;une civilisation en qu\u00eate de rep\u00e8res et de valeurs.<\/p>\n<p class=\"c4\"><strong>Ahmed Kedidi<\/strong><br \/><span class=\"c2\"><em>Ancien Ambassadeur de Tunisie, auteur de: Islam-Occident, Histoire mill\u00e9naire d&rsquo;un malentendu (ed. lapens\u00e9e universelle 1989)<br \/>et (l&rsquo;image de l&rsquo;Islam en Occident et l&rsquo;image de l&rsquo;Occident en Islam .ed. eurabe Paris 1994) Docteur d&rsquo;\u00c9tat de la Sorbonne<\/em><\/span><br \/>\u00a0<\/p>\n<p>Auteur:<br \/>\n<a href=\"https:\/\/www.leaders.com.tn\/article\/30867-ahmed-kedidi-l-islam-est-en-crise-la-republique-aussi\">Cliquez ici pour lire l&rsquo;article depuis sa source.<\/a><\/p>\n","protected":false},"excerpt":{"rendered":"<p>Par Ahmed Kedidi &#8211; Des actes terroristes condamnables sans aucune h\u00e9sitation ont frapp\u00e9 la soci\u00e9t\u00e9 fran\u00e7aise jusqu&rsquo;au c\u0153ur de sa fiert\u00e9: son \u00e9cole, \u00e0 laquelle je dois l&rsquo;\u00e9ducation la\u00efque de mes enfants. Le Pr\u00e9sident Macron avait parl\u00e9 d&rsquo;un Islam en crise, ce qui n&rsquo;est pas faux, mais incomplet. Ce sont les musulmans qui sont effectivement [&hellip;]<\/p>\n","protected":false},"author":1772,"featured_media":103859,"comment_status":"closed","ping_status":"closed","sticky":false,"template":"","format":"standard","meta":{"fifu_image_url":"","fifu_image_alt":"","footnotes":""},"categories":[73,55],"tags":[],"class_list":["post-103858","post","type-post","status-publish","format-standard","has-post-thumbnail","hentry","category-actualite","category-tunisie"],"_links":{"self":[{"href":"https:\/\/linitiative.ca\/International\/wp-json\/wp\/v2\/posts\/103858","targetHints":{"allow":["GET"]}}],"collection":[{"href":"https:\/\/linitiative.ca\/International\/wp-json\/wp\/v2\/posts"}],"about":[{"href":"https:\/\/linitiative.ca\/International\/wp-json\/wp\/v2\/types\/post"}],"author":[{"embeddable":true,"href":"https:\/\/linitiative.ca\/International\/wp-json\/wp\/v2\/users\/1772"}],"replies":[{"embeddable":true,"href":"https:\/\/linitiative.ca\/International\/wp-json\/wp\/v2\/comments?post=103858"}],"version-history":[{"count":0,"href":"https:\/\/linitiative.ca\/International\/wp-json\/wp\/v2\/posts\/103858\/revisions"}],"wp:featuredmedia":[{"embeddable":true,"href":"https:\/\/linitiative.ca\/International\/wp-json\/"}],"wp:attachment":[{"href":"https:\/\/linitiative.ca\/International\/wp-json\/wp\/v2\/media?parent=103858"}],"wp:term":[{"taxonomy":"category","embeddable":true,"href":"https:\/\/linitiative.ca\/International\/wp-json\/wp\/v2\/categories?post=103858"},{"taxonomy":"post_tag","embeddable":true,"href":"https:\/\/linitiative.ca\/International\/wp-json\/wp\/v2\/tags?post=103858"}],"curies":[{"name":"wp","href":"https:\/\/api.w.org\/{rel}","templated":true}]}}