{"id":103864,"date":"2020-11-05T16:18:39","date_gmt":"2020-11-05T21:18:39","guid":{"rendered":"https:\/\/linitiative.ca\/International\/tunisie-hommage-a-feu-le-dr-farouk-benna-de-la-part-de-ses-amis\/"},"modified":"2020-11-05T16:18:39","modified_gmt":"2020-11-05T21:18:39","slug":"tunisie-hommage-a-feu-le-dr-farouk-benna-de-la-part-de-ses-amis","status":"publish","type":"post","link":"https:\/\/linitiative.ca\/International\/tunisie-hommage-a-feu-le-dr-farouk-benna-de-la-part-de-ses-amis\/","title":{"rendered":"Tunisie \u2013 Hommage \u00e0 Feu le Dr Farouk Benna de la part de ses amis"},"content":{"rendered":"<div class=\"post-cont-in left relative\">\n<div id=\"post-info-wrap\" class=\"left relative post-info-out\">\n<div class=\"post-info-img left relative\"><img loading=\"lazy\" decoding=\"async\" alt=\"\" src=\"https:\/\/secure.gravatar.com\/avatar\/047123be9d5e8513774383916ee72db2?s=50&amp;d=mm&amp;r=g\" srcset=\"https:\/\/secure.gravatar.com\/avatar\/047123be9d5e8513774383916ee72db2?s=100&amp;d=mm&amp;r=g 2x\" class=\"avatar avatar-50 photo\" height=\"50\" width=\"50\"\/><\/div>\n<div class=\"post-info-in\">\n<div class=\"post-info-right left relative post-info-name left relative\"><span itemprop=\"author\" itemscope=\"\" itemtype=\"https:\/\/schema.org\/Person\"><span class=\"post-info-text\">Par<\/span> <span class=\"author-name vcard fn author\" itemprop=\"name\"><a href=\"https:\/\/www.tunisienumerique.com\/author\/lm\/\" title=\"Articles par LM\" rel=\"author\">LM<\/a><\/span><\/span> <span class=\"post-date updated\"><time class=\"post-date updated\" itemprop=\"datePublished\" datetime=\"2020-11-05\">\u00a0| Il y a 1 heure<\/time><\/span><\/div>\n<div class=\"left relative\"><button id=\"listenButton1\" class=\"responsivevoice-button\" type=\"button\" value=\"Play\" title=\"&#xC9;coutez l'article\"><span>\ud83d\udd0a \u00c9coutez l&rsquo;article<\/span><\/button> <\/div>\n<\/div>\n<\/div>\n<p>In Memoriam\u00a0\u2013 Pr Farouk Benna*<\/p>\n<div class=\"code-block code-block-1 c4\"><ins class=\"adsbygoogle c3\" data-ad-layout=\"in-article\" data-ad-format=\"fluid\" data-ad-client=\"ca-pub-2102118777505746\" data-ad-slot=\"7301775417\"\/> <\/div>\n<p>La Tunisie et le corps m\u00e9dical en particulier, viennent de perdre un de leur valeureux enfants, le Pr Farouk Benna l\u2019un des pionniers de la Radioth\u00e9rapie m\u00e9dicale. Sp\u00e9cialit\u00e9 balbutiante dans le pays, il y a quelques d\u00e9cades, qui n\u00e9cessitait un lourd investissement humain et, surtout, mat\u00e9riel, \u00e0 la pointe du progr\u00e8s m\u00e9dical, elle fut laborieusement d\u00e9velopp\u00e9e a l\u2019institut de canc\u00e9rologie Salah Azaiez de Tunis,\u00a0\u00a0par\u00a0\u00a0une \u00e9quipe de praticiens, chapeaut\u00e9e par Feu le Pr B Attia et dont le Pr Benna faisait partie. Ensemble, les membres de cette \u00e9quipe de pionniers ont, patiemment, form\u00e9 de multiples praticiens qui sont devenus rompus \u00e0 cette sp\u00e9cialit\u00e9 exigeante.<\/p>\n<p>Pr Benna, en particulier, y a consacr\u00e9 toute sa vie, apr\u00e8s avoir peaufin\u00e9 sa formation au prestigieux institut de carcinologie Gustave Roussy \u00e0 Paris. C\u2019\u00e9tait une personnalit\u00e9 d\u00e9cal\u00e9e; jeune \u00e9tudiant, il \u00e9tait le dernier \u00e0 arriver aux cours\u2026 Mais le premier \u00e0 d\u00e9crocher ses certificats. Il nous sid\u00e9rait par ses mani\u00e8res intempestives et son allure nonchalante,\u00a0\u00a0m\u00e9lang\u00e9es \u00e0 une rare bonhomie et une jovialit\u00e9 qui enchantaient ses nombreux amis et confr\u00e8res, qui cachaient, en fait, une grande t\u00e9nacit\u00e9 et une pers\u00e9v\u00e9rance \u00e0 toute \u00e9preuve, dont lui sont reconnaissants les dizaines de milliers de patients qui ont profit\u00e9 de ses comp\u00e9tences et de ses soins.<\/p>\n<p>Malheureusement la grande faucheuse ne l\u2019a pas \u00e9pargn\u00e9, en ce mois d\u2019octobre, alors qu\u2019il avait encore de grands projets pour hisser la radioth\u00e9rapie tunisienne avec ses exigences tr\u00e8s techniques aux normes internationales.<\/p>\n<p>Nous venons de perdre l\u2019ami de toute une vie, un grand praticien, un homme aux qualit\u00e9s humaines remarquables, dont peut s\u2019enorgueillir la m\u00e9decine tunisienne. Nous voudrions lui rendre un dernier hommage avec cette citation de saint Exup\u00e9ry tir\u00e9e du roman\u00a0\u00a0\u00ab Terre des hommes \u00bb, qui r\u00e9sume \u00e0 elle seule, le chagrin et la d\u00e9solation que sa disparition a engendr\u00e9 chez ses amis ; \u00ab\u00a0\u00a0Rien, jamais en effet, ne remplacera le compagnon perdu, on ne se cr\u00e9e point de vieux camarades. Rien ne vaut le tr\u00e9sor de tant de souvenirs communs de tant de mauvaises heures v\u00e9cues ensemble, de tant de brouilles, de r\u00e9conciliations, de mouvements du c\u0153ur. On ne reconstruit pas ces amiti\u00e9s l\u00e0. Il est vain si l\u2019on plante un ch\u00eane d\u2019esp\u00e9rer s\u2019abriter bient\u00f4t sous son feuillage \u00bb.<\/p>\n<p>Tes confr\u00e8res et amis intimes qui ont partag\u00e9 avec toi, tout le long de ta carri\u00e8re, tant de souvenirs et tant de joies sont envahis par une infinie tristesse, suite \u00e0 ta disparition.<\/p>\n<p>Adieu cher ami, ton souvenir restera imp\u00e9rissable.<\/p>\n<p>*Pr Farouk Benna<\/p>\n<ul>\n<li>Docteur en m\u00e9decine<\/li>\n<li>Ancien Professeur de radioth\u00e9rapie oncologique \u00e0 la facult\u00e9 de m\u00e9decine de Tunis<\/li>\n<li>Ancien chef de service de radioth\u00e9rapie oncologie a l\u2019institut Salah Azaiez de Tunis<\/li>\n<li>Ancien assistant a l\u2019institut Gustave Roussy de Paris<\/li>\n<li>Ancien vice pr\u00e9sident de la soci\u00e9t\u00e9 tunisienne de radiologie<\/li>\n<li>Ancien vice pr\u00e9sident du conseil de l\u2019ordre r\u00e9gional des m\u00e9decins de Tunis<\/li>\n<li>Fondateur de l\u2019association tunisienne des malades du cancer du sein<\/li>\n<li>Membre d\u2019associations internationales de canc\u00e9rologie (ESGO ASCO ESMO \u2026)<\/li>\n<\/ul>\n<p class=\"c5\">\u00a0Les amis de Farouk<\/p>\n<p><u>NDLR<\/u> : Cet hommage sign\u00e9 des amis de Farouk, ne repr\u00e9sente pas, seulement, leur sentiment, suite \u00e0 la perte de leur ami, mais encore celui de sa famille, de ses \u00e9tudiants, de ses coll\u00e8gues, de ses collaborateurs et, surtout, des dizaines de milliers de tunisiens et de tunisiennes dont il a largement, contribu\u00e9 \u00e0 sauver la vie !<\/p>\n<div class=\"swp_social_panel swp_horizontal_panel swp_flat_fresh swp_default_full_color swp_individual_full_color swp_other_full_color scale-100 scale-\" data-min-width=\"1100\" data-float-color=\"#ffffff\" data-float=\"bottom\" data-float-mobile=\"bottom\" data-transition=\"slide\">\n<div class=\"nc_tweetContainer swp_share_button total_shares total_sharesalt\"><span class=\"swp_count\">7 <span class=\"swp_label\">Partages<\/span><\/span><\/div>\n<\/div>\n<p><strong>Que se passe-t-il en Tunisie?<\/strong><br \/>Nous expliquons sur notre <a href=\"https:\/\/www.youtube.com\/channel\/UCRzypVq0B_yBad5eGrwBx0Q?sub_confirmation=1\" target=\"_blank\" rel=\"noopener noreferrer\">cha\u00eene YouTube<\/a> . <a href=\"https:\/\/www.youtube.com\/channel\/UCRzypVq0B_yBad5eGrwBx0Q?sub_confirmation=1\" target=\"_blank\" rel=\"noopener noreferrer\">Abonnez-vous!<\/a><\/p>\n<div class=\"mvp-org-wrap mvp-org-logo\" itemprop=\"publisher\" itemscope=\"\" itemtype=\"https:\/\/schema.org\/Organization\"><img decoding=\"async\" src=\"https:\/\/www.tunisienumerique.com\/wp-content\/uploads\/2017\/02\/logo_tunisie_numerique.png\"\/><\/div>\n<div class=\"mvp-related-posts left relative\">\n<h4 class=\"post-header\"><span class=\"post-header\">Lire aussi<\/span><\/h4>\n<\/div>\n<div id=\"article-ad\"><ins class=\"adsbygoogle c6\" data-ad-client=\"ca-pub-2102118777505746\" data-ad-slot=\"6513972734\" data-ad-format=\"auto\" data-full-width-responsive=\"true\"\/> <\/div>\n<\/div>\n<div id=\"post-sidebar-wrap\"><ins class=\"adsbygoogle c6\" data-ad-client=\"ca-pub-2102118777505746\" data-ad-slot=\"6168283410\" data-ad-format=\"auto\" data-full-width-responsive=\"true\"\/> <\/div>\n<p>Auteur: LM<br \/>\n<a href=\"https:\/\/www.tunisienumerique.com\/tunisie-hommage-a-feu-le-dr-farouk-benna-de-la-part-de-ses-amis\/\">Cliquez ici pour lire l&rsquo;article depuis sa source.<\/a><\/p>\n","protected":false},"excerpt":{"rendered":"<p>Par LM \u00a0| Il y a 1 heure \ud83d\udd0a \u00c9coutez l&rsquo;article In Memoriam\u00a0\u2013 Pr Farouk Benna* La Tunisie et le corps m\u00e9dical en particulier, viennent de perdre un de leur valeureux enfants, le Pr Farouk Benna l\u2019un des pionniers de la Radioth\u00e9rapie m\u00e9dicale. Sp\u00e9cialit\u00e9 balbutiante dans le pays, il y a quelques d\u00e9cades, qui n\u00e9cessitait [&hellip;]<\/p>\n","protected":false},"author":1789,"featured_media":0,"comment_status":"closed","ping_status":"closed","sticky":false,"template":"","format":"standard","meta":{"fifu_image_url":"","fifu_image_alt":"","footnotes":""},"categories":[73,55],"tags":[],"class_list":["post-103864","post","type-post","status-publish","format-standard","hentry","category-actualite","category-tunisie"],"_links":{"self":[{"href":"https:\/\/linitiative.ca\/International\/wp-json\/wp\/v2\/posts\/103864","targetHints":{"allow":["GET"]}}],"collection":[{"href":"https:\/\/linitiative.ca\/International\/wp-json\/wp\/v2\/posts"}],"about":[{"href":"https:\/\/linitiative.ca\/International\/wp-json\/wp\/v2\/types\/post"}],"author":[{"embeddable":true,"href":"https:\/\/linitiative.ca\/International\/wp-json\/wp\/v2\/users\/1789"}],"replies":[{"embeddable":true,"href":"https:\/\/linitiative.ca\/International\/wp-json\/wp\/v2\/comments?post=103864"}],"version-history":[{"count":0,"href":"https:\/\/linitiative.ca\/International\/wp-json\/wp\/v2\/posts\/103864\/revisions"}],"wp:attachment":[{"href":"https:\/\/linitiative.ca\/International\/wp-json\/wp\/v2\/media?parent=103864"}],"wp:term":[{"taxonomy":"category","embeddable":true,"href":"https:\/\/linitiative.ca\/International\/wp-json\/wp\/v2\/categories?post=103864"},{"taxonomy":"post_tag","embeddable":true,"href":"https:\/\/linitiative.ca\/International\/wp-json\/wp\/v2\/tags?post=103864"}],"curies":[{"name":"wp","href":"https:\/\/api.w.org\/{rel}","templated":true}]}}